{"id":37406,"date":"2016-11-07T14:29:57","date_gmt":"2016-11-07T20:29:57","guid":{"rendered":"http:\/\/laredsocial-noticias.com\/wp\/?p=37406"},"modified":"2016-11-07T15:30:05","modified_gmt":"2016-11-07T20:30:05","slug":"pena-nieto-llama-a-sociedad-y-gobierno-a-establecer-agenda-de-seguridad","status":"publish","type":"post","link":"https:\/\/laredsocial-noticias.com\/wp\/pena-nieto-llama-a-sociedad-y-gobierno-a-establecer-agenda-de-seguridad\/","title":{"rendered":"Pe\u00f1a Nieto llama a sociedad y gobierno a establecer agenda de seguridad"},"content":{"rendered":"<p><strong>CIUDAD DE M\u00c9XICO, 07 de noviembre, (ATIZAP\u00c1N HOY \/ C\u00cdRCULO DIGITAL).-\u00a0<\/strong>El presidente Enrique Pe\u00f1a Nieto llam\u00f3 a sociedad y gobierno a establecer una agenda para los pr\u00f3ximos dos a\u00f1os, que permita afinar y definir la pol\u00edtica p\u00fablica que en materia de seguridad p\u00fablica debe seguir el Estado mexicano.<\/p>\n<p>Al inaugurar el Quinto Foro Nacional \u201cSumemos causas, por la seguridad: ciudadanos + polic\u00edas\u201d, destac\u00f3 las acciones desarrolladas por su gobierno en este \u00e1mbito, como la entrada en vigor del n\u00famero telef\u00f3nico de emergencia 911 a nivel nacional y la profesionalizaci\u00f3n de las polic\u00edas, particularmente la Federal.<\/p>\n<p>Destac\u00f3 que en c\u00e1rceles federales no hay sobrepoblaci\u00f3n, aunque s\u00ed en las de orden local, y resalt\u00f3 los operativos especiales en algunas zonas del pa\u00eds para el combate contra la delincuencia.<\/p>\n<p>El mandatario subray\u00f3 que esos operativos federales son subsidiarios y enfocados a dar un respaldo temporal a las autoridades estatales y municipales, para que ellas emprendan esfuerzos propios en favor de la seguridad.<\/p>\n","protected":false},"excerpt":{"rendered":"<p>CIUDAD DE M\u00c9XICO, 07 de noviembre, (ATIZAP\u00c1N HOY \/ C\u00cdRCULO DIGITAL).-\u00a0El presidente Enrique Pe\u00f1a Nieto llam\u00f3 a sociedad y gobierno&#8230;<\/p>\n","protected":false},"author":1,"featured_media":0,"comment_status":"closed","ping_status":"closed","sticky":false,"template":"","format":"standard","meta":{"footnotes":""},"categories":[1796,73],"tags":[332,77],"class_list":["post-37406","post","type-post","status-publish","format-standard","hentry","category-circulodigital","category-principal","tag-mexico","tag-principal"],"yoast_head":"<!-- This site is optimized with the Yoast SEO plugin v26.5 - https:\/\/yoast.com\/wordpress\/plugins\/seo\/ -->\n<title>Pe\u00f1a Nieto llama a sociedad y gobierno a establecer agenda de seguridad - NOTICIAS<\/title>\n<meta name=\"robots\" content=\"index, follow, max-snippet:-1, max-image-preview:large, max-video-preview:-1\" \/>\n<link rel=\"canonical\" href=\"https:\/\/laredsocial-noticias.com\/wp\/pena-nieto-llama-a-sociedad-y-gobierno-a-establecer-agenda-de-seguridad\/\" \/>\n<meta property=\"og:locale\" content=\"es_ES\" \/>\n<meta property=\"og:type\" content=\"article\" \/>\n<meta property=\"og:title\" content=\"Pe\u00f1a Nieto llama a sociedad y gobierno a establecer agenda de seguridad - NOTICIAS\" \/>\n<meta property=\"og:description\" content=\"CIUDAD DE M\u00c9XICO, 07 de noviembre, (ATIZAP\u00c1N HOY \/ C\u00cdRCULO DIGITAL).-\u00a0El presidente Enrique Pe\u00f1a Nieto llam\u00f3 a sociedad y gobierno...\" \/>\n<meta property=\"og:url\" content=\"https:\/\/laredsocial-noticias.com\/wp\/pena-nieto-llama-a-sociedad-y-gobierno-a-establecer-agenda-de-seguridad\/\" \/>\n<meta property=\"og:site_name\" content=\"NOTICIAS\" \/>\n<meta property=\"article:published_time\" content=\"2016-11-07T20:29:57+00:00\" \/>\n<meta property=\"article:modified_time\" content=\"2016-11-07T20:30:05+00:00\" \/>\n<meta property=\"og:image\" content=\"https:\/\/laredsocial-noticias.com\/wp\/wp-content\/uploads\/2016\/11\/pen\u0303anieto.jpg\" \/>\n\t<meta property=\"og:image:width\" content=\"650\" \/>\n\t<meta property=\"og:image:height\" content=\"370\" \/>\n\t<meta property=\"og:image:type\" content=\"image\/jpeg\" \/>\n<meta name=\"author\" content=\"Editor en Jefe\" \/>\n<meta name=\"twitter:card\" content=\"summary_large_image\" \/>\n<meta name=\"twitter:label1\" content=\"Escrito por\" \/>\n\t<meta name=\"twitter:data1\" content=\"Editor en Jefe\" \/>\n\t<meta name=\"twitter:label2\" content=\"Tiempo de lectura\" \/>\n\t<meta name=\"twitter:data2\" content=\"1 minuto\" \/>\n<!-- \/ Yoast SEO plugin. -->","yoast_head_json":{"title":"Pe\u00f1a Nieto llama a sociedad y gobierno a establecer agenda de seguridad - NOTICIAS","robots":{"index":"index","follow":"follow","max-snippet":"max-snippet:-1","max-image-preview":"max-image-preview:large","max-video-preview":"max-video-preview:-1"},"canonical":"https:\/\/laredsocial-noticias.com\/wp\/pena-nieto-llama-a-sociedad-y-gobierno-a-establecer-agenda-de-seguridad\/","og_locale":"es_ES","og_type":"article","og_title":"Pe\u00f1a Nieto llama a sociedad y gobierno a establecer agenda de seguridad - NOTICIAS","og_description":"CIUDAD DE M\u00c9XICO, 07 de noviembre, (ATIZAP\u00c1N HOY \/ C\u00cdRCULO DIGITAL).-\u00a0El presidente Enrique Pe\u00f1a Nieto llam\u00f3 a sociedad y gobierno...","og_url":"https:\/\/laredsocial-noticias.com\/wp\/pena-nieto-llama-a-sociedad-y-gobierno-a-establecer-agenda-de-seguridad\/","og_site_name":"NOTICIAS","article_published_time":"2016-11-07T20:29:57+00:00","article_modified_time":"2016-11-07T20:30:05+00:00","og_image":[{"width":650,"height":370,"url":"https:\/\/laredsocial-noticias.com\/wp\/wp-content\/uploads\/2016\/11\/pen\u0303anieto.jpg","type":"image\/jpeg"}],"author":"Editor en Jefe","twitter_card":"summary_large_image","twitter_misc":{"Escrito por":"Editor en Jefe","Tiempo de lectura":"1 minuto"},"schema":{"@context":"https:\/\/schema.org","@graph":[{"@type":"WebPage","@id":"https:\/\/laredsocial-noticias.com\/wp\/pena-nieto-llama-a-sociedad-y-gobierno-a-establecer-agenda-de-seguridad\/","url":"https:\/\/laredsocial-noticias.com\/wp\/pena-nieto-llama-a-sociedad-y-gobierno-a-establecer-agenda-de-seguridad\/","name":"Pe\u00f1a Nieto llama a sociedad y gobierno a establecer agenda de seguridad - NOTICIAS","isPartOf":{"@id":"https:\/\/laredsocial-noticias.com\/wp\/#website"},"datePublished":"2016-11-07T20:29:57+00:00","dateModified":"2016-11-07T20:30:05+00:00","author":{"@id":"https:\/\/laredsocial-noticias.com\/wp\/#\/schema\/person\/0ce78643f2de7aae6f6ef10e8453a6e0"},"breadcrumb":{"@id":"https:\/\/laredsocial-noticias.com\/wp\/pena-nieto-llama-a-sociedad-y-gobierno-a-establecer-agenda-de-seguridad\/#breadcrumb"},"inLanguage":"es","potentialAction":[{"@type":"ReadAction","target":["https:\/\/laredsocial-noticias.com\/wp\/pena-nieto-llama-a-sociedad-y-gobierno-a-establecer-agenda-de-seguridad\/"]}]},{"@type":"BreadcrumbList","@id":"https:\/\/laredsocial-noticias.com\/wp\/pena-nieto-llama-a-sociedad-y-gobierno-a-establecer-agenda-de-seguridad\/#breadcrumb","itemListElement":[{"@type":"ListItem","position":1,"name":"Portada","item":"https:\/\/laredsocial-noticias.com\/wp\/"},{"@type":"ListItem","position":2,"name":"Pe\u00f1a Nieto llama a sociedad y gobierno a establecer agenda de seguridad"}]},{"@type":"WebSite","@id":"https:\/\/laredsocial-noticias.com\/wp\/#website","url":"https:\/\/laredsocial-noticias.com\/wp\/","name":"NOTICIAS","description":"Lo que se ve y se dice en las redes sociales","potentialAction":[{"@type":"SearchAction","target":{"@type":"EntryPoint","urlTemplate":"https:\/\/laredsocial-noticias.com\/wp\/?s={search_term_string}"},"query-input":{"@type":"PropertyValueSpecification","valueRequired":true,"valueName":"search_term_string"}}],"inLanguage":"es"},{"@type":"Person","@id":"https:\/\/laredsocial-noticias.com\/wp\/#\/schema\/person\/0ce78643f2de7aae6f6ef10e8453a6e0","name":"Editor en Jefe","url":"https:\/\/laredsocial-noticias.com\/wp\/author\/jorgeochoa\/"}]}},"_links":{"self":[{"href":"https:\/\/laredsocial-noticias.com\/wp\/wp-json\/wp\/v2\/posts\/37406","targetHints":{"allow":["GET"]}}],"collection":[{"href":"https:\/\/laredsocial-noticias.com\/wp\/wp-json\/wp\/v2\/posts"}],"about":[{"href":"https:\/\/laredsocial-noticias.com\/wp\/wp-json\/wp\/v2\/types\/post"}],"author":[{"embeddable":true,"href":"https:\/\/laredsocial-noticias.com\/wp\/wp-json\/wp\/v2\/users\/1"}],"replies":[{"embeddable":true,"href":"https:\/\/laredsocial-noticias.com\/wp\/wp-json\/wp\/v2\/comments?post=37406"}],"version-history":[{"count":1,"href":"https:\/\/laredsocial-noticias.com\/wp\/wp-json\/wp\/v2\/posts\/37406\/revisions"}],"predecessor-version":[{"id":37407,"href":"https:\/\/laredsocial-noticias.com\/wp\/wp-json\/wp\/v2\/posts\/37406\/revisions\/37407"}],"wp:attachment":[{"href":"https:\/\/laredsocial-noticias.com\/wp\/wp-json\/wp\/v2\/media?parent=37406"}],"wp:term":[{"taxonomy":"category","embeddable":true,"href":"https:\/\/laredsocial-noticias.com\/wp\/wp-json\/wp\/v2\/categories?post=37406"},{"taxonomy":"post_tag","embeddable":true,"href":"https:\/\/laredsocial-noticias.com\/wp\/wp-json\/wp\/v2\/tags?post=37406"}],"curies":[{"name":"wp","href":"https:\/\/api.w.org\/{rel}","templated":true}]}}