{"id":37673,"date":"2016-11-08T18:59:37","date_gmt":"2016-11-09T00:59:37","guid":{"rendered":"http:\/\/laredsocial-noticias.com\/wp\/?p=37673"},"modified":"2016-11-08T19:49:29","modified_gmt":"2016-11-09T00:49:29","slug":"canal-nacional-condenado-a-desaparecer-si-no-se-reconoce-su-valor-ambiental-advierte-diputada-ana-rodriguez-ruiz%e2%80%83","status":"publish","type":"post","link":"https:\/\/laredsocial-noticias.com\/wp\/canal-nacional-condenado-a-desaparecer-si-no-se-reconoce-su-valor-ambiental-advierte-diputada-ana-rodriguez-ruiz%e2%80%83\/","title":{"rendered":"Canal Nacional condenado a desaparecer si no se reconoce su valor ambiental, advierte diputada Ana Rodr\u00edguez Ru\u00edz\u2003"},"content":{"rendered":"<p><strong>CIUDAD DE M\u00c9XICO, 08 de noviembre, (CDMX MAGAC\u00cdN\/C\u00cdRCULO DIGITAL).\u2014 <\/strong>Diversos especialistas, autoridades e integrantes de organizaciones civiles, reconocieron que el Canal Nacional es una zona que se mantiene con agua tratada, pero divergen en su valor ambiental, lo que dificulta la coordinaci\u00f3n y la aplicaci\u00f3n de recursos p\u00fablicos.<\/p>\n<p>De no actuar con prontitud, estar\u00e1 condenado a desaparecer por la voracidad urbana, advirti\u00f3 la diputada Ana Mar\u00eda Rodr\u00edguez Ru\u00edz, durante el desarrollo del Foro Canal Nacional, patrimonio cultural y ambiental de la Ciudad de M\u00e9xico.<\/p>\n<p>Actualmente el Canal Nacional es reconocido como Espacio Abierto Monumental por su valor art\u00edstico, cultural y de identidad para los pueblos y barrios que lo colindan, explic\u00f3 la legisladora. Sin embargo, se necesita reconocer su valor ambiental y definir claramente la instituci\u00f3n del Gobierno de la Ciudad de M\u00e9xico que debe ser la responsable principal del cuidado y mantenimiento integral del Canal Nacional.<\/p>\n<p>Es decir, a\u00f1adi\u00f3, impulsamos la emisi\u00f3n de un Plan de Manejo de Canal Nacional, Canal de Cuemanco, Canal de Chalco y la Ci\u00e9nega, que defina la autoridad encargada de coordinar la acci\u00f3n de todas las instituciones involucradas en darle vida a este patrimonio de la Ciudad, y a la cual se le deber\u00eda asignar anualmente el recurso necesario para hacer esta tarea.<\/p>\n<p>En la actualidad, dijo, esta zona registra diversos problemas en su mantenimiento, seguridad, basura e invasiones, por lo que plante\u00f3 la aplicaci\u00f3n de un plan h\u00eddrico, reforestaci\u00f3n, limpieza, saneamiento, poda y reforestaci\u00f3n, adem\u00e1s de retiro urgente de lirio.<\/p>\n<p>Ante lo cual, es necesario reconocer el trabajo de diversas organizaciones civiles como Club de Patos, el Colectivo San Francisco Culhuac\u00e1n, Bartola Axayacatl, Milpaktli, y demandaron participar en la elaboraci\u00f3n del Plan de Manejo.<\/p>\n<p>Se requiere, coment\u00f3 la legisladora del grupo parlamentario de morena, que la ciudadan\u00eda asuma tambi\u00e9n la responsabilidad de cuidar y amar al Canal Nacional, como lo hacen las organizaciones civiles.<\/p>\n<p>Para el recate del Canal Nacional, mantenimiento y garantizar un plan h\u00eddrico, la diputada consider\u00f3 necesario asignar recursos espec\u00edficos, por lo que presentar\u00e1 dos puntos de acuerdo ante el pleno de la Asamblea Legislativa.<\/p>\n<p>Asimismo reconoci\u00f3 el trabajo desarrollado en mesas de car\u00e1cter interinstitucional, coordinada hasta el momento por la Subsecretaria de Programas Delegacionales y Reordenamiento de V\u00eda P\u00fablica, que encabeza Francisco Acevedo y todo su equipo (Herbert S\u00e1nchez y Sandra \u00c1vila).<\/p>\n<p>Como resultado de estas mesas de trabajo, dijo, desarrollamos con \u00e9xito diferentes jornadas culturales, de limpieza y reforestaci\u00f3n en coordinaci\u00f3n con las autoridades de la Procuradur\u00eda Ambiental y del Ordenamiento Territorial, el Sistema de Aguas de la Ciudad de M\u00e9xico, la Secretar\u00eda de Medio Ambiente, la Secretaria de Obras y Servicios, a las Delegaciones de Tlalpan, Coyoac\u00e1n, Iztapalapa y Xochimilco.<\/p>\n","protected":false},"excerpt":{"rendered":"<p>CIUDAD DE M\u00c9XICO, 08 de noviembre, (CDMX MAGAC\u00cdN\/C\u00cdRCULO DIGITAL).\u2014 Diversos especialistas, autoridades e integrantes de organizaciones civiles, reconocieron que el&#8230;<\/p>\n","protected":false},"author":1,"featured_media":0,"comment_status":"closed","ping_status":"closed","sticky":false,"template":"","format":"standard","meta":{"footnotes":""},"categories":[91,1796,73],"tags":[261,77],"class_list":["post-37673","post","type-post","status-publish","format-standard","hentry","category-cdmx","category-circulodigital","category-principal","tag-cdmx","tag-principal"],"yoast_head":"<!-- This site is optimized with the Yoast SEO plugin v26.5 - https:\/\/yoast.com\/wordpress\/plugins\/seo\/ -->\n<title>Canal Nacional condenado a desaparecer si no se reconoce su valor ambiental, advierte diputada Ana Rodr\u00edguez Ru\u00edz\u2003 - NOTICIAS<\/title>\n<meta name=\"robots\" content=\"index, follow, max-snippet:-1, max-image-preview:large, max-video-preview:-1\" \/>\n<link rel=\"canonical\" href=\"https:\/\/laredsocial-noticias.com\/wp\/canal-nacional-condenado-a-desaparecer-si-no-se-reconoce-su-valor-ambiental-advierte-diputada-ana-rodriguez-ruiz\u2003\/\" \/>\n<meta property=\"og:locale\" content=\"es_ES\" \/>\n<meta property=\"og:type\" content=\"article\" \/>\n<meta property=\"og:title\" content=\"Canal Nacional condenado a desaparecer si no se reconoce su valor ambiental, advierte diputada Ana Rodr\u00edguez Ru\u00edz\u2003 - NOTICIAS\" \/>\n<meta property=\"og:description\" content=\"CIUDAD DE M\u00c9XICO, 08 de noviembre, (CDMX MAGAC\u00cdN\/C\u00cdRCULO DIGITAL).\u2014 Diversos especialistas, autoridades e integrantes de organizaciones civiles, reconocieron que el...\" \/>\n<meta property=\"og:url\" content=\"https:\/\/laredsocial-noticias.com\/wp\/canal-nacional-condenado-a-desaparecer-si-no-se-reconoce-su-valor-ambiental-advierte-diputada-ana-rodriguez-ruiz\u2003\/\" \/>\n<meta property=\"og:site_name\" content=\"NOTICIAS\" \/>\n<meta property=\"article:published_time\" content=\"2016-11-09T00:59:37+00:00\" \/>\n<meta property=\"og:image\" content=\"https:\/\/laredsocial-noticias.com\/wp\/wp-content\/uploads\/2016\/11\/Ana-Mar\u00eda-Rodr\u00edguez-Ru\u00edz.jpg\" \/>\n\t<meta property=\"og:image:width\" content=\"600\" \/>\n\t<meta property=\"og:image:height\" content=\"399\" \/>\n\t<meta property=\"og:image:type\" content=\"image\/jpeg\" \/>\n<meta name=\"author\" content=\"Editor en Jefe\" \/>\n<meta name=\"twitter:card\" content=\"summary_large_image\" \/>\n<meta name=\"twitter:label1\" content=\"Escrito por\" \/>\n\t<meta name=\"twitter:data1\" content=\"Editor en Jefe\" \/>\n\t<meta name=\"twitter:label2\" content=\"Tiempo de lectura\" \/>\n\t<meta name=\"twitter:data2\" content=\"2 minutos\" \/>\n<!-- \/ Yoast SEO plugin. -->","yoast_head_json":{"title":"Canal Nacional condenado a desaparecer si no se reconoce su valor ambiental, advierte diputada Ana Rodr\u00edguez Ru\u00edz\u2003 - NOTICIAS","robots":{"index":"index","follow":"follow","max-snippet":"max-snippet:-1","max-image-preview":"max-image-preview:large","max-video-preview":"max-video-preview:-1"},"canonical":"https:\/\/laredsocial-noticias.com\/wp\/canal-nacional-condenado-a-desaparecer-si-no-se-reconoce-su-valor-ambiental-advierte-diputada-ana-rodriguez-ruiz\u2003\/","og_locale":"es_ES","og_type":"article","og_title":"Canal Nacional condenado a desaparecer si no se reconoce su valor ambiental, advierte diputada Ana Rodr\u00edguez Ru\u00edz\u2003 - NOTICIAS","og_description":"CIUDAD DE M\u00c9XICO, 08 de noviembre, (CDMX MAGAC\u00cdN\/C\u00cdRCULO DIGITAL).\u2014 Diversos especialistas, autoridades e integrantes de organizaciones civiles, reconocieron que el...","og_url":"https:\/\/laredsocial-noticias.com\/wp\/canal-nacional-condenado-a-desaparecer-si-no-se-reconoce-su-valor-ambiental-advierte-diputada-ana-rodriguez-ruiz\u2003\/","og_site_name":"NOTICIAS","article_published_time":"2016-11-09T00:59:37+00:00","og_image":[{"width":600,"height":399,"url":"https:\/\/laredsocial-noticias.com\/wp\/wp-content\/uploads\/2016\/11\/Ana-Mar\u00eda-Rodr\u00edguez-Ru\u00edz.jpg","type":"image\/jpeg"}],"author":"Editor en Jefe","twitter_card":"summary_large_image","twitter_misc":{"Escrito por":"Editor en Jefe","Tiempo de lectura":"2 minutos"},"schema":{"@context":"https:\/\/schema.org","@graph":[{"@type":"WebPage","@id":"https:\/\/laredsocial-noticias.com\/wp\/canal-nacional-condenado-a-desaparecer-si-no-se-reconoce-su-valor-ambiental-advierte-diputada-ana-rodriguez-ruiz%e2%80%83\/","url":"https:\/\/laredsocial-noticias.com\/wp\/canal-nacional-condenado-a-desaparecer-si-no-se-reconoce-su-valor-ambiental-advierte-diputada-ana-rodriguez-ruiz%e2%80%83\/","name":"Canal Nacional condenado a desaparecer si no se reconoce su valor ambiental, advierte diputada Ana Rodr\u00edguez Ru\u00edz\u2003 - NOTICIAS","isPartOf":{"@id":"https:\/\/laredsocial-noticias.com\/wp\/#website"},"datePublished":"2016-11-09T00:59:37+00:00","author":{"@id":"https:\/\/laredsocial-noticias.com\/wp\/#\/schema\/person\/0ce78643f2de7aae6f6ef10e8453a6e0"},"breadcrumb":{"@id":"https:\/\/laredsocial-noticias.com\/wp\/canal-nacional-condenado-a-desaparecer-si-no-se-reconoce-su-valor-ambiental-advierte-diputada-ana-rodriguez-ruiz%e2%80%83\/#breadcrumb"},"inLanguage":"es","potentialAction":[{"@type":"ReadAction","target":["https:\/\/laredsocial-noticias.com\/wp\/canal-nacional-condenado-a-desaparecer-si-no-se-reconoce-su-valor-ambiental-advierte-diputada-ana-rodriguez-ruiz%e2%80%83\/"]}]},{"@type":"BreadcrumbList","@id":"https:\/\/laredsocial-noticias.com\/wp\/canal-nacional-condenado-a-desaparecer-si-no-se-reconoce-su-valor-ambiental-advierte-diputada-ana-rodriguez-ruiz%e2%80%83\/#breadcrumb","itemListElement":[{"@type":"ListItem","position":1,"name":"Portada","item":"https:\/\/laredsocial-noticias.com\/wp\/"},{"@type":"ListItem","position":2,"name":"Canal Nacional condenado a desaparecer si no se reconoce su valor ambiental, advierte diputada Ana Rodr\u00edguez Ru\u00edz\u2003"}]},{"@type":"WebSite","@id":"https:\/\/laredsocial-noticias.com\/wp\/#website","url":"https:\/\/laredsocial-noticias.com\/wp\/","name":"NOTICIAS","description":"Lo que se ve y se dice en las redes sociales","potentialAction":[{"@type":"SearchAction","target":{"@type":"EntryPoint","urlTemplate":"https:\/\/laredsocial-noticias.com\/wp\/?s={search_term_string}"},"query-input":{"@type":"PropertyValueSpecification","valueRequired":true,"valueName":"search_term_string"}}],"inLanguage":"es"},{"@type":"Person","@id":"https:\/\/laredsocial-noticias.com\/wp\/#\/schema\/person\/0ce78643f2de7aae6f6ef10e8453a6e0","name":"Editor en Jefe","url":"https:\/\/laredsocial-noticias.com\/wp\/author\/jorgeochoa\/"}]}},"_links":{"self":[{"href":"https:\/\/laredsocial-noticias.com\/wp\/wp-json\/wp\/v2\/posts\/37673","targetHints":{"allow":["GET"]}}],"collection":[{"href":"https:\/\/laredsocial-noticias.com\/wp\/wp-json\/wp\/v2\/posts"}],"about":[{"href":"https:\/\/laredsocial-noticias.com\/wp\/wp-json\/wp\/v2\/types\/post"}],"author":[{"embeddable":true,"href":"https:\/\/laredsocial-noticias.com\/wp\/wp-json\/wp\/v2\/users\/1"}],"replies":[{"embeddable":true,"href":"https:\/\/laredsocial-noticias.com\/wp\/wp-json\/wp\/v2\/comments?post=37673"}],"version-history":[{"count":1,"href":"https:\/\/laredsocial-noticias.com\/wp\/wp-json\/wp\/v2\/posts\/37673\/revisions"}],"predecessor-version":[{"id":37674,"href":"https:\/\/laredsocial-noticias.com\/wp\/wp-json\/wp\/v2\/posts\/37673\/revisions\/37674"}],"wp:attachment":[{"href":"https:\/\/laredsocial-noticias.com\/wp\/wp-json\/wp\/v2\/media?parent=37673"}],"wp:term":[{"taxonomy":"category","embeddable":true,"href":"https:\/\/laredsocial-noticias.com\/wp\/wp-json\/wp\/v2\/categories?post=37673"},{"taxonomy":"post_tag","embeddable":true,"href":"https:\/\/laredsocial-noticias.com\/wp\/wp-json\/wp\/v2\/tags?post=37673"}],"curies":[{"name":"wp","href":"https:\/\/api.w.org\/{rel}","templated":true}]}}