{"id":39843,"date":"2016-11-22T16:44:08","date_gmt":"2016-11-22T21:44:08","guid":{"rendered":"http:\/\/laredsocial-noticias.com\/wp\/?p=39843"},"modified":"2016-11-22T16:44:23","modified_gmt":"2016-11-22T21:44:23","slug":"moderniza-y-robustece-diconsa-el-par-para-llegar-a-mas-poblaciones","status":"publish","type":"post","link":"https:\/\/laredsocial-noticias.com\/wp\/moderniza-y-robustece-diconsa-el-par-para-llegar-a-mas-poblaciones\/","title":{"rendered":"Moderniza y robustece Diconsa el PAR para llegar a m\u00e1s poblaciones"},"content":{"rendered":"<p><strong>Cumple 37 a\u00f1os de llevar alimento a comunidades vulnerables<\/strong><\/p>\n<p><a href=\"http:\/\/laredsocial-noticias.com\/wp\/?attachment_id=39846\" rel=\"attachment wp-att-39846\"><img loading=\"lazy\" decoding=\"async\" class=\"aligncenter wp-image-39846\" src=\"http:\/\/laredsocial-noticias.com\/wp\/wp-content\/uploads\/2016\/11\/DICONSA.QRO_.3-300x200.jpg\" alt=\"diconsa-qro-3\" width=\"449\" height=\"299\" data-wp-pid=\"39846\" \/><\/a><a href=\"http:\/\/laredsocial-noticias.com\/wp\/?attachment_id=39845\" rel=\"attachment wp-att-39845\"><img loading=\"lazy\" decoding=\"async\" class=\"size-medium wp-image-39845 alignleft\" src=\"http:\/\/laredsocial-noticias.com\/wp\/wp-content\/uploads\/2016\/11\/DICONSA.NAY_.1-300x230.jpg\" alt=\"diconsa-nay-1\" width=\"300\" height=\"230\" data-wp-pid=\"39845\" \/><\/a><a href=\"http:\/\/laredsocial-noticias.com\/wp\/?attachment_id=39844\" rel=\"attachment wp-att-39844\"><img loading=\"lazy\" decoding=\"async\" class=\"size-medium wp-image-39844 alignnone\" src=\"http:\/\/laredsocial-noticias.com\/wp\/wp-content\/uploads\/2016\/11\/diconsa.1-300x200.jpg\" alt=\"diconsa-1\" width=\"300\" height=\"200\" data-wp-pid=\"39844\" \/><\/a><\/p>\n<p>&nbsp;<\/p>\n<p>Guillermo Pimentel Balderas<\/p>\n<p>El Programa de Abasto Rural (PAR), cumple 37 a\u00f1os como un aliado del Gobierno de la Rep\u00fablica para garantizar a las familias mexicanas su derecho a una alimentaci\u00f3n nutritiva, suficiente y de calidad como lo establece el art\u00edculo 4\u00ba Constitucional,<\/p>\n<p>El director general de Diconsa, Juan Manuel Valle Pere\u00f1a, destac\u00f3 que el PAR se moderniza y robustece para llegar a m\u00e1s comunidades, tras resaltar que por m\u00e1s de tres d\u00e9cadas se ha erigido como el principal basti\u00f3n gubernamental.<\/p>\n<p>Durante la conmemoraci\u00f3n de casi cuatro d\u00e9cadas del PAR, el funcionario explic\u00f3 que la paraestatal se ha distinguido por llevar la canasta b\u00e1sica y granos como ma\u00edz y frijol a las comunidades vulnerables y alejadas. Adem\u00e1s, su participaci\u00f3n ha sido clave en situaciones de emergencia para movilizar comestibles y otros productos de primera necesidad.<\/p>\n<p>\u201cEl Programa de Abasto Rural es una herramienta de la pol\u00edtica social que permite hacer importantes traslados de alimentos a los lugares a donde nadie m\u00e1s llega. Por tanto, nuestro compromiso es y ser\u00e1 hacer crecer y fortalecer el PAR\u201d, dijo Valle Pere\u00f1a ante trabajadores de Diconsa y de los Consejos Comunitarios de Abasto reunidos en Oficinas Centrales.<\/p>\n<p>\u201cEstimamos que entre 2017 y 2018 hayamos renovado la flota vehicular y mejorado la obra p\u00fablica, la intenci\u00f3n es dejar las instalaciones en condiciones \u00f3ptimas y que no tengamos un espacio con m\u00e1s de 10 a\u00f1os sin que le hayamos hecho lo necesario. Con esto me refiero a red hidr\u00e1ulica y el\u00e9ctrica, mantenimiento a almacenes centrales y rurales, ba\u00f1os y oficinas\u201d, a\u00f1adi\u00f3.<\/p>\n<p>Hacia finales de 2015 se entregaron 70 veh\u00edculos de carga y, a principios de este a\u00f1o, 300 camionetas de supervisi\u00f3n. \u201cAntes de que concluya 2016 se sumar\u00e1n m\u00e1s unidades\u201d, dijo.<\/p>\n<p>Uno de los proyectos clave es la plataforma de pagos que consiste en una aplicaci\u00f3n para tel\u00e9fonos celulares, con la cual, los encargados de tiendas comunitarias podr\u00e1n llevar con m\u00e1s facilidad sus inventarios, levantar pedidos a partir de su registro de ventas, vender tiempo aire y cobrar recibos por servicios de luz el\u00e9ctrica, agua y televisi\u00f3n, por ejemplo.<\/p>\n<p>Esta acci\u00f3n permitir\u00e1 que los habitantes de las comunidades mejoren su entorno y adem\u00e1s tengan la posibilidad de recibir remesas en un mismo punto.<\/p>\n<p>Otra de las ventajas es que el uso de tecnolog\u00eda permitir\u00e1 ahorrar tiempo en operaciones cotidianas, lo que har\u00e1 que Diconsa enfoque mayores energ\u00edas para ampliar la cobertura del Programa de Abasto Rural.<\/p>\n","protected":false},"excerpt":{"rendered":"<p>Cumple 37 a\u00f1os de llevar alimento a comunidades vulnerables &nbsp; Guillermo Pimentel Balderas El Programa de Abasto Rural (PAR), cumple&#8230;<\/p>\n","protected":false},"author":10,"featured_media":0,"comment_status":"open","ping_status":"open","sticky":false,"template":"","format":"standard","meta":{"footnotes":""},"categories":[2201],"tags":[77],"class_list":["post-39843","post","type-post","status-publish","format-standard","hentry","category-alimentacion","tag-principal"],"yoast_head":"<!-- This site is optimized with the Yoast SEO plugin v26.5 - https:\/\/yoast.com\/wordpress\/plugins\/seo\/ -->\n<title>Moderniza y robustece Diconsa el PAR para llegar a m\u00e1s poblaciones - NOTICIAS<\/title>\n<meta name=\"robots\" content=\"index, follow, max-snippet:-1, max-image-preview:large, max-video-preview:-1\" \/>\n<link rel=\"canonical\" href=\"https:\/\/laredsocial-noticias.com\/wp\/moderniza-y-robustece-diconsa-el-par-para-llegar-a-mas-poblaciones\/\" \/>\n<meta property=\"og:locale\" content=\"es_ES\" \/>\n<meta property=\"og:type\" content=\"article\" \/>\n<meta property=\"og:title\" content=\"Moderniza y robustece Diconsa el PAR para llegar a m\u00e1s poblaciones - NOTICIAS\" \/>\n<meta property=\"og:description\" content=\"Cumple 37 a\u00f1os de llevar alimento a comunidades vulnerables &nbsp; Guillermo Pimentel Balderas El Programa de Abasto Rural (PAR), cumple...\" \/>\n<meta property=\"og:url\" content=\"https:\/\/laredsocial-noticias.com\/wp\/moderniza-y-robustece-diconsa-el-par-para-llegar-a-mas-poblaciones\/\" \/>\n<meta property=\"og:site_name\" content=\"NOTICIAS\" \/>\n<meta property=\"article:published_time\" content=\"2016-11-22T21:44:08+00:00\" \/>\n<meta property=\"article:modified_time\" content=\"2016-11-22T21:44:23+00:00\" \/>\n<meta property=\"og:image\" content=\"https:\/\/laredsocial-noticias.com\/wp\/wp-content\/uploads\/2016\/11\/DICONSA.NAY_.1.jpg\" \/>\n\t<meta property=\"og:image:width\" content=\"2110\" \/>\n\t<meta property=\"og:image:height\" content=\"1616\" \/>\n\t<meta property=\"og:image:type\" content=\"image\/jpeg\" \/>\n<meta name=\"author\" content=\"Guillermo Pimentel\" \/>\n<meta name=\"twitter:card\" content=\"summary_large_image\" \/>\n<meta name=\"twitter:label1\" content=\"Escrito por\" \/>\n\t<meta name=\"twitter:data1\" content=\"Guillermo Pimentel\" \/>\n\t<meta name=\"twitter:label2\" content=\"Tiempo de lectura\" \/>\n\t<meta name=\"twitter:data2\" content=\"2 minutos\" \/>\n<!-- \/ Yoast SEO plugin. -->","yoast_head_json":{"title":"Moderniza y robustece Diconsa el PAR para llegar a m\u00e1s poblaciones - NOTICIAS","robots":{"index":"index","follow":"follow","max-snippet":"max-snippet:-1","max-image-preview":"max-image-preview:large","max-video-preview":"max-video-preview:-1"},"canonical":"https:\/\/laredsocial-noticias.com\/wp\/moderniza-y-robustece-diconsa-el-par-para-llegar-a-mas-poblaciones\/","og_locale":"es_ES","og_type":"article","og_title":"Moderniza y robustece Diconsa el PAR para llegar a m\u00e1s poblaciones - NOTICIAS","og_description":"Cumple 37 a\u00f1os de llevar alimento a comunidades vulnerables &nbsp; Guillermo Pimentel Balderas El Programa de Abasto Rural (PAR), cumple...","og_url":"https:\/\/laredsocial-noticias.com\/wp\/moderniza-y-robustece-diconsa-el-par-para-llegar-a-mas-poblaciones\/","og_site_name":"NOTICIAS","article_published_time":"2016-11-22T21:44:08+00:00","article_modified_time":"2016-11-22T21:44:23+00:00","og_image":[{"width":2110,"height":1616,"url":"https:\/\/laredsocial-noticias.com\/wp\/wp-content\/uploads\/2016\/11\/DICONSA.NAY_.1.jpg","type":"image\/jpeg"}],"author":"Guillermo Pimentel","twitter_card":"summary_large_image","twitter_misc":{"Escrito por":"Guillermo Pimentel","Tiempo de lectura":"2 minutos"},"schema":{"@context":"https:\/\/schema.org","@graph":[{"@type":"WebPage","@id":"https:\/\/laredsocial-noticias.com\/wp\/moderniza-y-robustece-diconsa-el-par-para-llegar-a-mas-poblaciones\/","url":"https:\/\/laredsocial-noticias.com\/wp\/moderniza-y-robustece-diconsa-el-par-para-llegar-a-mas-poblaciones\/","name":"Moderniza y robustece Diconsa el PAR para llegar a m\u00e1s poblaciones - NOTICIAS","isPartOf":{"@id":"https:\/\/laredsocial-noticias.com\/wp\/#website"},"primaryImageOfPage":{"@id":"https:\/\/laredsocial-noticias.com\/wp\/moderniza-y-robustece-diconsa-el-par-para-llegar-a-mas-poblaciones\/#primaryimage"},"image":{"@id":"https:\/\/laredsocial-noticias.com\/wp\/moderniza-y-robustece-diconsa-el-par-para-llegar-a-mas-poblaciones\/#primaryimage"},"thumbnailUrl":"http:\/\/laredsocial-noticias.com\/wp\/wp-content\/uploads\/2016\/11\/DICONSA.QRO_.3-300x200.jpg","datePublished":"2016-11-22T21:44:08+00:00","dateModified":"2016-11-22T21:44:23+00:00","author":{"@id":"https:\/\/laredsocial-noticias.com\/wp\/#\/schema\/person\/9c09eb8c35c46dac6d30e2baff4b64d6"},"breadcrumb":{"@id":"https:\/\/laredsocial-noticias.com\/wp\/moderniza-y-robustece-diconsa-el-par-para-llegar-a-mas-poblaciones\/#breadcrumb"},"inLanguage":"es","potentialAction":[{"@type":"ReadAction","target":["https:\/\/laredsocial-noticias.com\/wp\/moderniza-y-robustece-diconsa-el-par-para-llegar-a-mas-poblaciones\/"]}]},{"@type":"ImageObject","inLanguage":"es","@id":"https:\/\/laredsocial-noticias.com\/wp\/moderniza-y-robustece-diconsa-el-par-para-llegar-a-mas-poblaciones\/#primaryimage","url":"","contentUrl":""},{"@type":"BreadcrumbList","@id":"https:\/\/laredsocial-noticias.com\/wp\/moderniza-y-robustece-diconsa-el-par-para-llegar-a-mas-poblaciones\/#breadcrumb","itemListElement":[{"@type":"ListItem","position":1,"name":"Portada","item":"https:\/\/laredsocial-noticias.com\/wp\/"},{"@type":"ListItem","position":2,"name":"Moderniza y robustece Diconsa el PAR para llegar a m\u00e1s poblaciones"}]},{"@type":"WebSite","@id":"https:\/\/laredsocial-noticias.com\/wp\/#website","url":"https:\/\/laredsocial-noticias.com\/wp\/","name":"NOTICIAS","description":"Lo que se ve y se dice en las redes sociales","potentialAction":[{"@type":"SearchAction","target":{"@type":"EntryPoint","urlTemplate":"https:\/\/laredsocial-noticias.com\/wp\/?s={search_term_string}"},"query-input":{"@type":"PropertyValueSpecification","valueRequired":true,"valueName":"search_term_string"}}],"inLanguage":"es"},{"@type":"Person","@id":"https:\/\/laredsocial-noticias.com\/wp\/#\/schema\/person\/9c09eb8c35c46dac6d30e2baff4b64d6","name":"Guillermo Pimentel","url":"https:\/\/laredsocial-noticias.com\/wp\/author\/guillermo\/"}]}},"_links":{"self":[{"href":"https:\/\/laredsocial-noticias.com\/wp\/wp-json\/wp\/v2\/posts\/39843","targetHints":{"allow":["GET"]}}],"collection":[{"href":"https:\/\/laredsocial-noticias.com\/wp\/wp-json\/wp\/v2\/posts"}],"about":[{"href":"https:\/\/laredsocial-noticias.com\/wp\/wp-json\/wp\/v2\/types\/post"}],"author":[{"embeddable":true,"href":"https:\/\/laredsocial-noticias.com\/wp\/wp-json\/wp\/v2\/users\/10"}],"replies":[{"embeddable":true,"href":"https:\/\/laredsocial-noticias.com\/wp\/wp-json\/wp\/v2\/comments?post=39843"}],"version-history":[{"count":1,"href":"https:\/\/laredsocial-noticias.com\/wp\/wp-json\/wp\/v2\/posts\/39843\/revisions"}],"predecessor-version":[{"id":39847,"href":"https:\/\/laredsocial-noticias.com\/wp\/wp-json\/wp\/v2\/posts\/39843\/revisions\/39847"}],"wp:attachment":[{"href":"https:\/\/laredsocial-noticias.com\/wp\/wp-json\/wp\/v2\/media?parent=39843"}],"wp:term":[{"taxonomy":"category","embeddable":true,"href":"https:\/\/laredsocial-noticias.com\/wp\/wp-json\/wp\/v2\/categories?post=39843"},{"taxonomy":"post_tag","embeddable":true,"href":"https:\/\/laredsocial-noticias.com\/wp\/wp-json\/wp\/v2\/tags?post=39843"}],"curies":[{"name":"wp","href":"https:\/\/api.w.org\/{rel}","templated":true}]}}