{"id":405,"date":"2014-11-23T16:36:23","date_gmt":"2014-11-23T16:36:23","guid":{"rendered":"http:\/\/laredsocial-noticias.com\/wp\/?p=405"},"modified":"2014-11-23T16:36:23","modified_gmt":"2014-11-23T16:36:23","slug":"resurge-la-corriente-democratica-piden-nueva-constitucion","status":"publish","type":"post","link":"https:\/\/laredsocial-noticias.com\/wp\/resurge-la-corriente-democratica-piden-nueva-constitucion\/","title":{"rendered":"RESURGE LA CORRIENTE DEMOCR\u00c1TICA; PIDEN NUEVA CONSTITUCI\u00d3N"},"content":{"rendered":"<p>SIC Media.- Cuauht\u00e9moc C\u00e1rdenas, Porfirio Mu\u00f1oz Ledo e Ingenia Mart\u00ednez, fundadores de la Corriente Democr\u00e1tica Nacional, lanzaron un pronunciamiento para redactar una nueva Constituci\u00f3n que d\u00e9 respuesta a las distintas crisis que vive actualmente el pa\u00eds.<\/p>\n<p>Las manifestaciones de hartazgo ciudadano en las calles motivaron al grupo a reunirse de nuevo para idear salidas a la problem\u00e1tica desatada con la desaparici\u00f3n de los 43 normalistas de Ayotzinapa.<\/p>\n<p>Se sumaron a la cr\u00edtica contra la actual dirigencia del PRD, que incluye la exigencia de que renuncien, empezando por el presidente nacional, Carlos Navarrete.<\/p>\n<p>\u201cNo estamos aqu\u00ed para formar o sumamos a alguna organizaci\u00f3n, tampoco para crear una nueva\u201d, sentenciaron.<\/p>\n<p>En tanto, tras los hechos de violencia del pasado jueves 20 de noviembre en el Distrito Federal, 15 personas fueron consignadas a un reclusorio, cuatro por delitos del fuero com\u00fan y 11 por il\u00edcitos federales.<\/p>\n<p>La PGJDF\u00a0 ejerci\u00f3 acci\u00f3n penal en contra de cuatro personas, entre ellas una mujer.<\/p>\n<p>Familiares de los detenidos aseguraron que polic\u00edas del DF aprehendieron a manifestantes y los entregaron a PF.<\/p>\n<p>Perla G\u00f3mez, titular de la CDHDF, manifest\u00f3 que se contin\u00faan documentando los eventos con respecto a la actuaci\u00f3n de la autoridad local durante el desalojo del Z\u00f3calo para deslindar responsabilidades.<\/p>\n<p>Entre los detenidos, se encuentra un ciudadano de origen chileno Laurence Maxwell Ilabaca, que es asistido legalmente por la Embajada de su Pa\u00eds.<\/p>\n<p>El secretario de Gobernaci\u00f3n, Miguel \u00c1ngel Osorio Chong, pidi\u00f3 a los procuradores e impartidores de justicia del pa\u00eds fortalecer la confianza de la sociedad en sus instituciones para que los ciudadanos opten, como lo ha hecho la inmensa mayor\u00eda, por la v\u00eda institucional para hallar respuesta a sus demandas, pues la violencia nunca ser\u00e1 v\u00eda para alcanzar la justicia.<\/p>\n<p>El jefe de gobierno del DF, Miguel \u00c1ngel Mancera asegur\u00f3 que el operativo de seguridad del 20 de noviembre respet\u00f3 todo protocolo internacional, y fue todo un \u00e9xito\u201d.<\/p>\n<p>EXAGERADA, ALERTA ROJA DE USA SOBRE GUERRERO:<\/p>\n<p>Como \u201cexagerada\u201d calific\u00f3 el gobernador interino de Guerrero, Rogelio Ortega la alerta emitida por Estados Unidos para pedir a sus ciudadanos que no viajen a Guerrero, por las manifestaciones -algunas violentas- de los \u00faltimos d\u00edas en las que exigen la presentaci\u00f3n con vida de 43 normalistas de Ayotzinapa, desaparecidos el 26 de septiembre.<\/p>\n<p>Pero a nivel mundial, el caso Iguala sigue siendo un esc\u00e1ndalo. El grupo Calle 13 de Ren\u00e9 P\u00e9rez, cedi\u00f3 espacio de su concierto para dar voz a familiares de normalistas desaparecidos de Ayotzinapa.<\/p>\n<p>En tanto, la Secretar\u00eda de Marina reconoci\u00f3 que agencias de EU colaboran con la Armada, pero rechaz\u00f3 que personal estadounidense participe armado en operaciones de campo.<\/p>\n<p>\u201cSe niega categ\u00f3ricamente que autoridades americanas o de cualquier otro pa\u00eds hayan participado con personal de la Armada de M\u00e9xico en operaciones t\u00e1cticas en campo, contra la delincuencia organizada, utilizando uniformes y armamento mexicano\u201d, indica en respuesta a una nota de The Wall Street Journal.<\/p>\n<p>Sin rastros de los 43 normalistas, la PGR difunde presuntas declaraciones del supuesto l\u00edder del grupo subversivo Guerreros Unidos, Sidronio Casarrubias Salgado, quien asegura que Ornar Cuenca Marina \u201cEl Ni\u00f1o Popis\u201d es el nuevo jefe de la organizaci\u00f3n criminal de los Rojos, sus rivales. Pero no da pistas del motivo del secuestro y posible asesinato.<\/p>\n<p>LA CRISIS DEL PRD<\/p>\n<p>Con la renovaci\u00f3n pendiente del Comit\u00e9 Delegacional en Azcapotzalco, el PRD en el DF avanz\u00f3 en la elecci\u00f3n de dirigencias en 15 de las 16 demarcaciones, esto, de cara al proceso interno de selecci\u00f3n de candidatos a diputados locales y jefes delegacionales para los comicios del pr\u00f3ximo a\u00f1o.<\/p>\n<p>Ricardo Pascoe, fundador del PRD que proven\u00eda del PRT, consider\u00f3 que la crisis actual del partido es la manera en que se aval\u00f3 la creaci\u00f3n de corrientes desde la primera dirigencia con Cuauht\u00e9moc C\u00e1rdenas, a quien responsabiliz\u00f3 de la multiplicaci\u00f3n de tribus<\/p>\n<p>El INE no garantiza que no haya dinero del crimen organizado en el proceso electoral, lo que garantiza es que los candidatos y los partidos pol\u00edticos compitan en condiciones de equidad, que las diferentes cantidades de dinero que tengan no sea lo que determine el resultado de una elecci\u00f3n, expres\u00f3 el consejero electoral Benito Nacif.<\/p>\n<p>La C\u00e1maras de Diputados incluy\u00f3 candados al Gobierno Federal para realizar las campa\u00f1as de comunicaci\u00f3n social. En el Presupuesto de Egresos de la Federaci\u00f3n 2015, los legisladores agregaron disposiciones para evitar discrecionalidad en el gasto de dicho rubro.<\/p>\n","protected":false},"excerpt":{"rendered":"<p>SIC Media.- Cuauht\u00e9moc C\u00e1rdenas, Porfirio Mu\u00f1oz Ledo e Ingenia Mart\u00ednez, fundadores de la Corriente Democr\u00e1tica Nacional, lanzaron un pronunciamiento para&#8230;<\/p>\n","protected":false},"author":1,"featured_media":0,"comment_status":"open","ping_status":"open","sticky":false,"template":"","format":"gallery","meta":{"footnotes":""},"categories":[1],"tags":[],"class_list":["post-405","post","type-post","status-publish","format-gallery","hentry","category-uncategorized","post_format-post-format-gallery"],"yoast_head":"<!-- This site is optimized with the Yoast SEO plugin v26.5 - https:\/\/yoast.com\/wordpress\/plugins\/seo\/ -->\n<title>RESURGE LA CORRIENTE DEMOCR\u00c1TICA; PIDEN NUEVA CONSTITUCI\u00d3N - NOTICIAS<\/title>\n<meta name=\"robots\" content=\"index, follow, max-snippet:-1, max-image-preview:large, max-video-preview:-1\" \/>\n<link rel=\"canonical\" href=\"https:\/\/laredsocial-noticias.com\/wp\/resurge-la-corriente-democratica-piden-nueva-constitucion\/\" \/>\n<meta property=\"og:locale\" content=\"es_ES\" \/>\n<meta property=\"og:type\" content=\"article\" \/>\n<meta property=\"og:title\" content=\"RESURGE LA CORRIENTE DEMOCR\u00c1TICA; PIDEN NUEVA CONSTITUCI\u00d3N - NOTICIAS\" \/>\n<meta property=\"og:description\" content=\"SIC Media.- Cuauht\u00e9moc C\u00e1rdenas, Porfirio Mu\u00f1oz Ledo e Ingenia Mart\u00ednez, fundadores de la Corriente Democr\u00e1tica Nacional, lanzaron un pronunciamiento para...\" \/>\n<meta property=\"og:url\" content=\"https:\/\/laredsocial-noticias.com\/wp\/resurge-la-corriente-democratica-piden-nueva-constitucion\/\" \/>\n<meta property=\"og:site_name\" content=\"NOTICIAS\" \/>\n<meta property=\"article:published_time\" content=\"2014-11-23T16:36:23+00:00\" \/>\n<meta name=\"author\" content=\"Editor en Jefe\" \/>\n<meta name=\"twitter:card\" content=\"summary_large_image\" \/>\n<meta name=\"twitter:label1\" content=\"Escrito por\" \/>\n\t<meta name=\"twitter:data1\" content=\"Editor en Jefe\" \/>\n\t<meta name=\"twitter:label2\" content=\"Tiempo de lectura\" \/>\n\t<meta name=\"twitter:data2\" content=\"4 minutos\" \/>\n<!-- \/ Yoast SEO plugin. -->","yoast_head_json":{"title":"RESURGE LA CORRIENTE DEMOCR\u00c1TICA; PIDEN NUEVA CONSTITUCI\u00d3N - NOTICIAS","robots":{"index":"index","follow":"follow","max-snippet":"max-snippet:-1","max-image-preview":"max-image-preview:large","max-video-preview":"max-video-preview:-1"},"canonical":"https:\/\/laredsocial-noticias.com\/wp\/resurge-la-corriente-democratica-piden-nueva-constitucion\/","og_locale":"es_ES","og_type":"article","og_title":"RESURGE LA CORRIENTE DEMOCR\u00c1TICA; PIDEN NUEVA CONSTITUCI\u00d3N - NOTICIAS","og_description":"SIC Media.- Cuauht\u00e9moc C\u00e1rdenas, Porfirio Mu\u00f1oz Ledo e Ingenia Mart\u00ednez, fundadores de la Corriente Democr\u00e1tica Nacional, lanzaron un pronunciamiento para...","og_url":"https:\/\/laredsocial-noticias.com\/wp\/resurge-la-corriente-democratica-piden-nueva-constitucion\/","og_site_name":"NOTICIAS","article_published_time":"2014-11-23T16:36:23+00:00","author":"Editor en Jefe","twitter_card":"summary_large_image","twitter_misc":{"Escrito por":"Editor en Jefe","Tiempo de lectura":"4 minutos"},"schema":{"@context":"https:\/\/schema.org","@graph":[{"@type":"WebPage","@id":"https:\/\/laredsocial-noticias.com\/wp\/resurge-la-corriente-democratica-piden-nueva-constitucion\/","url":"https:\/\/laredsocial-noticias.com\/wp\/resurge-la-corriente-democratica-piden-nueva-constitucion\/","name":"RESURGE LA CORRIENTE DEMOCR\u00c1TICA; PIDEN NUEVA CONSTITUCI\u00d3N - NOTICIAS","isPartOf":{"@id":"https:\/\/laredsocial-noticias.com\/wp\/#website"},"datePublished":"2014-11-23T16:36:23+00:00","author":{"@id":"https:\/\/laredsocial-noticias.com\/wp\/#\/schema\/person\/0ce78643f2de7aae6f6ef10e8453a6e0"},"breadcrumb":{"@id":"https:\/\/laredsocial-noticias.com\/wp\/resurge-la-corriente-democratica-piden-nueva-constitucion\/#breadcrumb"},"inLanguage":"es","potentialAction":[{"@type":"ReadAction","target":["https:\/\/laredsocial-noticias.com\/wp\/resurge-la-corriente-democratica-piden-nueva-constitucion\/"]}]},{"@type":"BreadcrumbList","@id":"https:\/\/laredsocial-noticias.com\/wp\/resurge-la-corriente-democratica-piden-nueva-constitucion\/#breadcrumb","itemListElement":[{"@type":"ListItem","position":1,"name":"Portada","item":"https:\/\/laredsocial-noticias.com\/wp\/"},{"@type":"ListItem","position":2,"name":"RESURGE LA CORRIENTE DEMOCR\u00c1TICA; PIDEN NUEVA CONSTITUCI\u00d3N"}]},{"@type":"WebSite","@id":"https:\/\/laredsocial-noticias.com\/wp\/#website","url":"https:\/\/laredsocial-noticias.com\/wp\/","name":"NOTICIAS","description":"Lo que se ve y se dice en las redes sociales","potentialAction":[{"@type":"SearchAction","target":{"@type":"EntryPoint","urlTemplate":"https:\/\/laredsocial-noticias.com\/wp\/?s={search_term_string}"},"query-input":{"@type":"PropertyValueSpecification","valueRequired":true,"valueName":"search_term_string"}}],"inLanguage":"es"},{"@type":"Person","@id":"https:\/\/laredsocial-noticias.com\/wp\/#\/schema\/person\/0ce78643f2de7aae6f6ef10e8453a6e0","name":"Editor en Jefe","url":"https:\/\/laredsocial-noticias.com\/wp\/author\/jorgeochoa\/"}]}},"_links":{"self":[{"href":"https:\/\/laredsocial-noticias.com\/wp\/wp-json\/wp\/v2\/posts\/405","targetHints":{"allow":["GET"]}}],"collection":[{"href":"https:\/\/laredsocial-noticias.com\/wp\/wp-json\/wp\/v2\/posts"}],"about":[{"href":"https:\/\/laredsocial-noticias.com\/wp\/wp-json\/wp\/v2\/types\/post"}],"author":[{"embeddable":true,"href":"https:\/\/laredsocial-noticias.com\/wp\/wp-json\/wp\/v2\/users\/1"}],"replies":[{"embeddable":true,"href":"https:\/\/laredsocial-noticias.com\/wp\/wp-json\/wp\/v2\/comments?post=405"}],"version-history":[{"count":1,"href":"https:\/\/laredsocial-noticias.com\/wp\/wp-json\/wp\/v2\/posts\/405\/revisions"}],"predecessor-version":[{"id":406,"href":"https:\/\/laredsocial-noticias.com\/wp\/wp-json\/wp\/v2\/posts\/405\/revisions\/406"}],"wp:attachment":[{"href":"https:\/\/laredsocial-noticias.com\/wp\/wp-json\/wp\/v2\/media?parent=405"}],"wp:term":[{"taxonomy":"category","embeddable":true,"href":"https:\/\/laredsocial-noticias.com\/wp\/wp-json\/wp\/v2\/categories?post=405"},{"taxonomy":"post_tag","embeddable":true,"href":"https:\/\/laredsocial-noticias.com\/wp\/wp-json\/wp\/v2\/tags?post=405"}],"curies":[{"name":"wp","href":"https:\/\/api.w.org\/{rel}","templated":true}]}}