{"id":42916,"date":"2016-12-14T21:00:39","date_gmt":"2016-12-15T03:00:39","guid":{"rendered":"http:\/\/laredsocial-noticias.com\/wp\/?p=42916"},"modified":"2016-12-14T21:31:26","modified_gmt":"2016-12-15T02:31:26","slug":"ni-dadivas-ni-retroceso-a-derechos-ciudadanos-en-leyes-del-constituyente-legisladores","status":"publish","type":"post","link":"https:\/\/laredsocial-noticias.com\/wp\/ni-dadivas-ni-retroceso-a-derechos-ciudadanos-en-leyes-del-constituyente-legisladores\/","title":{"rendered":"Ni d\u00e1divas ni retroceso a derechos ciudadanos en leyes del Constituyente: legisladores"},"content":{"rendered":"<p><strong>CIUDAD DE M\u00c9XICO, 14 de diciembre, (AZCAPO NOTICIAS\/C\u00cdRCULO DIGITAL).\u2014 \u00a0<\/strong>Pilar Berrios Navarro, qui\u00e9n es representante del Comit\u00e9 de Seguimiento y Evaluaci\u00f3n del Programa de Derechos Humanos de la Ciudad de M\u00e9xico (PDHCDMX) dijo ante los diputados de la ALDF, que s\u00f3lo una c\u00fapula partidista discute lo de inter\u00e9s social.<\/p>\n<p>En ese sentido, el titular del INFODF, Mucio Israel Hern\u00e1ndez Guerrero, respald\u00f3 esas voces al sostener: &#8220;El Constituyente corre el peligro de terminar siendo s\u00f3lo un monumento, que como todos, sirva s\u00f3lo para conmemorar o simplemente estorbar&#8221;.<\/p>\n<p>Sin embargo, Luciano Jimeno Huanosta, presidente de la Comisi\u00f3n de Derechos Humanos de la ALDF (CDHALDF) advirti\u00f3, &#8220;no, permitiremos retroceso en el avance a los derechos humanos de la poblaci\u00f3n&#8221;.<\/p>\n<p>Ante los asistentes asegur\u00f3 que, aunque el constituyente naci\u00f3 con saldo negativo, porque los diputados llegaron con s\u00f3lo ocho por ciento del respaldo electoral, se defender\u00e1n los derechos alcanzados por la poblaci\u00f3n, porque vamos a impulsar la progresividad y frenar la regresi\u00f3n en nuevas leyes&#8221;.<\/p>\n<p>Beatriz Olivares Pinal, presidenta de la Comisi\u00f3n de la Juventud y Deporte en la ALDF, quien cerr\u00f3 el primer panel del evento organizado por la CDHALDF, subray\u00f3 que los DH no son d\u00e1divas que nos tenga que dar un grupo de constituyentes, legisladores o un congreso de algunos de los estados.<\/p>\n<p>Incluso, reconoci\u00f3que, aunque son las AC s y ONG s las que trabajan de manera directa en la defensa de los DH, \u00e9sta es responsabilidad de todos, y tambi\u00e9n de la ciudadan\u00eda, lo diga o no la Constituci\u00f3n.<\/p>\n<p>Asimismo, los panelistas coincidieron en la urgencia de activar la participaci\u00f3n ciudadana para que el Constituyente escuche las demandas de la poblaci\u00f3n.<\/p>\n<p>Durante ese conservatorio, Julia Escalante de Haro, representante del Comit\u00e9 de Am\u00e9rica Latina y el Caribe para la Defensa de los Derechos Humanos de las Mujeres, sentenci\u00f3 que en la ciudad tenemos problemas para convertir las leyes en acciones constantes y eso debe ser una preocupaci\u00f3n para cualquier constituci\u00f3n.<\/p>\n<p>A su vez, la secretaria ejecutiva del PDHCDMX, Rosario Ortiz Magall\u00f3n, dijo que ante ese panorama, la poblaci\u00f3n debe capacitarse para una efectiva participaci\u00f3n en el impulso de leyes.<\/p>\n","protected":false},"excerpt":{"rendered":"<p>CIUDAD DE M\u00c9XICO, 14 de diciembre, (AZCAPO NOTICIAS\/C\u00cdRCULO DIGITAL).\u2014 \u00a0Pilar Berrios Navarro, qui\u00e9n es representante del Comit\u00e9 de Seguimiento y&#8230;<\/p>\n","protected":false},"author":1,"featured_media":0,"comment_status":"closed","ping_status":"closed","sticky":false,"template":"","format":"standard","meta":{"footnotes":""},"categories":[91,1796,73],"tags":[261,77],"class_list":["post-42916","post","type-post","status-publish","format-standard","hentry","category-cdmx","category-circulodigital","category-principal","tag-cdmx","tag-principal"],"yoast_head":"<!-- This site is optimized with the Yoast SEO plugin v26.5 - https:\/\/yoast.com\/wordpress\/plugins\/seo\/ -->\n<title>Ni d\u00e1divas ni retroceso a derechos ciudadanos en leyes del Constituyente: legisladores - NOTICIAS<\/title>\n<meta name=\"robots\" content=\"index, follow, max-snippet:-1, max-image-preview:large, max-video-preview:-1\" \/>\n<link rel=\"canonical\" href=\"https:\/\/laredsocial-noticias.com\/wp\/ni-dadivas-ni-retroceso-a-derechos-ciudadanos-en-leyes-del-constituyente-legisladores\/\" \/>\n<meta property=\"og:locale\" content=\"es_ES\" \/>\n<meta property=\"og:type\" content=\"article\" \/>\n<meta property=\"og:title\" content=\"Ni d\u00e1divas ni retroceso a derechos ciudadanos en leyes del Constituyente: legisladores - NOTICIAS\" \/>\n<meta property=\"og:description\" content=\"CIUDAD DE M\u00c9XICO, 14 de diciembre, (AZCAPO NOTICIAS\/C\u00cdRCULO DIGITAL).\u2014 \u00a0Pilar Berrios Navarro, qui\u00e9n es representante del Comit\u00e9 de Seguimiento y...\" \/>\n<meta property=\"og:url\" content=\"https:\/\/laredsocial-noticias.com\/wp\/ni-dadivas-ni-retroceso-a-derechos-ciudadanos-en-leyes-del-constituyente-legisladores\/\" \/>\n<meta property=\"og:site_name\" content=\"NOTICIAS\" \/>\n<meta property=\"article:published_time\" content=\"2016-12-15T03:00:39+00:00\" \/>\n<meta property=\"og:image\" content=\"https:\/\/laredsocial-noticias.com\/wp\/wp-content\/uploads\/2016\/12\/Los-Derechos-Humanos-en-la-primera-Constituci\u00f3n-del-siglo-XXI.jpg\" \/>\n\t<meta property=\"og:image:width\" content=\"600\" \/>\n\t<meta property=\"og:image:height\" content=\"394\" \/>\n\t<meta property=\"og:image:type\" content=\"image\/jpeg\" \/>\n<meta name=\"author\" content=\"Editor en Jefe\" \/>\n<meta name=\"twitter:card\" content=\"summary_large_image\" \/>\n<meta name=\"twitter:label1\" content=\"Escrito por\" \/>\n\t<meta name=\"twitter:data1\" content=\"Editor en Jefe\" \/>\n\t<meta name=\"twitter:label2\" content=\"Tiempo de lectura\" \/>\n\t<meta name=\"twitter:data2\" content=\"2 minutos\" \/>\n<!-- \/ Yoast SEO plugin. -->","yoast_head_json":{"title":"Ni d\u00e1divas ni retroceso a derechos ciudadanos en leyes del Constituyente: legisladores - NOTICIAS","robots":{"index":"index","follow":"follow","max-snippet":"max-snippet:-1","max-image-preview":"max-image-preview:large","max-video-preview":"max-video-preview:-1"},"canonical":"https:\/\/laredsocial-noticias.com\/wp\/ni-dadivas-ni-retroceso-a-derechos-ciudadanos-en-leyes-del-constituyente-legisladores\/","og_locale":"es_ES","og_type":"article","og_title":"Ni d\u00e1divas ni retroceso a derechos ciudadanos en leyes del Constituyente: legisladores - NOTICIAS","og_description":"CIUDAD DE M\u00c9XICO, 14 de diciembre, (AZCAPO NOTICIAS\/C\u00cdRCULO DIGITAL).\u2014 \u00a0Pilar Berrios Navarro, qui\u00e9n es representante del Comit\u00e9 de Seguimiento y...","og_url":"https:\/\/laredsocial-noticias.com\/wp\/ni-dadivas-ni-retroceso-a-derechos-ciudadanos-en-leyes-del-constituyente-legisladores\/","og_site_name":"NOTICIAS","article_published_time":"2016-12-15T03:00:39+00:00","og_image":[{"width":600,"height":394,"url":"https:\/\/laredsocial-noticias.com\/wp\/wp-content\/uploads\/2016\/12\/Los-Derechos-Humanos-en-la-primera-Constituci\u00f3n-del-siglo-XXI.jpg","type":"image\/jpeg"}],"author":"Editor en Jefe","twitter_card":"summary_large_image","twitter_misc":{"Escrito por":"Editor en Jefe","Tiempo de lectura":"2 minutos"},"schema":{"@context":"https:\/\/schema.org","@graph":[{"@type":"WebPage","@id":"https:\/\/laredsocial-noticias.com\/wp\/ni-dadivas-ni-retroceso-a-derechos-ciudadanos-en-leyes-del-constituyente-legisladores\/","url":"https:\/\/laredsocial-noticias.com\/wp\/ni-dadivas-ni-retroceso-a-derechos-ciudadanos-en-leyes-del-constituyente-legisladores\/","name":"Ni d\u00e1divas ni retroceso a derechos ciudadanos en leyes del Constituyente: legisladores - NOTICIAS","isPartOf":{"@id":"https:\/\/laredsocial-noticias.com\/wp\/#website"},"datePublished":"2016-12-15T03:00:39+00:00","author":{"@id":"https:\/\/laredsocial-noticias.com\/wp\/#\/schema\/person\/0ce78643f2de7aae6f6ef10e8453a6e0"},"breadcrumb":{"@id":"https:\/\/laredsocial-noticias.com\/wp\/ni-dadivas-ni-retroceso-a-derechos-ciudadanos-en-leyes-del-constituyente-legisladores\/#breadcrumb"},"inLanguage":"es","potentialAction":[{"@type":"ReadAction","target":["https:\/\/laredsocial-noticias.com\/wp\/ni-dadivas-ni-retroceso-a-derechos-ciudadanos-en-leyes-del-constituyente-legisladores\/"]}]},{"@type":"BreadcrumbList","@id":"https:\/\/laredsocial-noticias.com\/wp\/ni-dadivas-ni-retroceso-a-derechos-ciudadanos-en-leyes-del-constituyente-legisladores\/#breadcrumb","itemListElement":[{"@type":"ListItem","position":1,"name":"Portada","item":"https:\/\/laredsocial-noticias.com\/wp\/"},{"@type":"ListItem","position":2,"name":"Ni d\u00e1divas ni retroceso a derechos ciudadanos en leyes del Constituyente: legisladores"}]},{"@type":"WebSite","@id":"https:\/\/laredsocial-noticias.com\/wp\/#website","url":"https:\/\/laredsocial-noticias.com\/wp\/","name":"NOTICIAS","description":"Lo que se ve y se dice en las redes sociales","potentialAction":[{"@type":"SearchAction","target":{"@type":"EntryPoint","urlTemplate":"https:\/\/laredsocial-noticias.com\/wp\/?s={search_term_string}"},"query-input":{"@type":"PropertyValueSpecification","valueRequired":true,"valueName":"search_term_string"}}],"inLanguage":"es"},{"@type":"Person","@id":"https:\/\/laredsocial-noticias.com\/wp\/#\/schema\/person\/0ce78643f2de7aae6f6ef10e8453a6e0","name":"Editor en Jefe","url":"https:\/\/laredsocial-noticias.com\/wp\/author\/jorgeochoa\/"}]}},"_links":{"self":[{"href":"https:\/\/laredsocial-noticias.com\/wp\/wp-json\/wp\/v2\/posts\/42916","targetHints":{"allow":["GET"]}}],"collection":[{"href":"https:\/\/laredsocial-noticias.com\/wp\/wp-json\/wp\/v2\/posts"}],"about":[{"href":"https:\/\/laredsocial-noticias.com\/wp\/wp-json\/wp\/v2\/types\/post"}],"author":[{"embeddable":true,"href":"https:\/\/laredsocial-noticias.com\/wp\/wp-json\/wp\/v2\/users\/1"}],"replies":[{"embeddable":true,"href":"https:\/\/laredsocial-noticias.com\/wp\/wp-json\/wp\/v2\/comments?post=42916"}],"version-history":[{"count":1,"href":"https:\/\/laredsocial-noticias.com\/wp\/wp-json\/wp\/v2\/posts\/42916\/revisions"}],"predecessor-version":[{"id":42917,"href":"https:\/\/laredsocial-noticias.com\/wp\/wp-json\/wp\/v2\/posts\/42916\/revisions\/42917"}],"wp:attachment":[{"href":"https:\/\/laredsocial-noticias.com\/wp\/wp-json\/wp\/v2\/media?parent=42916"}],"wp:term":[{"taxonomy":"category","embeddable":true,"href":"https:\/\/laredsocial-noticias.com\/wp\/wp-json\/wp\/v2\/categories?post=42916"},{"taxonomy":"post_tag","embeddable":true,"href":"https:\/\/laredsocial-noticias.com\/wp\/wp-json\/wp\/v2\/tags?post=42916"}],"curies":[{"name":"wp","href":"https:\/\/api.w.org\/{rel}","templated":true}]}}