{"id":4292,"date":"2016-04-05T12:32:56","date_gmt":"2016-04-05T17:32:56","guid":{"rendered":"http:\/\/laredsocial-noticias.com\/wp\/?p=4292"},"modified":"2016-04-05T12:35:29","modified_gmt":"2016-04-05T17:35:29","slug":"en-video-viral-el-papa-critica-despojo-contra-campesinos","status":"publish","type":"post","link":"https:\/\/laredsocial-noticias.com\/wp\/en-video-viral-el-papa-critica-despojo-contra-campesinos\/","title":{"rendered":"En video viral, el Papa critica despojo contra campesinos"},"content":{"rendered":"<p><strong>CUIDAD DEL VATICANO, 5 DE AB<\/strong><strong>RIL (C\u00cdRCULO DIGITAL).-\u00a0<\/strong>En el m\u00e1s reciente video viral que ilustra sus intenciones de oraci\u00f3n para este mes, el Papa Francisco fustig\u00f3 el despojo \u201cde unos pocos\u201d contra los campesinos y la falta de justicia en sus salarios.<\/p>\n<p>\u201cLa tierra es un don de Dios. No es justo utilizarla para favorecer solo a unos pocos, despojando a la mayor\u00eda de sus derechos y beneficios\u201d, dijo Francisco en el video, publicado este martes por la Red Mundial de Oraci\u00f3n del Papa.<\/p>\n<p>Dedicado a los peque\u00f1os agricultores, el video de 81 segundos de duraci\u00f3n, relaciona los dichos del pont\u00edfice con im\u00e1genes de una bolsa de valores, en clara alusi\u00f3n a la econom\u00eda especulativa.<\/p>\n<p>\u201cGracias campesino. Tu aporte es imprescindible para toda la humanidad. Como persona, hijo de Dios, mereces una vida digna\u201d, dijo en espa\u00f1ol Jorge Mario Bergoglio, mientras se muestran rostros de personas que trabajan en campos de diversas nacionalidades.<\/p>\n<p>Entonces el Papa agreg\u00f3: \u201cPero (\u2026) me pregunto: \u00bfC\u00f3mo se retribuyen tus esfuerzos?\u201d, y luego se ilustr\u00f3 con im\u00e1genes del duro trabajo rural con fren\u00e9ticas escenas de corredores de bolsa, que llaman por tel\u00e9fono o miran en pantallas digitales los indicadores econ\u00f3micos.<\/p>\n<p>Y entonces Francisco concluy\u00f3, acompa\u00f1ado por nuevas im\u00e1genes de labores campesinas: \u201cMe gustar\u00eda que lo consideres y unas tu voz a la m\u00eda en esta intenci\u00f3n: que los peque\u00f1os agricultores reciban una remuneraci\u00f3n justa por su precioso trabajo\u201d.<\/p>\n<p>Se trata del cuarto clip de la serie \u201cEl video del Papa\u201d, que cada mes lanza la Red Mundial de Oraci\u00f3n del Papa.<\/p>\n<p>La iniciativa, lanzada por primera vez en enero pasado, ayuda a ilustrar las intenciones mensuales del pont\u00edfice que son propuestas a todos los cat\u00f3licos, para que se unan a ellas tambi\u00e9n con sus rezos.<\/p>\n<p>El director de la Red y sacerdote jesuita Fr\u00e9d\u00e9ric Fornos, asegur\u00f3 que el video busca llegar a muchas personas incluso fuera de la Iglesia, porque propone una reflexi\u00f3n sobre los desaf\u00edos de la humanidad.<\/p>\n<p>\u201cLa situaci\u00f3n de los peque\u00f1os campesinos y la necesidad de que tengan un trabajo digno es algo en lo cual nos podemos poner de acuerdo todos y podemos desear movilizarnos para afrontar este desaf\u00edo\u201d, explic\u00f3 Fornos en entrevista con Notimex.<\/p>\n<p>\u201cNo nos movilizamos solo desde la acci\u00f3n, nos movilizamos tambi\u00e9n desde la oraci\u00f3n porque creemos que tiene fecundidad\u201d, a\u00f1adi\u00f3.<\/p>\n<p>Reconoci\u00f3 que cuando se anunci\u00f3 el tema del video, los agricultores, alg\u00fan comentarista en internet exclam\u00f3: \u201c\u00a1Es comunista!\u201d. Pero Fornos precis\u00f3 que ese tema es parte de la doctrina social de la Iglesia.<\/p>\n<p>Insisti\u00f3 que el objetivo del \u201cvideo del Papa\u201d es tocar el coraz\u00f3n y poner sobre la mesa los problemas que ata\u00f1en a todo el mundo, para ver c\u00f3mo afrontarlos desde la fe.<\/p>\n<p>\u201cCuando habla de la situaci\u00f3n de los peque\u00f1os agricultores, habla de la dificultad que tienen para sobrevivir con el poco salario que tienen cuando del otro lado existe una econom\u00eda especulativa enorme, que aumenta much\u00edsimo y que finalmente crea una econom\u00eda de la exclusi\u00f3n\u201d, sigui\u00f3.<\/p>\n<p>\u201cClaro, algunos pueden estar de acuerdo con ello o no, pero nosotros siempre trabajamos todo sobre el magisterio de la Iglesia y lo que dice Francisco\u201d, abund\u00f3.<\/p>\n<p>Estableci\u00f3 que la Red Mundial de Oraci\u00f3n del Papa pretende, con estas iniciativas, sacar a las personas de \u201cun mundo de indiferencia\u201d y llevarlos a una \u201ccultura del encuentro\u201d, porque cada mes abre una ventana sobre una preocupaci\u00f3n del pont\u00edfice sobre el mundo.<\/p>\n<p>\u201cNos saca de nuestro peque\u00f1o universo, que a veces nos asfixia sin darnos cuenta, a fuerza de respirar siempre el mismo aire\u201d, ponder\u00f3.<\/p>\n<p>&nbsp;<\/p>\n<p><iframe loading=\"lazy\" title=\"Peque\u00f1os agricultores \u2013 El Video del Papa \u2013 Abril 2016.\" width=\"740\" height=\"416\" src=\"https:\/\/www.youtube.com\/embed\/ppajlp8IhPg?feature=oembed\" frameborder=\"0\" allow=\"accelerometer; autoplay; clipboard-write; encrypted-media; gyroscope; picture-in-picture; web-share\" referrerpolicy=\"strict-origin-when-cross-origin\" allowfullscreen><\/iframe><\/p>\n","protected":false},"excerpt":{"rendered":"<p>CUIDAD DEL VATICANO, 5 DE ABRIL (C\u00cdRCULO DIGITAL).-\u00a0En el m\u00e1s reciente video viral que ilustra sus intenciones de oraci\u00f3n para&#8230;<\/p>\n","protected":false},"author":1,"featured_media":0,"comment_status":"closed","ping_status":"closed","sticky":false,"template":"","format":"standard","meta":{"footnotes":""},"categories":[101,73],"tags":[145,45,77],"class_list":["post-4292","post","type-post","status-publish","format-standard","hentry","category-internacional","category-principal","tag-internacional","tag-papa-francisco","tag-principal"],"yoast_head":"<!-- This site is optimized with the Yoast SEO plugin v26.5 - https:\/\/yoast.com\/wordpress\/plugins\/seo\/ -->\n<title>En video viral, el Papa critica despojo contra campesinos - NOTICIAS<\/title>\n<meta name=\"robots\" content=\"index, follow, max-snippet:-1, max-image-preview:large, max-video-preview:-1\" \/>\n<link rel=\"canonical\" href=\"https:\/\/laredsocial-noticias.com\/wp\/en-video-viral-el-papa-critica-despojo-contra-campesinos\/\" \/>\n<meta property=\"og:locale\" content=\"es_ES\" \/>\n<meta property=\"og:type\" content=\"article\" \/>\n<meta property=\"og:title\" content=\"En video viral, el Papa critica despojo contra campesinos - NOTICIAS\" \/>\n<meta property=\"og:description\" content=\"CUIDAD DEL VATICANO, 5 DE ABRIL (C\u00cdRCULO DIGITAL).-\u00a0En el m\u00e1s reciente video viral que ilustra sus intenciones de oraci\u00f3n para...\" \/>\n<meta property=\"og:url\" content=\"https:\/\/laredsocial-noticias.com\/wp\/en-video-viral-el-papa-critica-despojo-contra-campesinos\/\" \/>\n<meta property=\"og:site_name\" content=\"NOTICIAS\" \/>\n<meta property=\"article:published_time\" content=\"2016-04-05T17:32:56+00:00\" \/>\n<meta property=\"article:modified_time\" content=\"2016-04-05T17:35:29+00:00\" \/>\n<meta name=\"author\" content=\"Editor en Jefe\" \/>\n<meta name=\"twitter:card\" content=\"summary_large_image\" \/>\n<meta name=\"twitter:label1\" content=\"Escrito por\" \/>\n\t<meta name=\"twitter:data1\" content=\"Editor en Jefe\" \/>\n\t<meta name=\"twitter:label2\" content=\"Tiempo de lectura\" \/>\n\t<meta name=\"twitter:data2\" content=\"3 minutos\" \/>\n<!-- \/ Yoast SEO plugin. -->","yoast_head_json":{"title":"En video viral, el Papa critica despojo contra campesinos - NOTICIAS","robots":{"index":"index","follow":"follow","max-snippet":"max-snippet:-1","max-image-preview":"max-image-preview:large","max-video-preview":"max-video-preview:-1"},"canonical":"https:\/\/laredsocial-noticias.com\/wp\/en-video-viral-el-papa-critica-despojo-contra-campesinos\/","og_locale":"es_ES","og_type":"article","og_title":"En video viral, el Papa critica despojo contra campesinos - NOTICIAS","og_description":"CUIDAD DEL VATICANO, 5 DE ABRIL (C\u00cdRCULO DIGITAL).-\u00a0En el m\u00e1s reciente video viral que ilustra sus intenciones de oraci\u00f3n para...","og_url":"https:\/\/laredsocial-noticias.com\/wp\/en-video-viral-el-papa-critica-despojo-contra-campesinos\/","og_site_name":"NOTICIAS","article_published_time":"2016-04-05T17:32:56+00:00","article_modified_time":"2016-04-05T17:35:29+00:00","author":"Editor en Jefe","twitter_card":"summary_large_image","twitter_misc":{"Escrito por":"Editor en Jefe","Tiempo de lectura":"3 minutos"},"schema":{"@context":"https:\/\/schema.org","@graph":[{"@type":"WebPage","@id":"https:\/\/laredsocial-noticias.com\/wp\/en-video-viral-el-papa-critica-despojo-contra-campesinos\/","url":"https:\/\/laredsocial-noticias.com\/wp\/en-video-viral-el-papa-critica-despojo-contra-campesinos\/","name":"En video viral, el Papa critica despojo contra campesinos - NOTICIAS","isPartOf":{"@id":"https:\/\/laredsocial-noticias.com\/wp\/#website"},"datePublished":"2016-04-05T17:32:56+00:00","dateModified":"2016-04-05T17:35:29+00:00","author":{"@id":"https:\/\/laredsocial-noticias.com\/wp\/#\/schema\/person\/0ce78643f2de7aae6f6ef10e8453a6e0"},"breadcrumb":{"@id":"https:\/\/laredsocial-noticias.com\/wp\/en-video-viral-el-papa-critica-despojo-contra-campesinos\/#breadcrumb"},"inLanguage":"es","potentialAction":[{"@type":"ReadAction","target":["https:\/\/laredsocial-noticias.com\/wp\/en-video-viral-el-papa-critica-despojo-contra-campesinos\/"]}]},{"@type":"BreadcrumbList","@id":"https:\/\/laredsocial-noticias.com\/wp\/en-video-viral-el-papa-critica-despojo-contra-campesinos\/#breadcrumb","itemListElement":[{"@type":"ListItem","position":1,"name":"Portada","item":"https:\/\/laredsocial-noticias.com\/wp\/"},{"@type":"ListItem","position":2,"name":"En video viral, el Papa critica despojo contra campesinos"}]},{"@type":"WebSite","@id":"https:\/\/laredsocial-noticias.com\/wp\/#website","url":"https:\/\/laredsocial-noticias.com\/wp\/","name":"NOTICIAS","description":"Lo que se ve y se dice en las redes sociales","potentialAction":[{"@type":"SearchAction","target":{"@type":"EntryPoint","urlTemplate":"https:\/\/laredsocial-noticias.com\/wp\/?s={search_term_string}"},"query-input":{"@type":"PropertyValueSpecification","valueRequired":true,"valueName":"search_term_string"}}],"inLanguage":"es"},{"@type":"Person","@id":"https:\/\/laredsocial-noticias.com\/wp\/#\/schema\/person\/0ce78643f2de7aae6f6ef10e8453a6e0","name":"Editor en Jefe","url":"https:\/\/laredsocial-noticias.com\/wp\/author\/jorgeochoa\/"}]}},"_links":{"self":[{"href":"https:\/\/laredsocial-noticias.com\/wp\/wp-json\/wp\/v2\/posts\/4292","targetHints":{"allow":["GET"]}}],"collection":[{"href":"https:\/\/laredsocial-noticias.com\/wp\/wp-json\/wp\/v2\/posts"}],"about":[{"href":"https:\/\/laredsocial-noticias.com\/wp\/wp-json\/wp\/v2\/types\/post"}],"author":[{"embeddable":true,"href":"https:\/\/laredsocial-noticias.com\/wp\/wp-json\/wp\/v2\/users\/1"}],"replies":[{"embeddable":true,"href":"https:\/\/laredsocial-noticias.com\/wp\/wp-json\/wp\/v2\/comments?post=4292"}],"version-history":[{"count":1,"href":"https:\/\/laredsocial-noticias.com\/wp\/wp-json\/wp\/v2\/posts\/4292\/revisions"}],"predecessor-version":[{"id":4293,"href":"https:\/\/laredsocial-noticias.com\/wp\/wp-json\/wp\/v2\/posts\/4292\/revisions\/4293"}],"wp:attachment":[{"href":"https:\/\/laredsocial-noticias.com\/wp\/wp-json\/wp\/v2\/media?parent=4292"}],"wp:term":[{"taxonomy":"category","embeddable":true,"href":"https:\/\/laredsocial-noticias.com\/wp\/wp-json\/wp\/v2\/categories?post=4292"},{"taxonomy":"post_tag","embeddable":true,"href":"https:\/\/laredsocial-noticias.com\/wp\/wp-json\/wp\/v2\/tags?post=4292"}],"curies":[{"name":"wp","href":"https:\/\/api.w.org\/{rel}","templated":true}]}}