{"id":43293,"date":"2016-12-19T09:30:19","date_gmt":"2016-12-19T15:30:19","guid":{"rendered":"http:\/\/laredsocial-noticias.com\/wp\/?p=43293"},"modified":"2016-12-19T10:01:47","modified_gmt":"2016-12-19T15:01:47","slug":"clinica-de-imss-88-atiende-a-mas-de-58-mil-derechohabientes","status":"publish","type":"post","link":"https:\/\/laredsocial-noticias.com\/wp\/clinica-de-imss-88-atiende-a-mas-de-58-mil-derechohabientes\/","title":{"rendered":"Cl\u00ednica de IMSS 88 atiende a m\u00e1s de 58 mil derechohabientes"},"content":{"rendered":"<p><strong>Guadalajara, 19 Diciembre (Mensaje Pol\u00edtico\/C\u00cdRCULO DIGITAL).<\/strong>&#8211; El director general la Unidad de Medicina Familiar (UMF) 88 del IMSS Jalisco, Juan Ignacio God\u00ednez Morales, dijo que a 14 a\u00f1os de su apertura se atienden 58 mil 500 derechohabientes.<\/p>\n<p>Record\u00f3 que en sus inicios, en 1988, esta cl\u00ednica operaba en un edificio de departamentos (espacio rentado por la instituci\u00f3n) y apenas contaba con 10 consultorios, por lo que el alcance de atenci\u00f3n no superaba los 42 mil beneficiados.<\/p>\n<p>Se\u00f1al\u00f3 que posteriormente, en 2002, se abre la cl\u00ednica en su actual sede, en la colonia El Sauz.<\/p>\n<p>Agreg\u00f3 que esta unidad se ha destacado en distintas estrategias, programas y proyectos institucionales, as\u00ed como en modelos de gesti\u00f3n de calidad, que incluye la implementaci\u00f3n de un m\u00f3dulo de detecci\u00f3n de c\u00e1ncer de mama, donde las mujeres acceden a modelos muy similares a gl\u00e1ndulas mamarias para poder identificar anomal\u00edas.<\/p>\n<p>God\u00ednez Morales dijo que, adem\u00e1s, la cl\u00ednica cuenta con certificaci\u00f3n por el Consejo de Salubridad General, es una unidad libre de humo de tabaco, ha concluido su capacitaci\u00f3n en el programa &#8216;Ser IMSS&#8217;, implement\u00f3 la estrategia &#8216;UNIFILA&#8217;.<\/p>\n<p>Tambien, obtuvo buenos resultados en la \u00faltima Encuesta de Satisfacci\u00f3n de Derechohabientes (ENSAT) de este a\u00f1o, y en el programa delegacional de orden y limpieza.<\/p>\n<p>El funcionario mencion\u00f3 que actualmente trabajan en la implementaci\u00f3n del modelo de competitividad, &#8220;y recientemente en la cl\u00ednica se adquirieron nuevos equipos como un carro rojo para reanimaci\u00f3n cardio pulmonar (RPC) de \u00faltima generaci\u00f3n y de dos electrocardi\u00f3grafos&#8221;.<\/p>\n<p>Dijo que se brindan 440 consultas de medicina familiar, 90 en Atenci\u00f3n M\u00e9dica Continua, 35 de Estomatolog\u00eda y seis en Salud en el Trabajo.<\/p>\n<p>Mencion\u00f3 que da servicio a 76 pacientes en promedio en el m\u00f3dulo API (atenci\u00f3n preventiva integrada) y chequeos PrevenIMSS, a diario practica 590 estudios laboratoriales, 100 estudios de Rayos X, ocho ultrasonidos, y surte mil 50 recetas m\u00e9dicas.<\/p>\n<p>Puntualiz\u00f3 que para celebrar el 14 aniversario se realizaron eventos conmemorativos, &#8220;adem\u00e1s hubo actividades acad\u00e9micas, culturales y deportivas&#8221;.<\/p>\n","protected":false},"excerpt":{"rendered":"<p>Guadalajara, 19 Diciembre (Mensaje Pol\u00edtico\/C\u00cdRCULO DIGITAL).&#8211; El director general la Unidad de Medicina Familiar (UMF) 88 del IMSS Jalisco, Juan&#8230;<\/p>\n","protected":false},"author":1,"featured_media":0,"comment_status":"closed","ping_status":"closed","sticky":false,"template":"","format":"standard","meta":{"footnotes":""},"categories":[1796,73,2849,2857],"tags":[3529,74,77],"class_list":["post-43293","post","type-post","status-publish","format-standard","hentry","category-circulodigital","category-principal","category-salud","category-salud-y-ciencia","tag-ignacio-godinez","tag-imss","tag-principal"],"yoast_head":"<!-- This site is optimized with the Yoast SEO plugin v26.5 - https:\/\/yoast.com\/wordpress\/plugins\/seo\/ -->\n<title>Cl\u00ednica de IMSS 88 atiende a m\u00e1s de 58 mil derechohabientes - NOTICIAS<\/title>\n<meta name=\"robots\" content=\"index, follow, max-snippet:-1, max-image-preview:large, max-video-preview:-1\" \/>\n<link rel=\"canonical\" href=\"https:\/\/laredsocial-noticias.com\/wp\/clinica-de-imss-88-atiende-a-mas-de-58-mil-derechohabientes\/\" \/>\n<meta property=\"og:locale\" content=\"es_ES\" \/>\n<meta property=\"og:type\" content=\"article\" \/>\n<meta property=\"og:title\" content=\"Cl\u00ednica de IMSS 88 atiende a m\u00e1s de 58 mil derechohabientes - NOTICIAS\" \/>\n<meta property=\"og:description\" content=\"Guadalajara, 19 Diciembre (Mensaje Pol\u00edtico\/C\u00cdRCULO DIGITAL).&#8211; El director general la Unidad de Medicina Familiar (UMF) 88 del IMSS Jalisco, Juan...\" \/>\n<meta property=\"og:url\" content=\"https:\/\/laredsocial-noticias.com\/wp\/clinica-de-imss-88-atiende-a-mas-de-58-mil-derechohabientes\/\" \/>\n<meta property=\"og:site_name\" content=\"NOTICIAS\" \/>\n<meta property=\"article:published_time\" content=\"2016-12-19T15:30:19+00:00\" \/>\n<meta property=\"og:image\" content=\"https:\/\/laredsocial-noticias.com\/wp\/wp-content\/uploads\/2016\/12\/image4.jpg\" \/>\n\t<meta property=\"og:image:width\" content=\"615\" \/>\n\t<meta property=\"og:image:height\" content=\"384\" \/>\n\t<meta property=\"og:image:type\" content=\"image\/jpeg\" \/>\n<meta name=\"author\" content=\"Editor en Jefe\" \/>\n<meta name=\"twitter:card\" content=\"summary_large_image\" \/>\n<meta name=\"twitter:label1\" content=\"Escrito por\" \/>\n\t<meta name=\"twitter:data1\" content=\"Editor en Jefe\" \/>\n\t<meta name=\"twitter:label2\" content=\"Tiempo de lectura\" \/>\n\t<meta name=\"twitter:data2\" content=\"2 minutos\" \/>\n<!-- \/ Yoast SEO plugin. -->","yoast_head_json":{"title":"Cl\u00ednica de IMSS 88 atiende a m\u00e1s de 58 mil derechohabientes - NOTICIAS","robots":{"index":"index","follow":"follow","max-snippet":"max-snippet:-1","max-image-preview":"max-image-preview:large","max-video-preview":"max-video-preview:-1"},"canonical":"https:\/\/laredsocial-noticias.com\/wp\/clinica-de-imss-88-atiende-a-mas-de-58-mil-derechohabientes\/","og_locale":"es_ES","og_type":"article","og_title":"Cl\u00ednica de IMSS 88 atiende a m\u00e1s de 58 mil derechohabientes - NOTICIAS","og_description":"Guadalajara, 19 Diciembre (Mensaje Pol\u00edtico\/C\u00cdRCULO DIGITAL).&#8211; El director general la Unidad de Medicina Familiar (UMF) 88 del IMSS Jalisco, Juan...","og_url":"https:\/\/laredsocial-noticias.com\/wp\/clinica-de-imss-88-atiende-a-mas-de-58-mil-derechohabientes\/","og_site_name":"NOTICIAS","article_published_time":"2016-12-19T15:30:19+00:00","og_image":[{"width":615,"height":384,"url":"https:\/\/laredsocial-noticias.com\/wp\/wp-content\/uploads\/2016\/12\/image4.jpg","type":"image\/jpeg"}],"author":"Editor en Jefe","twitter_card":"summary_large_image","twitter_misc":{"Escrito por":"Editor en Jefe","Tiempo de lectura":"2 minutos"},"schema":{"@context":"https:\/\/schema.org","@graph":[{"@type":"WebPage","@id":"https:\/\/laredsocial-noticias.com\/wp\/clinica-de-imss-88-atiende-a-mas-de-58-mil-derechohabientes\/","url":"https:\/\/laredsocial-noticias.com\/wp\/clinica-de-imss-88-atiende-a-mas-de-58-mil-derechohabientes\/","name":"Cl\u00ednica de IMSS 88 atiende a m\u00e1s de 58 mil derechohabientes - NOTICIAS","isPartOf":{"@id":"https:\/\/laredsocial-noticias.com\/wp\/#website"},"datePublished":"2016-12-19T15:30:19+00:00","author":{"@id":"https:\/\/laredsocial-noticias.com\/wp\/#\/schema\/person\/0ce78643f2de7aae6f6ef10e8453a6e0"},"breadcrumb":{"@id":"https:\/\/laredsocial-noticias.com\/wp\/clinica-de-imss-88-atiende-a-mas-de-58-mil-derechohabientes\/#breadcrumb"},"inLanguage":"es","potentialAction":[{"@type":"ReadAction","target":["https:\/\/laredsocial-noticias.com\/wp\/clinica-de-imss-88-atiende-a-mas-de-58-mil-derechohabientes\/"]}]},{"@type":"BreadcrumbList","@id":"https:\/\/laredsocial-noticias.com\/wp\/clinica-de-imss-88-atiende-a-mas-de-58-mil-derechohabientes\/#breadcrumb","itemListElement":[{"@type":"ListItem","position":1,"name":"Portada","item":"https:\/\/laredsocial-noticias.com\/wp\/"},{"@type":"ListItem","position":2,"name":"Cl\u00ednica de IMSS 88 atiende a m\u00e1s de 58 mil derechohabientes"}]},{"@type":"WebSite","@id":"https:\/\/laredsocial-noticias.com\/wp\/#website","url":"https:\/\/laredsocial-noticias.com\/wp\/","name":"NOTICIAS","description":"Lo que se ve y se dice en las redes sociales","potentialAction":[{"@type":"SearchAction","target":{"@type":"EntryPoint","urlTemplate":"https:\/\/laredsocial-noticias.com\/wp\/?s={search_term_string}"},"query-input":{"@type":"PropertyValueSpecification","valueRequired":true,"valueName":"search_term_string"}}],"inLanguage":"es"},{"@type":"Person","@id":"https:\/\/laredsocial-noticias.com\/wp\/#\/schema\/person\/0ce78643f2de7aae6f6ef10e8453a6e0","name":"Editor en Jefe","url":"https:\/\/laredsocial-noticias.com\/wp\/author\/jorgeochoa\/"}]}},"_links":{"self":[{"href":"https:\/\/laredsocial-noticias.com\/wp\/wp-json\/wp\/v2\/posts\/43293","targetHints":{"allow":["GET"]}}],"collection":[{"href":"https:\/\/laredsocial-noticias.com\/wp\/wp-json\/wp\/v2\/posts"}],"about":[{"href":"https:\/\/laredsocial-noticias.com\/wp\/wp-json\/wp\/v2\/types\/post"}],"author":[{"embeddable":true,"href":"https:\/\/laredsocial-noticias.com\/wp\/wp-json\/wp\/v2\/users\/1"}],"replies":[{"embeddable":true,"href":"https:\/\/laredsocial-noticias.com\/wp\/wp-json\/wp\/v2\/comments?post=43293"}],"version-history":[{"count":1,"href":"https:\/\/laredsocial-noticias.com\/wp\/wp-json\/wp\/v2\/posts\/43293\/revisions"}],"predecessor-version":[{"id":43294,"href":"https:\/\/laredsocial-noticias.com\/wp\/wp-json\/wp\/v2\/posts\/43293\/revisions\/43294"}],"wp:attachment":[{"href":"https:\/\/laredsocial-noticias.com\/wp\/wp-json\/wp\/v2\/media?parent=43293"}],"wp:term":[{"taxonomy":"category","embeddable":true,"href":"https:\/\/laredsocial-noticias.com\/wp\/wp-json\/wp\/v2\/categories?post=43293"},{"taxonomy":"post_tag","embeddable":true,"href":"https:\/\/laredsocial-noticias.com\/wp\/wp-json\/wp\/v2\/tags?post=43293"}],"curies":[{"name":"wp","href":"https:\/\/api.w.org\/{rel}","templated":true}]}}