{"id":4341,"date":"2016-04-05T14:15:49","date_gmt":"2016-04-05T19:15:49","guid":{"rendered":"http:\/\/laredsocial-noticias.com\/wp\/?p=4341"},"modified":"2016-04-05T14:18:22","modified_gmt":"2016-04-05T19:18:22","slug":"desechan-denuncia-contra-emilio-alvarez-icaza","status":"publish","type":"post","link":"https:\/\/laredsocial-noticias.com\/wp\/desechan-denuncia-contra-emilio-alvarez-icaza\/","title":{"rendered":"Desechan denuncia contra Emilio \u00c1lvarez Icaza"},"content":{"rendered":"<p><strong>CIUDAD DE M\u00c9XICO, 5 de abril, (DOBLE TINTA \/ C\u00cdRCULO DIGITAL).&#8211;<\/strong>La Procuradur\u00eda General de la Rep\u00fablica (PGR) inform\u00f3 que en el caso de la acusaci\u00f3n contra Emilio \u00c1lvarez Icaza Longoria por el supuesto delito de fraude se determin\u00f3 el no ejercicio de la acci\u00f3n penal.<\/p>\n<p>Explic\u00f3 que esta determinaci\u00f3n en torno de la averiguaci\u00f3n previa iniciada el pasado 15 de marzo se tom\u00f3 en virtud de que en la denuncia contra \u00c1lvarez Icaza Longoria no se cumplieron los requisitos de procedibilidad.<\/p>\n<p>En una tarjeta informativa, la PGR detall\u00f3 que el 4 de abril hizo la notificaci\u00f3n formal a la Secretar\u00eda de Gobernaci\u00f3n (Segob), en su car\u00e1cter de representante del gobierno federal.<\/p>\n<p>\u00c1lvarez Icaza Longoria asumi\u00f3 en 2012 el cargo de secretario ejecutivo de la Comisi\u00f3n Interamericana de Derechos Humanos (CIDH) y anteriormente se desempe\u00f1\u00f3 como titular de la Comisi\u00f3n de Derechos Humanos del Distrito Federal.<\/p>\n","protected":false},"excerpt":{"rendered":"<p>La Procuradur\u00eda General de la Rep\u00fablica (PGR) inform\u00f3 que en el caso de la acusaci\u00f3n contra Emilio \u00c1lvarez Icaza Longoria por el supuesto delito de fraude se determin\u00f3 el no ejercicio de la acci\u00f3n penal.<\/p>\n","protected":false},"author":1,"featured_media":0,"comment_status":"closed","ping_status":"closed","sticky":false,"template":"","format":"standard","meta":{"footnotes":""},"categories":[78],"tags":[409,735,736,77],"class_list":["post-4341","post","type-post","status-publish","format-standard","hentry","category-nacional","tag-denuncia","tag-desechan","tag-icaza","tag-principal"],"yoast_head":"<!-- This site is optimized with the Yoast SEO plugin v26.5 - https:\/\/yoast.com\/wordpress\/plugins\/seo\/ -->\n<title>Desechan denuncia contra Emilio \u00c1lvarez Icaza - NOTICIAS<\/title>\n<meta name=\"robots\" content=\"index, follow, max-snippet:-1, max-image-preview:large, max-video-preview:-1\" \/>\n<link rel=\"canonical\" href=\"https:\/\/laredsocial-noticias.com\/wp\/desechan-denuncia-contra-emilio-alvarez-icaza\/\" \/>\n<meta property=\"og:locale\" content=\"es_ES\" \/>\n<meta property=\"og:type\" content=\"article\" \/>\n<meta property=\"og:title\" content=\"Desechan denuncia contra Emilio \u00c1lvarez Icaza - NOTICIAS\" \/>\n<meta property=\"og:description\" content=\"La Procuradur\u00eda General de la Rep\u00fablica (PGR) inform\u00f3 que en el caso de la acusaci\u00f3n contra Emilio \u00c1lvarez Icaza Longoria por el supuesto delito de fraude se determin\u00f3 el no ejercicio de la acci\u00f3n penal.\" \/>\n<meta property=\"og:url\" content=\"https:\/\/laredsocial-noticias.com\/wp\/desechan-denuncia-contra-emilio-alvarez-icaza\/\" \/>\n<meta property=\"og:site_name\" content=\"NOTICIAS\" \/>\n<meta property=\"article:published_time\" content=\"2016-04-05T19:15:49+00:00\" \/>\n<meta property=\"article:modified_time\" content=\"2016-04-05T19:18:22+00:00\" \/>\n<meta name=\"author\" content=\"Editor en Jefe\" \/>\n<meta name=\"twitter:card\" content=\"summary_large_image\" \/>\n<meta name=\"twitter:label1\" content=\"Escrito por\" \/>\n\t<meta name=\"twitter:data1\" content=\"Editor en Jefe\" \/>\n\t<meta name=\"twitter:label2\" content=\"Tiempo de lectura\" \/>\n\t<meta name=\"twitter:data2\" content=\"1 minuto\" \/>\n<!-- \/ Yoast SEO plugin. -->","yoast_head_json":{"title":"Desechan denuncia contra Emilio \u00c1lvarez Icaza - NOTICIAS","robots":{"index":"index","follow":"follow","max-snippet":"max-snippet:-1","max-image-preview":"max-image-preview:large","max-video-preview":"max-video-preview:-1"},"canonical":"https:\/\/laredsocial-noticias.com\/wp\/desechan-denuncia-contra-emilio-alvarez-icaza\/","og_locale":"es_ES","og_type":"article","og_title":"Desechan denuncia contra Emilio \u00c1lvarez Icaza - NOTICIAS","og_description":"La Procuradur\u00eda General de la Rep\u00fablica (PGR) inform\u00f3 que en el caso de la acusaci\u00f3n contra Emilio \u00c1lvarez Icaza Longoria por el supuesto delito de fraude se determin\u00f3 el no ejercicio de la acci\u00f3n penal.","og_url":"https:\/\/laredsocial-noticias.com\/wp\/desechan-denuncia-contra-emilio-alvarez-icaza\/","og_site_name":"NOTICIAS","article_published_time":"2016-04-05T19:15:49+00:00","article_modified_time":"2016-04-05T19:18:22+00:00","author":"Editor en Jefe","twitter_card":"summary_large_image","twitter_misc":{"Escrito por":"Editor en Jefe","Tiempo de lectura":"1 minuto"},"schema":{"@context":"https:\/\/schema.org","@graph":[{"@type":"WebPage","@id":"https:\/\/laredsocial-noticias.com\/wp\/desechan-denuncia-contra-emilio-alvarez-icaza\/","url":"https:\/\/laredsocial-noticias.com\/wp\/desechan-denuncia-contra-emilio-alvarez-icaza\/","name":"Desechan denuncia contra Emilio \u00c1lvarez Icaza - NOTICIAS","isPartOf":{"@id":"https:\/\/laredsocial-noticias.com\/wp\/#website"},"datePublished":"2016-04-05T19:15:49+00:00","dateModified":"2016-04-05T19:18:22+00:00","author":{"@id":"https:\/\/laredsocial-noticias.com\/wp\/#\/schema\/person\/0ce78643f2de7aae6f6ef10e8453a6e0"},"breadcrumb":{"@id":"https:\/\/laredsocial-noticias.com\/wp\/desechan-denuncia-contra-emilio-alvarez-icaza\/#breadcrumb"},"inLanguage":"es","potentialAction":[{"@type":"ReadAction","target":["https:\/\/laredsocial-noticias.com\/wp\/desechan-denuncia-contra-emilio-alvarez-icaza\/"]}]},{"@type":"BreadcrumbList","@id":"https:\/\/laredsocial-noticias.com\/wp\/desechan-denuncia-contra-emilio-alvarez-icaza\/#breadcrumb","itemListElement":[{"@type":"ListItem","position":1,"name":"Portada","item":"https:\/\/laredsocial-noticias.com\/wp\/"},{"@type":"ListItem","position":2,"name":"Desechan denuncia contra Emilio \u00c1lvarez Icaza"}]},{"@type":"WebSite","@id":"https:\/\/laredsocial-noticias.com\/wp\/#website","url":"https:\/\/laredsocial-noticias.com\/wp\/","name":"NOTICIAS","description":"Lo que se ve y se dice en las redes sociales","potentialAction":[{"@type":"SearchAction","target":{"@type":"EntryPoint","urlTemplate":"https:\/\/laredsocial-noticias.com\/wp\/?s={search_term_string}"},"query-input":{"@type":"PropertyValueSpecification","valueRequired":true,"valueName":"search_term_string"}}],"inLanguage":"es"},{"@type":"Person","@id":"https:\/\/laredsocial-noticias.com\/wp\/#\/schema\/person\/0ce78643f2de7aae6f6ef10e8453a6e0","name":"Editor en Jefe","url":"https:\/\/laredsocial-noticias.com\/wp\/author\/jorgeochoa\/"}]}},"_links":{"self":[{"href":"https:\/\/laredsocial-noticias.com\/wp\/wp-json\/wp\/v2\/posts\/4341","targetHints":{"allow":["GET"]}}],"collection":[{"href":"https:\/\/laredsocial-noticias.com\/wp\/wp-json\/wp\/v2\/posts"}],"about":[{"href":"https:\/\/laredsocial-noticias.com\/wp\/wp-json\/wp\/v2\/types\/post"}],"author":[{"embeddable":true,"href":"https:\/\/laredsocial-noticias.com\/wp\/wp-json\/wp\/v2\/users\/1"}],"replies":[{"embeddable":true,"href":"https:\/\/laredsocial-noticias.com\/wp\/wp-json\/wp\/v2\/comments?post=4341"}],"version-history":[{"count":0,"href":"https:\/\/laredsocial-noticias.com\/wp\/wp-json\/wp\/v2\/posts\/4341\/revisions"}],"wp:attachment":[{"href":"https:\/\/laredsocial-noticias.com\/wp\/wp-json\/wp\/v2\/media?parent=4341"}],"wp:term":[{"taxonomy":"category","embeddable":true,"href":"https:\/\/laredsocial-noticias.com\/wp\/wp-json\/wp\/v2\/categories?post=4341"},{"taxonomy":"post_tag","embeddable":true,"href":"https:\/\/laredsocial-noticias.com\/wp\/wp-json\/wp\/v2\/tags?post=4341"}],"curies":[{"name":"wp","href":"https:\/\/api.w.org\/{rel}","templated":true}]}}