{"id":44362,"date":"2017-01-02T08:51:16","date_gmt":"2017-01-02T13:51:16","guid":{"rendered":"http:\/\/laredsocial-noticias.com\/wp\/?p=44362"},"modified":"2017-01-02T08:51:16","modified_gmt":"2017-01-02T13:51:16","slug":"estado-islamico-se-atribuye-atentado-en-estambul","status":"publish","type":"post","link":"https:\/\/laredsocial-noticias.com\/wp\/estado-islamico-se-atribuye-atentado-en-estambul\/","title":{"rendered":"Estado Isl\u00e1mico se atribuye atentado en Estambul"},"content":{"rendered":"<p>https:\/\/youtu.be\/wj8uu-Aw1B4<\/p>\n<p>&nbsp;<\/p>\n<p>ESTAMBUL, Turqu\u00eda.- El grupo extremista Estado Isl\u00e1mico se atribuy\u00f3 el lunes la autor\u00eda de una balacera en un club nocturno de Estambul en A\u00f1o Nuevo que caus\u00f3 39 muertos y decenas de heridos.<\/p>\n<p>La agencia de noticias Aamaq, vinculada a la milicia radical, dijo que el ataque fue perpetrado por un &#8220;heroico soldado del califato que atac\u00f3 el club nocturno m\u00e1s famoso donde cristianos celebraban su fiesta pagana&#8221;.<\/p>\n<p class=\"selectionShareable\">El hombre dispar\u00f3 con un rifle autom\u00e1tico &#8220;en venganza por la religi\u00f3n de Dios y en respuesta a las \u00f3rdenes&#8221; del l\u00edder del grupo, Abu Bakr al-Baghdadi.<\/p>\n<p class=\"selectionShareable\">EI describi\u00f3 a Turqu\u00eda como &#8220;el siervo de la cruz&#8221;.<\/p>\n<p class=\"selectionShareable\">Antes el lunes, el diario progubernamental Hurriyet y Karar publicaron informaciones citando oficiales de seguridad no identificados que afirmaron que las autoridades hab\u00edan determinado que el pistolero procede de un pa\u00eds de Asia central, posiblemente de Uzbekist\u00e1n o Kirguist\u00e1n.<\/p>\n<p class=\"selectionShareable\">La polic\u00eda tambi\u00e9n estableci\u00f3 similitudes con el ataque al aeropuerto Ataturk en junio e investiga si la misma c\u00e9lula de la milicia radical podr\u00eda haber perpetrado ambos atentados, agregaron.<\/p>\n<p class=\"selectionShareable\">El atacante, que sigue huido, mat\u00f3 a un polic\u00eda y a otro hombre en el exterior del club Reina en las primeras horas de 2017 antes de disparar con un rifle autom\u00e1tico a las 600 personas que celebraban la llegada del nuevo a\u00f1o en el interior.<\/p>\n<p class=\"selectionShareable\">Casi dos tercios de los fallecidos en la lujosa discoteca, frecuentada por celebridades locales, eran extranjeros, de acuerdo con la agencia de noticias oficial Anadolu. La mayor\u00eda proced\u00edan de pa\u00edses de Medio Oriente.<\/p>\n<p class=\"selectionShareable\">La balacera masiva sigui\u00f3 a los m\u00e1s de 30 actos violentos registrados el a\u00f1o pasado en Turqu\u00eda, que forma parte de la OTAN y de la coalici\u00f3n liderada por Estados Unidos para luchar contra el grupo EI en Siria e Irak.<\/p>\n<p class=\"selectionShareable\">El pa\u00eds fue sacudido por varias explosiones en 2016, incluyendo tres en Estambul, que las autoridades atribuyeron a EI, adem\u00e1s de un intento de golpe de Estado en julio y un renovado conflicto con los rebeldes curdos en el sureste del pa\u00eds.<\/p>\n<p class=\"selectionShareable\">El grupo Estado Isl\u00e1mico asegura tener c\u00e9lulas en el pa\u00eds. Los analistas creen que la formaci\u00f3n fue la responsable de ataques suicidas en enero y marzo que tuvieron como objetivo a turistas en la conocida calle Istiklal de Estambul, y en el aeropuerto Ataturk en junio, que mataron a 45 personas.<\/p>\n<p class=\"selectionShareable\">En diciembre, la milicia radical difundi\u00f3 un video que supuestamente mostraba el asesinato de dos soldados turcos e inst\u00f3 a sus seguidores a &#8220;conquistar&#8221; Estambul. Aviones turcos bombardean regularmente al grupo en la localidad de Al-Bab, en el norte de Siria. Turqu\u00eda no ha confirmado la autenticidad de la grabaci\u00f3n.<\/p>\n","protected":false},"excerpt":{"rendered":"<p>https:\/\/youtu.be\/wj8uu-Aw1B4 &nbsp; ESTAMBUL, Turqu\u00eda.- El grupo extremista Estado Isl\u00e1mico se atribuy\u00f3 el lunes la autor\u00eda de una balacera en un&#8230;<\/p>\n","protected":false},"author":1,"featured_media":0,"comment_status":"open","ping_status":"open","sticky":false,"template":"","format":"standard","meta":{"footnotes":""},"categories":[101,102],"tags":[],"class_list":["post-44362","post","type-post","status-publish","format-standard","hentry","category-internacional","category-internacionales"],"yoast_head":"<!-- This site is optimized with the Yoast SEO plugin v26.5 - https:\/\/yoast.com\/wordpress\/plugins\/seo\/ -->\n<title>Estado Isl\u00e1mico se atribuye atentado en Estambul - NOTICIAS<\/title>\n<meta name=\"robots\" content=\"index, follow, max-snippet:-1, max-image-preview:large, max-video-preview:-1\" \/>\n<link rel=\"canonical\" href=\"https:\/\/laredsocial-noticias.com\/wp\/estado-islamico-se-atribuye-atentado-en-estambul\/\" \/>\n<meta property=\"og:locale\" content=\"es_ES\" \/>\n<meta property=\"og:type\" content=\"article\" \/>\n<meta property=\"og:title\" content=\"Estado Isl\u00e1mico se atribuye atentado en Estambul - NOTICIAS\" \/>\n<meta property=\"og:description\" content=\"https:\/\/youtu.be\/wj8uu-Aw1B4 &nbsp; ESTAMBUL, Turqu\u00eda.- El grupo extremista Estado Isl\u00e1mico se atribuy\u00f3 el lunes la autor\u00eda de una balacera en un...\" \/>\n<meta property=\"og:url\" content=\"https:\/\/laredsocial-noticias.com\/wp\/estado-islamico-se-atribuye-atentado-en-estambul\/\" \/>\n<meta property=\"og:site_name\" content=\"NOTICIAS\" \/>\n<meta property=\"article:published_time\" content=\"2017-01-02T13:51:16+00:00\" \/>\n<meta property=\"og:image\" content=\"https:\/\/laredsocial-noticias.com\/wp\/wp-content\/uploads\/2017\/01\/terrorismo.jpg\" \/>\n\t<meta property=\"og:image:width\" content=\"760\" \/>\n\t<meta property=\"og:image:height\" content=\"416\" \/>\n\t<meta property=\"og:image:type\" content=\"image\/jpeg\" \/>\n<meta name=\"author\" content=\"Editor en Jefe\" \/>\n<meta name=\"twitter:card\" content=\"summary_large_image\" \/>\n<meta name=\"twitter:label1\" content=\"Escrito por\" \/>\n\t<meta name=\"twitter:data1\" content=\"Editor en Jefe\" \/>\n\t<meta name=\"twitter:label2\" content=\"Tiempo de lectura\" \/>\n\t<meta name=\"twitter:data2\" content=\"2 minutos\" \/>\n<!-- \/ Yoast SEO plugin. -->","yoast_head_json":{"title":"Estado Isl\u00e1mico se atribuye atentado en Estambul - NOTICIAS","robots":{"index":"index","follow":"follow","max-snippet":"max-snippet:-1","max-image-preview":"max-image-preview:large","max-video-preview":"max-video-preview:-1"},"canonical":"https:\/\/laredsocial-noticias.com\/wp\/estado-islamico-se-atribuye-atentado-en-estambul\/","og_locale":"es_ES","og_type":"article","og_title":"Estado Isl\u00e1mico se atribuye atentado en Estambul - NOTICIAS","og_description":"https:\/\/youtu.be\/wj8uu-Aw1B4 &nbsp; ESTAMBUL, Turqu\u00eda.- El grupo extremista Estado Isl\u00e1mico se atribuy\u00f3 el lunes la autor\u00eda de una balacera en un...","og_url":"https:\/\/laredsocial-noticias.com\/wp\/estado-islamico-se-atribuye-atentado-en-estambul\/","og_site_name":"NOTICIAS","article_published_time":"2017-01-02T13:51:16+00:00","og_image":[{"width":760,"height":416,"url":"https:\/\/laredsocial-noticias.com\/wp\/wp-content\/uploads\/2017\/01\/terrorismo.jpg","type":"image\/jpeg"}],"author":"Editor en Jefe","twitter_card":"summary_large_image","twitter_misc":{"Escrito por":"Editor en Jefe","Tiempo de lectura":"2 minutos"},"schema":{"@context":"https:\/\/schema.org","@graph":[{"@type":"WebPage","@id":"https:\/\/laredsocial-noticias.com\/wp\/estado-islamico-se-atribuye-atentado-en-estambul\/","url":"https:\/\/laredsocial-noticias.com\/wp\/estado-islamico-se-atribuye-atentado-en-estambul\/","name":"Estado Isl\u00e1mico se atribuye atentado en Estambul - NOTICIAS","isPartOf":{"@id":"https:\/\/laredsocial-noticias.com\/wp\/#website"},"datePublished":"2017-01-02T13:51:16+00:00","author":{"@id":"https:\/\/laredsocial-noticias.com\/wp\/#\/schema\/person\/0ce78643f2de7aae6f6ef10e8453a6e0"},"breadcrumb":{"@id":"https:\/\/laredsocial-noticias.com\/wp\/estado-islamico-se-atribuye-atentado-en-estambul\/#breadcrumb"},"inLanguage":"es","potentialAction":[{"@type":"ReadAction","target":["https:\/\/laredsocial-noticias.com\/wp\/estado-islamico-se-atribuye-atentado-en-estambul\/"]}]},{"@type":"BreadcrumbList","@id":"https:\/\/laredsocial-noticias.com\/wp\/estado-islamico-se-atribuye-atentado-en-estambul\/#breadcrumb","itemListElement":[{"@type":"ListItem","position":1,"name":"Portada","item":"https:\/\/laredsocial-noticias.com\/wp\/"},{"@type":"ListItem","position":2,"name":"Estado Isl\u00e1mico se atribuye atentado en Estambul"}]},{"@type":"WebSite","@id":"https:\/\/laredsocial-noticias.com\/wp\/#website","url":"https:\/\/laredsocial-noticias.com\/wp\/","name":"NOTICIAS","description":"Lo que se ve y se dice en las redes sociales","potentialAction":[{"@type":"SearchAction","target":{"@type":"EntryPoint","urlTemplate":"https:\/\/laredsocial-noticias.com\/wp\/?s={search_term_string}"},"query-input":{"@type":"PropertyValueSpecification","valueRequired":true,"valueName":"search_term_string"}}],"inLanguage":"es"},{"@type":"Person","@id":"https:\/\/laredsocial-noticias.com\/wp\/#\/schema\/person\/0ce78643f2de7aae6f6ef10e8453a6e0","name":"Editor en Jefe","url":"https:\/\/laredsocial-noticias.com\/wp\/author\/jorgeochoa\/"}]}},"_links":{"self":[{"href":"https:\/\/laredsocial-noticias.com\/wp\/wp-json\/wp\/v2\/posts\/44362","targetHints":{"allow":["GET"]}}],"collection":[{"href":"https:\/\/laredsocial-noticias.com\/wp\/wp-json\/wp\/v2\/posts"}],"about":[{"href":"https:\/\/laredsocial-noticias.com\/wp\/wp-json\/wp\/v2\/types\/post"}],"author":[{"embeddable":true,"href":"https:\/\/laredsocial-noticias.com\/wp\/wp-json\/wp\/v2\/users\/1"}],"replies":[{"embeddable":true,"href":"https:\/\/laredsocial-noticias.com\/wp\/wp-json\/wp\/v2\/comments?post=44362"}],"version-history":[{"count":1,"href":"https:\/\/laredsocial-noticias.com\/wp\/wp-json\/wp\/v2\/posts\/44362\/revisions"}],"predecessor-version":[{"id":44364,"href":"https:\/\/laredsocial-noticias.com\/wp\/wp-json\/wp\/v2\/posts\/44362\/revisions\/44364"}],"wp:attachment":[{"href":"https:\/\/laredsocial-noticias.com\/wp\/wp-json\/wp\/v2\/media?parent=44362"}],"wp:term":[{"taxonomy":"category","embeddable":true,"href":"https:\/\/laredsocial-noticias.com\/wp\/wp-json\/wp\/v2\/categories?post=44362"},{"taxonomy":"post_tag","embeddable":true,"href":"https:\/\/laredsocial-noticias.com\/wp\/wp-json\/wp\/v2\/tags?post=44362"}],"curies":[{"name":"wp","href":"https:\/\/api.w.org\/{rel}","templated":true}]}}