{"id":4465,"date":"2016-04-06T11:49:36","date_gmt":"2016-04-06T16:49:36","guid":{"rendered":"http:\/\/laredsocial-noticias.com\/wp\/?p=4465"},"modified":"2016-04-06T11:52:11","modified_gmt":"2016-04-06T16:52:11","slug":"peregrinan-capitalinos-en-transporte-publico-por-doble-hoy-no-circula","status":"publish","type":"post","link":"https:\/\/laredsocial-noticias.com\/wp\/peregrinan-capitalinos-en-transporte-publico-por-doble-hoy-no-circula\/","title":{"rendered":"Peregrinan capitalinos en transporte p\u00fablico por doble Hoy No Circula"},"content":{"rendered":"<p><strong>CIUDAD DE M\u00c9XICO, 6 de abril, (CDMX \/ C\u00cdRCULO DIGITAL).&#8211;<\/strong>En un ambiente de descontento y confusi\u00f3n, miles de capitalinos iniciaron este mi\u00e9rcoles su peregrinaci\u00f3n en el transporte colectivo de la Ciudad de M\u00e9xico ante la declaraci\u00f3n de la primera Contingencia Ambiental con un doble \u201cHoy no Circula\u201d.<\/p>\n<p>Este hist\u00f3rico hecho se da a un escaso d\u00eda de haber entrado en vigor esta nueva disposici\u00f3n temporal por parte de la Comisi\u00f3n Ambiental de la Megal\u00f3polis (CAMe), debido a que se rebasaron los 150 puntos que determinan la activaci\u00f3n de esta medida.<\/p>\n<p>Durante un recorrido por calles y principales sistemas de transporte de la ciudad se corrobor\u00f3 que en efecto el tr\u00e1nsito vehicular es menos pesado de lo que normalmente suele ser los mi\u00e9rcoles, debido a que dej\u00f3 de circular cerca de 40 por ciento del parque vehicular.<\/p>\n<p>Sin embargo, el malestar es m\u00e1s que evidente, ya que muchos de los capitalinos han tenido que lidiar con el sistema de transporte p\u00fablico, el cual resulta ser m\u00e1s que insuficiente.<\/p>\n<p>\u201cHab\u00eda olvidado por qu\u00e9 me compr\u00e9 el coche\u201d, comenta Francisco Garza, quien a diario tiene que viajar a Polanco a trabajar y ahora debe volver a subir al \u201cpesero\u201d de la ruta 108 que recorre el Eje 3 Oriente, famosas por estarse literalmente cayendo a pedazos y ser conducidas hasta por adolescentes de 14 a\u00f1os.<\/p>\n<p>\u201cLa verdad es que hasta dos veces por semana me llegaron a asaltar cuando regresaba de trabajar. En una ocasi\u00f3n hasta termin\u00e9 en el hospital porque el conductor iba jugando a las carreras con otro pesero y choc\u00f3. Por eso me compr\u00e9 el coche\u201d, comenta molesto mientras se sienta en los incomodos asientos recortados, en los que apenas puede entrar.<\/p>\n<p>Lo mismo pasa en el Sistema de Transporte Colectivo (STC) Metro, el cual se ve m\u00e1s que rebasado por la cantidad de gente que viaja entre las 7:00 y las 9:00 horas.<\/p>\n<p>Entre insultos y recordatorios, en la estaci\u00f3n de Atlalilco cientos de pasajeros se part\u00edan el alma por entrar a los vagones de la denominada \u201cL\u00ednea Dorada\u201d.<\/p>\n<p>Pedrito, uno hombre humilde de avanzada edad, de plano decide quedarse recargado en la pared en espera de que se calme la situaci\u00f3n, luego de lo cual comenta con el cl\u00e1sico humor mexicano: \u201cahora s\u00ed que viajar en Metro se ha convertido en toda una experiencia escatol\u00f3gica. Entras a presi\u00f3n como supositorio y sales expulsado como barrito\u201d.<\/p>\n<p>Por fortuna, despu\u00e9s de cinco trenes la l\u00ednea manda estrat\u00e9gicamente un tren vac\u00edo para parar en esta estaci\u00f3n y liberar un poco la presi\u00f3n generada por la mayor demanda.<\/p>\n<p>Sin embargo, a pesar de que este mi\u00e9rcoles no circulan tanto los veh\u00edculos con engomados rojo y azul, no faltan los temerarios que se atreven a usar sus autom\u00f3viles a pesar de que hoy no circula.<\/p>\n<p>\u201cMe vale. Tu sabes lo dif\u00edcil que es llegar a Santa Fe en transporte p\u00fablico. Adem\u00e1s, mi coche es del a\u00f1o. Se me hace una reverenda tonter\u00eda que nos pongan ahora estas restricciones, adem\u00e1s de exigirnos verificar los veh\u00edculos, para que ahora me digan que no circula\u201d, comenta molesto Armando.<\/p>\n<p>\u201cTotal, me voy por la autopista urbana del sur y luego por la Super V\u00eda Poniente. Ya parece que van a poner polic\u00edas a detener a todos los que nos vamos por ah\u00ed\u201d, comenta con palabras altisonantes mientras se sube a su veh\u00edculo con engomado azul para ir a trabajar.<\/p>\n<p>Finalmente no faltan quienes aprovechan el sistema de servicio de transporte por aplicaci\u00f3n, como Uber y Cabify; sin embargo, el servicio tambi\u00e9n se encuentra rebasado por la demanda, por lo que las aplicaciones advierten a los usuarios esperar de siete a 15 minutos e incluso anuncian la falta de veh\u00edculos por ser \u201chora pico\u201d.<\/p>\n<p>Por lo pronto, este mi\u00e9rcoles apenas comienza y no ser\u00e1 sino hasta la tarde cuando la CAMe anuncie si en efecto funcion\u00f3 la medida para levantar la Fase 1 de Contingencia Ambiental para el jueves.<\/p>\n","protected":false},"excerpt":{"rendered":"<p>En un ambiente de descontento y confusi\u00f3n, miles de capitalinos iniciaron este mi\u00e9rcoles su peregrinaci\u00f3n en el transporte colectivo de la Ciudad de M\u00e9xico ante la declaraci\u00f3n de la primera Contingencia Ambiental con un doble \u201cHoy no Circula\u201d.<\/p>\n","protected":false},"author":1,"featured_media":0,"comment_status":"closed","ping_status":"closed","sticky":false,"template":"","format":"standard","meta":{"footnotes":""},"categories":[91,73],"tags":[733,807,77,808,138],"class_list":["post-4465","post","type-post","status-publish","format-standard","hentry","category-cdmx","category-principal","tag-capitalinos","tag-perigrinan","tag-principal","tag-publico","tag-transporte"],"yoast_head":"<!-- This site is optimized with the Yoast SEO plugin v26.5 - https:\/\/yoast.com\/wordpress\/plugins\/seo\/ -->\n<title>Peregrinan capitalinos en transporte p\u00fablico por doble Hoy No Circula - NOTICIAS<\/title>\n<meta name=\"robots\" content=\"index, follow, max-snippet:-1, max-image-preview:large, max-video-preview:-1\" \/>\n<link rel=\"canonical\" href=\"https:\/\/laredsocial-noticias.com\/wp\/peregrinan-capitalinos-en-transporte-publico-por-doble-hoy-no-circula\/\" \/>\n<meta property=\"og:locale\" content=\"es_ES\" \/>\n<meta property=\"og:type\" content=\"article\" \/>\n<meta property=\"og:title\" content=\"Peregrinan capitalinos en transporte p\u00fablico por doble Hoy No Circula - NOTICIAS\" \/>\n<meta property=\"og:description\" content=\"En un ambiente de descontento y confusi\u00f3n, miles de capitalinos iniciaron este mi\u00e9rcoles su peregrinaci\u00f3n en el transporte colectivo de la Ciudad de M\u00e9xico ante la declaraci\u00f3n de la primera Contingencia Ambiental con un doble \u201cHoy no Circula\u201d.\" \/>\n<meta property=\"og:url\" content=\"https:\/\/laredsocial-noticias.com\/wp\/peregrinan-capitalinos-en-transporte-publico-por-doble-hoy-no-circula\/\" \/>\n<meta property=\"og:site_name\" content=\"NOTICIAS\" \/>\n<meta property=\"article:published_time\" content=\"2016-04-06T16:49:36+00:00\" \/>\n<meta property=\"article:modified_time\" content=\"2016-04-06T16:52:11+00:00\" \/>\n<meta name=\"author\" content=\"Editor en Jefe\" \/>\n<meta name=\"twitter:card\" content=\"summary_large_image\" \/>\n<meta name=\"twitter:label1\" content=\"Escrito por\" \/>\n\t<meta name=\"twitter:data1\" content=\"Editor en Jefe\" \/>\n\t<meta name=\"twitter:label2\" content=\"Tiempo de lectura\" \/>\n\t<meta name=\"twitter:data2\" content=\"3 minutos\" \/>\n<!-- \/ Yoast SEO plugin. -->","yoast_head_json":{"title":"Peregrinan capitalinos en transporte p\u00fablico por doble Hoy No Circula - NOTICIAS","robots":{"index":"index","follow":"follow","max-snippet":"max-snippet:-1","max-image-preview":"max-image-preview:large","max-video-preview":"max-video-preview:-1"},"canonical":"https:\/\/laredsocial-noticias.com\/wp\/peregrinan-capitalinos-en-transporte-publico-por-doble-hoy-no-circula\/","og_locale":"es_ES","og_type":"article","og_title":"Peregrinan capitalinos en transporte p\u00fablico por doble Hoy No Circula - NOTICIAS","og_description":"En un ambiente de descontento y confusi\u00f3n, miles de capitalinos iniciaron este mi\u00e9rcoles su peregrinaci\u00f3n en el transporte colectivo de la Ciudad de M\u00e9xico ante la declaraci\u00f3n de la primera Contingencia Ambiental con un doble \u201cHoy no Circula\u201d.","og_url":"https:\/\/laredsocial-noticias.com\/wp\/peregrinan-capitalinos-en-transporte-publico-por-doble-hoy-no-circula\/","og_site_name":"NOTICIAS","article_published_time":"2016-04-06T16:49:36+00:00","article_modified_time":"2016-04-06T16:52:11+00:00","author":"Editor en Jefe","twitter_card":"summary_large_image","twitter_misc":{"Escrito por":"Editor en Jefe","Tiempo de lectura":"3 minutos"},"schema":{"@context":"https:\/\/schema.org","@graph":[{"@type":"WebPage","@id":"https:\/\/laredsocial-noticias.com\/wp\/peregrinan-capitalinos-en-transporte-publico-por-doble-hoy-no-circula\/","url":"https:\/\/laredsocial-noticias.com\/wp\/peregrinan-capitalinos-en-transporte-publico-por-doble-hoy-no-circula\/","name":"Peregrinan capitalinos en transporte p\u00fablico por doble Hoy No Circula - NOTICIAS","isPartOf":{"@id":"https:\/\/laredsocial-noticias.com\/wp\/#website"},"datePublished":"2016-04-06T16:49:36+00:00","dateModified":"2016-04-06T16:52:11+00:00","author":{"@id":"https:\/\/laredsocial-noticias.com\/wp\/#\/schema\/person\/0ce78643f2de7aae6f6ef10e8453a6e0"},"breadcrumb":{"@id":"https:\/\/laredsocial-noticias.com\/wp\/peregrinan-capitalinos-en-transporte-publico-por-doble-hoy-no-circula\/#breadcrumb"},"inLanguage":"es","potentialAction":[{"@type":"ReadAction","target":["https:\/\/laredsocial-noticias.com\/wp\/peregrinan-capitalinos-en-transporte-publico-por-doble-hoy-no-circula\/"]}]},{"@type":"BreadcrumbList","@id":"https:\/\/laredsocial-noticias.com\/wp\/peregrinan-capitalinos-en-transporte-publico-por-doble-hoy-no-circula\/#breadcrumb","itemListElement":[{"@type":"ListItem","position":1,"name":"Portada","item":"https:\/\/laredsocial-noticias.com\/wp\/"},{"@type":"ListItem","position":2,"name":"Peregrinan capitalinos en transporte p\u00fablico por doble Hoy No Circula"}]},{"@type":"WebSite","@id":"https:\/\/laredsocial-noticias.com\/wp\/#website","url":"https:\/\/laredsocial-noticias.com\/wp\/","name":"NOTICIAS","description":"Lo que se ve y se dice en las redes sociales","potentialAction":[{"@type":"SearchAction","target":{"@type":"EntryPoint","urlTemplate":"https:\/\/laredsocial-noticias.com\/wp\/?s={search_term_string}"},"query-input":{"@type":"PropertyValueSpecification","valueRequired":true,"valueName":"search_term_string"}}],"inLanguage":"es"},{"@type":"Person","@id":"https:\/\/laredsocial-noticias.com\/wp\/#\/schema\/person\/0ce78643f2de7aae6f6ef10e8453a6e0","name":"Editor en Jefe","url":"https:\/\/laredsocial-noticias.com\/wp\/author\/jorgeochoa\/"}]}},"_links":{"self":[{"href":"https:\/\/laredsocial-noticias.com\/wp\/wp-json\/wp\/v2\/posts\/4465","targetHints":{"allow":["GET"]}}],"collection":[{"href":"https:\/\/laredsocial-noticias.com\/wp\/wp-json\/wp\/v2\/posts"}],"about":[{"href":"https:\/\/laredsocial-noticias.com\/wp\/wp-json\/wp\/v2\/types\/post"}],"author":[{"embeddable":true,"href":"https:\/\/laredsocial-noticias.com\/wp\/wp-json\/wp\/v2\/users\/1"}],"replies":[{"embeddable":true,"href":"https:\/\/laredsocial-noticias.com\/wp\/wp-json\/wp\/v2\/comments?post=4465"}],"version-history":[{"count":0,"href":"https:\/\/laredsocial-noticias.com\/wp\/wp-json\/wp\/v2\/posts\/4465\/revisions"}],"wp:attachment":[{"href":"https:\/\/laredsocial-noticias.com\/wp\/wp-json\/wp\/v2\/media?parent=4465"}],"wp:term":[{"taxonomy":"category","embeddable":true,"href":"https:\/\/laredsocial-noticias.com\/wp\/wp-json\/wp\/v2\/categories?post=4465"},{"taxonomy":"post_tag","embeddable":true,"href":"https:\/\/laredsocial-noticias.com\/wp\/wp-json\/wp\/v2\/tags?post=4465"}],"curies":[{"name":"wp","href":"https:\/\/api.w.org\/{rel}","templated":true}]}}