{"id":44766,"date":"2017-01-05T11:57:14","date_gmt":"2017-01-05T17:57:14","guid":{"rendered":"http:\/\/laredsocial-noticias.com\/wp\/?p=44766"},"modified":"2017-01-05T12:57:43","modified_gmt":"2017-01-05T17:57:43","slug":"policias-aprovechan-saqueos-y-se-unen-a-la-rapina","status":"publish","type":"post","link":"https:\/\/laredsocial-noticias.com\/wp\/policias-aprovechan-saqueos-y-se-unen-a-la-rapina\/","title":{"rendered":"Polic\u00edas aprovechan saqueos y se unen a la rapi\u00f1a"},"content":{"rendered":"<p><strong>CIDUAD DE M\u00c9XICO, 05 de diciembre, (AGENCIAS \/ C\u00cdRCULO DIGITAL).- Por Mar\u00eda de los \u00c1ngeles Velasco.\u00a0<\/strong>Un video difundido en redes sociales muestra a polic\u00edas del Estado de M\u00e9xico subiendo mercanc\u00eda, de una tienda que fue previamente saqueada, a sus patrullas.<\/p>\n<p>En las im\u00e1genes se observa a una veintena de polic\u00edas y al menos 9 veh\u00edculos oficiales estacionados afuera de una <strong>Bodega Aurrera <\/strong>y al lado de una <strong>gasolinera<\/strong>, de la colonia\u00a0Altavilla en el municipio de Ecatepec.<\/p>\n<p>Se aprecia que cuatro de los agentes con uniforme de la<strong> Comisi\u00f3n Estatal de Seguridad Ciudadana<\/strong> (<strong>CES<\/strong>) guardan cajas y hasta un carrito del super en\u00a0las cajuelas de las patrullas de la <strong>Polic\u00eda Estatal <\/strong>con n\u00fameros 08119 y 20942.<\/p>\n<p><a href=\"https:\/\/www.youtube.com\/watch?v=Yr8AZUs6c3o\">https:\/\/www.youtube.com\/watch?v=Yr8AZUs6c3o<\/a><\/p>\n<p>Ante los saqueos y robos registrados en las ultimas 24 horas, en el <strong>Estado de M\u00e9xico <\/strong>han sido detenidas 430 personas, entre ellos cuatro elementos de la<strong>Comisi\u00f3n Estatal de Seguridad Ciudadana<\/strong>, captados en video tomando mercancia de una tienda saqueada.<\/p>\n<p>El gobierno del Estado de M\u00e9xico indic\u00f3 que en el caso de los <strong>oficiales fueron exhibidos en un video del saqueo de la Bodega Aurrera\u00a0<\/strong>de la <strong>colonia \u00a0Altavilla en Ecatepec<\/strong>, en donde se observa a los oficiales que llegaron al lugar a poner orden.<\/p>\n<p>Sin embargo, ellos guardan en sus patrullas objetos que quedaron tirados en la calle, despu\u00e9s de huir las personas que vandalizaron.<\/p>\n<p>Ante ello fueron retirados de sus funciones y presentados ante el Ministerio P\u00fablico para determinar su probable responsabilidad en algun hecho delictivo.<\/p>\n<p>Por otra parte, inform\u00f3 que de acuerdo con un corte informado proporcionado por la Fscal\u00eda General de Justicia del estado de M\u00e9xico hasta las 6 de la ma\u00f1ana se tiene el registro de 430 personas detenidas por su presunta participaci\u00f3n en actos vand\u00e1licos, en 75 puestas a disposici\u00f3n ante el Ministerio P\u00fablico.<\/p>\n<p>Enre los detenidos se encuentran 306 adultos, 255 hombres y 51 mujeres, as\u00ed como 124 menores de edad.<\/p>\n<p>&nbsp;<\/p>\n<p><strong>Excelsior<\/strong><\/p>\n","protected":false},"excerpt":{"rendered":"<p>CIDUAD DE M\u00c9XICO, 05 de diciembre, (AGENCIAS \/ C\u00cdRCULO DIGITAL).- Por Mar\u00eda de los \u00c1ngeles Velasco.\u00a0Un video difundido en redes&#8230;<\/p>\n","protected":false},"author":1,"featured_media":0,"comment_status":"closed","ping_status":"closed","sticky":false,"template":"","format":"standard","meta":{"footnotes":""},"categories":[1796,73],"tags":[332,77],"class_list":["post-44766","post","type-post","status-publish","format-standard","hentry","category-circulodigital","category-principal","tag-mexico","tag-principal"],"yoast_head":"<!-- This site is optimized with the Yoast SEO plugin v26.5 - https:\/\/yoast.com\/wordpress\/plugins\/seo\/ -->\n<title>Polic\u00edas aprovechan saqueos y se unen a la rapi\u00f1a - NOTICIAS<\/title>\n<meta name=\"robots\" content=\"index, follow, max-snippet:-1, max-image-preview:large, max-video-preview:-1\" \/>\n<link rel=\"canonical\" href=\"https:\/\/laredsocial-noticias.com\/wp\/policias-aprovechan-saqueos-y-se-unen-a-la-rapina\/\" \/>\n<meta property=\"og:locale\" content=\"es_ES\" \/>\n<meta property=\"og:type\" content=\"article\" \/>\n<meta property=\"og:title\" content=\"Polic\u00edas aprovechan saqueos y se unen a la rapi\u00f1a - NOTICIAS\" \/>\n<meta property=\"og:description\" content=\"CIDUAD DE M\u00c9XICO, 05 de diciembre, (AGENCIAS \/ C\u00cdRCULO DIGITAL).- Por Mar\u00eda de los \u00c1ngeles Velasco.\u00a0Un video difundido en redes...\" \/>\n<meta property=\"og:url\" content=\"https:\/\/laredsocial-noticias.com\/wp\/policias-aprovechan-saqueos-y-se-unen-a-la-rapina\/\" \/>\n<meta property=\"og:site_name\" content=\"NOTICIAS\" \/>\n<meta property=\"article:published_time\" content=\"2017-01-05T17:57:14+00:00\" \/>\n<meta property=\"article:modified_time\" content=\"2017-01-05T17:57:43+00:00\" \/>\n<meta property=\"og:image\" content=\"https:\/\/laredsocial-noticias.com\/wp\/wp-content\/uploads\/2017\/01\/policia1.jpg\" \/>\n\t<meta property=\"og:image:width\" content=\"664\" \/>\n\t<meta property=\"og:image:height\" content=\"498\" \/>\n\t<meta property=\"og:image:type\" content=\"image\/jpeg\" \/>\n<meta name=\"author\" content=\"Editor en Jefe\" \/>\n<meta name=\"twitter:card\" content=\"summary_large_image\" \/>\n<meta name=\"twitter:label1\" content=\"Escrito por\" \/>\n\t<meta name=\"twitter:data1\" content=\"Editor en Jefe\" \/>\n\t<meta name=\"twitter:label2\" content=\"Tiempo de lectura\" \/>\n\t<meta name=\"twitter:data2\" content=\"2 minutos\" \/>\n<!-- \/ Yoast SEO plugin. -->","yoast_head_json":{"title":"Polic\u00edas aprovechan saqueos y se unen a la rapi\u00f1a - NOTICIAS","robots":{"index":"index","follow":"follow","max-snippet":"max-snippet:-1","max-image-preview":"max-image-preview:large","max-video-preview":"max-video-preview:-1"},"canonical":"https:\/\/laredsocial-noticias.com\/wp\/policias-aprovechan-saqueos-y-se-unen-a-la-rapina\/","og_locale":"es_ES","og_type":"article","og_title":"Polic\u00edas aprovechan saqueos y se unen a la rapi\u00f1a - NOTICIAS","og_description":"CIDUAD DE M\u00c9XICO, 05 de diciembre, (AGENCIAS \/ C\u00cdRCULO DIGITAL).- Por Mar\u00eda de los \u00c1ngeles Velasco.\u00a0Un video difundido en redes...","og_url":"https:\/\/laredsocial-noticias.com\/wp\/policias-aprovechan-saqueos-y-se-unen-a-la-rapina\/","og_site_name":"NOTICIAS","article_published_time":"2017-01-05T17:57:14+00:00","article_modified_time":"2017-01-05T17:57:43+00:00","og_image":[{"width":664,"height":498,"url":"https:\/\/laredsocial-noticias.com\/wp\/wp-content\/uploads\/2017\/01\/policia1.jpg","type":"image\/jpeg"}],"author":"Editor en Jefe","twitter_card":"summary_large_image","twitter_misc":{"Escrito por":"Editor en Jefe","Tiempo de lectura":"2 minutos"},"schema":{"@context":"https:\/\/schema.org","@graph":[{"@type":"WebPage","@id":"https:\/\/laredsocial-noticias.com\/wp\/policias-aprovechan-saqueos-y-se-unen-a-la-rapina\/","url":"https:\/\/laredsocial-noticias.com\/wp\/policias-aprovechan-saqueos-y-se-unen-a-la-rapina\/","name":"Polic\u00edas aprovechan saqueos y se unen a la rapi\u00f1a - NOTICIAS","isPartOf":{"@id":"https:\/\/laredsocial-noticias.com\/wp\/#website"},"datePublished":"2017-01-05T17:57:14+00:00","dateModified":"2017-01-05T17:57:43+00:00","author":{"@id":"https:\/\/laredsocial-noticias.com\/wp\/#\/schema\/person\/0ce78643f2de7aae6f6ef10e8453a6e0"},"breadcrumb":{"@id":"https:\/\/laredsocial-noticias.com\/wp\/policias-aprovechan-saqueos-y-se-unen-a-la-rapina\/#breadcrumb"},"inLanguage":"es","potentialAction":[{"@type":"ReadAction","target":["https:\/\/laredsocial-noticias.com\/wp\/policias-aprovechan-saqueos-y-se-unen-a-la-rapina\/"]}]},{"@type":"BreadcrumbList","@id":"https:\/\/laredsocial-noticias.com\/wp\/policias-aprovechan-saqueos-y-se-unen-a-la-rapina\/#breadcrumb","itemListElement":[{"@type":"ListItem","position":1,"name":"Portada","item":"https:\/\/laredsocial-noticias.com\/wp\/"},{"@type":"ListItem","position":2,"name":"Polic\u00edas aprovechan saqueos y se unen a la rapi\u00f1a"}]},{"@type":"WebSite","@id":"https:\/\/laredsocial-noticias.com\/wp\/#website","url":"https:\/\/laredsocial-noticias.com\/wp\/","name":"NOTICIAS","description":"Lo que se ve y se dice en las redes sociales","potentialAction":[{"@type":"SearchAction","target":{"@type":"EntryPoint","urlTemplate":"https:\/\/laredsocial-noticias.com\/wp\/?s={search_term_string}"},"query-input":{"@type":"PropertyValueSpecification","valueRequired":true,"valueName":"search_term_string"}}],"inLanguage":"es"},{"@type":"Person","@id":"https:\/\/laredsocial-noticias.com\/wp\/#\/schema\/person\/0ce78643f2de7aae6f6ef10e8453a6e0","name":"Editor en Jefe","url":"https:\/\/laredsocial-noticias.com\/wp\/author\/jorgeochoa\/"}]}},"_links":{"self":[{"href":"https:\/\/laredsocial-noticias.com\/wp\/wp-json\/wp\/v2\/posts\/44766","targetHints":{"allow":["GET"]}}],"collection":[{"href":"https:\/\/laredsocial-noticias.com\/wp\/wp-json\/wp\/v2\/posts"}],"about":[{"href":"https:\/\/laredsocial-noticias.com\/wp\/wp-json\/wp\/v2\/types\/post"}],"author":[{"embeddable":true,"href":"https:\/\/laredsocial-noticias.com\/wp\/wp-json\/wp\/v2\/users\/1"}],"replies":[{"embeddable":true,"href":"https:\/\/laredsocial-noticias.com\/wp\/wp-json\/wp\/v2\/comments?post=44766"}],"version-history":[{"count":1,"href":"https:\/\/laredsocial-noticias.com\/wp\/wp-json\/wp\/v2\/posts\/44766\/revisions"}],"predecessor-version":[{"id":44767,"href":"https:\/\/laredsocial-noticias.com\/wp\/wp-json\/wp\/v2\/posts\/44766\/revisions\/44767"}],"wp:attachment":[{"href":"https:\/\/laredsocial-noticias.com\/wp\/wp-json\/wp\/v2\/media?parent=44766"}],"wp:term":[{"taxonomy":"category","embeddable":true,"href":"https:\/\/laredsocial-noticias.com\/wp\/wp-json\/wp\/v2\/categories?post=44766"},{"taxonomy":"post_tag","embeddable":true,"href":"https:\/\/laredsocial-noticias.com\/wp\/wp-json\/wp\/v2\/tags?post=44766"}],"curies":[{"name":"wp","href":"https:\/\/api.w.org\/{rel}","templated":true}]}}