{"id":45237,"date":"2017-01-08T14:57:14","date_gmt":"2017-01-08T20:57:14","guid":{"rendered":"http:\/\/laredsocial-noticias.com\/wp\/?p=45237"},"modified":"2017-01-08T15:57:32","modified_gmt":"2017-01-08T20:57:32","slug":"congreso-inicia-el-martes-trabajos-para-establecer-el-papel-de-las-fuerzas-armadas-en-combate-al-crimen","status":"publish","type":"post","link":"https:\/\/laredsocial-noticias.com\/wp\/congreso-inicia-el-martes-trabajos-para-establecer-el-papel-de-las-fuerzas-armadas-en-combate-al-crimen\/","title":{"rendered":"Congreso inicia el martes trabajos para establecer el papel de las fuerzas armadas en combate al crimen"},"content":{"rendered":"<p><strong>CIUDAD DE M\u00c9XICO, 8 de enero, (DAVID POLANCO \/ MENSAJE POL\u00cdTICO \/ C\u00cdRCULO DIGITAL).\u2014<\/strong>El pr\u00f3ximo martes 10 de enero iniciar\u00e1n los trabajos para determinar el papel que deben cumplir el Ej\u00e9rcito Mexicano, la Fuerza A\u00e9rea y la Marina Nacional en materia de seguridad interior del pa\u00eds.<\/p>\n<p>Lo anterior, fue informado por el presidente del Senado de la Rep\u00fablica, Pablo Escudero Morales, quien detall\u00f3 que a las 12:00 horas de ese d\u00eda, se reunir\u00e1n en el Senado de la Rep\u00fablica las Comisiones de ambas c\u00e1maras, as\u00ed como con especialistas y servidores p\u00fablicos, para dar comienzo a esta etapa final de discusi\u00f3n legislativa.<\/p>\n<p>El Secretario de la Defensa Nacional, Salvador Cienfuegos Zepeda, solicit\u00f3 al Poder Legislativo de la Uni\u00f3n que defina cu\u00e1l debe ser el papel de las fuerzas armadas en materia de seguridad nacional y seguridad p\u00fablica, con un acento especial en lo que toca al combate al narcotr\u00e1fico y otros il\u00edcitos que comete la delincuencia organizada.<\/p>\n<p>El Congreso de la Uni\u00f3n ofreci\u00f3 que en los primeros meses del a\u00f1o estar\u00e1 lista la legislaci\u00f3n al respecto, por lo que el comienzo de estos trabajos anunciado por Pablo Escudero es se\u00f1al de que van por buen camino.<\/p>\n<p>Escudero, en un comunicado, expres\u00f3 que en la reuni\u00f3n del pr\u00f3ximo martes participar\u00e1n senadores y diputados de los grupos parlamentarios, as\u00ed como la Consejer\u00eda Jur\u00eddica del Ejecutivo Federal, adem\u00e1s el acad\u00e9mico y doctor Jorge Islas.<\/p>\n<p>El l\u00edder senatorial dijo que, tras la inauguraci\u00f3n de los trabajos el pr\u00f3ximo martes, los presidentes del Senado de la Rep\u00fablica y de la C\u00e1mara de Diputados, junto con los de las respectivas comisiones dictaminadoras de ambas c\u00e1maras, se reunir\u00e1n para establecer los mecanismos de coordinaci\u00f3n para llevar a cabo los trabajos en conferencia, con el objeto de agilizar el an\u00e1lisis y dictamen de las iniciativas, y expeditar el despacho del proceso legislativo.<\/p>\n<p>Escudero Morales reiter\u00f3 que la finalidad es crear un ordenamiento jur\u00eddico que regule la funci\u00f3n del Estado para preservar la seguridad interior, el orden constitucional, el estado de derecho, la gobernabilidad democr\u00e1tica y los derechos humanos, as\u00ed como establecer los procedimientos y las bases de coordinaci\u00f3n en los tres \u00f3rdenes de gobierno.<\/p>\n<p>El senador record\u00f3 que las comisiones encargadas del proceso de dictaminaci\u00f3n son: Seguridad P\u00fablica, de Defensa Nacional, de Marina, de Gobernaci\u00f3n y de Estudios Legislativos, Segunda, por parte del Senado de la Rep\u00fablica; y la Comisi\u00f3n de Gobernaci\u00f3n, la Comisi\u00f3n de Seguridad P\u00fablica y la Comisi\u00f3n de Presupuesto y Cuenta P\u00fablica, de la C\u00e1mara de Diputados.<\/p>\n","protected":false},"excerpt":{"rendered":"<p>El pr\u00f3ximo martes 10 de enero iniciar\u00e1n los trabajos para determinar el papel que deben cumplir el Ej\u00e9rcito Mexicano y la Marina Nacional en materia de seguridad interior del pa\u00eds.<\/p>\n","protected":false},"author":1,"featured_media":0,"comment_status":"closed","ping_status":"closed","sticky":false,"template":"","format":"standard","meta":{"footnotes":""},"categories":[1796,73],"tags":[261,388,3436,3571,225,77,60],"class_list":["post-45237","post","type-post","status-publish","format-standard","hentry","category-circulodigital","category-principal","tag-cdmx","tag-especiales","tag-fuerzas-armadas","tag-ley-de-seguridad","tag-militares","tag-principal","tag-senado"],"yoast_head":"<!-- This site is optimized with the Yoast SEO plugin v26.5 - https:\/\/yoast.com\/wordpress\/plugins\/seo\/ -->\n<title>Congreso inicia el martes trabajos para establecer el papel de las fuerzas armadas en combate al crimen - NOTICIAS<\/title>\n<meta name=\"robots\" content=\"index, follow, max-snippet:-1, max-image-preview:large, max-video-preview:-1\" \/>\n<link rel=\"canonical\" href=\"https:\/\/laredsocial-noticias.com\/wp\/congreso-inicia-el-martes-trabajos-para-establecer-el-papel-de-las-fuerzas-armadas-en-combate-al-crimen\/\" \/>\n<meta property=\"og:locale\" content=\"es_ES\" \/>\n<meta property=\"og:type\" content=\"article\" \/>\n<meta property=\"og:title\" content=\"Congreso inicia el martes trabajos para establecer el papel de las fuerzas armadas en combate al crimen - NOTICIAS\" \/>\n<meta property=\"og:description\" content=\"El pr\u00f3ximo martes 10 de enero iniciar\u00e1n los trabajos para determinar el papel que deben cumplir el Ej\u00e9rcito Mexicano y la Marina Nacional en materia de seguridad interior del pa\u00eds.\" \/>\n<meta property=\"og:url\" content=\"https:\/\/laredsocial-noticias.com\/wp\/congreso-inicia-el-martes-trabajos-para-establecer-el-papel-de-las-fuerzas-armadas-en-combate-al-crimen\/\" \/>\n<meta property=\"og:site_name\" content=\"NOTICIAS\" \/>\n<meta property=\"article:published_time\" content=\"2017-01-08T20:57:14+00:00\" \/>\n<meta property=\"article:modified_time\" content=\"2017-01-08T20:57:32+00:00\" \/>\n<meta name=\"author\" content=\"Editor en Jefe\" \/>\n<meta name=\"twitter:card\" content=\"summary_large_image\" \/>\n<meta name=\"twitter:label1\" content=\"Escrito por\" \/>\n\t<meta name=\"twitter:data1\" content=\"Editor en Jefe\" \/>\n\t<meta name=\"twitter:label2\" content=\"Tiempo de lectura\" \/>\n\t<meta name=\"twitter:data2\" content=\"2 minutos\" \/>\n<!-- \/ Yoast SEO plugin. -->","yoast_head_json":{"title":"Congreso inicia el martes trabajos para establecer el papel de las fuerzas armadas en combate al crimen - NOTICIAS","robots":{"index":"index","follow":"follow","max-snippet":"max-snippet:-1","max-image-preview":"max-image-preview:large","max-video-preview":"max-video-preview:-1"},"canonical":"https:\/\/laredsocial-noticias.com\/wp\/congreso-inicia-el-martes-trabajos-para-establecer-el-papel-de-las-fuerzas-armadas-en-combate-al-crimen\/","og_locale":"es_ES","og_type":"article","og_title":"Congreso inicia el martes trabajos para establecer el papel de las fuerzas armadas en combate al crimen - NOTICIAS","og_description":"El pr\u00f3ximo martes 10 de enero iniciar\u00e1n los trabajos para determinar el papel que deben cumplir el Ej\u00e9rcito Mexicano y la Marina Nacional en materia de seguridad interior del pa\u00eds.","og_url":"https:\/\/laredsocial-noticias.com\/wp\/congreso-inicia-el-martes-trabajos-para-establecer-el-papel-de-las-fuerzas-armadas-en-combate-al-crimen\/","og_site_name":"NOTICIAS","article_published_time":"2017-01-08T20:57:14+00:00","article_modified_time":"2017-01-08T20:57:32+00:00","author":"Editor en Jefe","twitter_card":"summary_large_image","twitter_misc":{"Escrito por":"Editor en Jefe","Tiempo de lectura":"2 minutos"},"schema":{"@context":"https:\/\/schema.org","@graph":[{"@type":"WebPage","@id":"https:\/\/laredsocial-noticias.com\/wp\/congreso-inicia-el-martes-trabajos-para-establecer-el-papel-de-las-fuerzas-armadas-en-combate-al-crimen\/","url":"https:\/\/laredsocial-noticias.com\/wp\/congreso-inicia-el-martes-trabajos-para-establecer-el-papel-de-las-fuerzas-armadas-en-combate-al-crimen\/","name":"Congreso inicia el martes trabajos para establecer el papel de las fuerzas armadas en combate al crimen - NOTICIAS","isPartOf":{"@id":"https:\/\/laredsocial-noticias.com\/wp\/#website"},"datePublished":"2017-01-08T20:57:14+00:00","dateModified":"2017-01-08T20:57:32+00:00","author":{"@id":"https:\/\/laredsocial-noticias.com\/wp\/#\/schema\/person\/0ce78643f2de7aae6f6ef10e8453a6e0"},"breadcrumb":{"@id":"https:\/\/laredsocial-noticias.com\/wp\/congreso-inicia-el-martes-trabajos-para-establecer-el-papel-de-las-fuerzas-armadas-en-combate-al-crimen\/#breadcrumb"},"inLanguage":"es","potentialAction":[{"@type":"ReadAction","target":["https:\/\/laredsocial-noticias.com\/wp\/congreso-inicia-el-martes-trabajos-para-establecer-el-papel-de-las-fuerzas-armadas-en-combate-al-crimen\/"]}]},{"@type":"BreadcrumbList","@id":"https:\/\/laredsocial-noticias.com\/wp\/congreso-inicia-el-martes-trabajos-para-establecer-el-papel-de-las-fuerzas-armadas-en-combate-al-crimen\/#breadcrumb","itemListElement":[{"@type":"ListItem","position":1,"name":"Portada","item":"https:\/\/laredsocial-noticias.com\/wp\/"},{"@type":"ListItem","position":2,"name":"Congreso inicia el martes trabajos para establecer el papel de las fuerzas armadas en combate al crimen"}]},{"@type":"WebSite","@id":"https:\/\/laredsocial-noticias.com\/wp\/#website","url":"https:\/\/laredsocial-noticias.com\/wp\/","name":"NOTICIAS","description":"Lo que se ve y se dice en las redes sociales","potentialAction":[{"@type":"SearchAction","target":{"@type":"EntryPoint","urlTemplate":"https:\/\/laredsocial-noticias.com\/wp\/?s={search_term_string}"},"query-input":{"@type":"PropertyValueSpecification","valueRequired":true,"valueName":"search_term_string"}}],"inLanguage":"es"},{"@type":"Person","@id":"https:\/\/laredsocial-noticias.com\/wp\/#\/schema\/person\/0ce78643f2de7aae6f6ef10e8453a6e0","name":"Editor en Jefe","url":"https:\/\/laredsocial-noticias.com\/wp\/author\/jorgeochoa\/"}]}},"_links":{"self":[{"href":"https:\/\/laredsocial-noticias.com\/wp\/wp-json\/wp\/v2\/posts\/45237","targetHints":{"allow":["GET"]}}],"collection":[{"href":"https:\/\/laredsocial-noticias.com\/wp\/wp-json\/wp\/v2\/posts"}],"about":[{"href":"https:\/\/laredsocial-noticias.com\/wp\/wp-json\/wp\/v2\/types\/post"}],"author":[{"embeddable":true,"href":"https:\/\/laredsocial-noticias.com\/wp\/wp-json\/wp\/v2\/users\/1"}],"replies":[{"embeddable":true,"href":"https:\/\/laredsocial-noticias.com\/wp\/wp-json\/wp\/v2\/comments?post=45237"}],"version-history":[{"count":0,"href":"https:\/\/laredsocial-noticias.com\/wp\/wp-json\/wp\/v2\/posts\/45237\/revisions"}],"wp:attachment":[{"href":"https:\/\/laredsocial-noticias.com\/wp\/wp-json\/wp\/v2\/media?parent=45237"}],"wp:term":[{"taxonomy":"category","embeddable":true,"href":"https:\/\/laredsocial-noticias.com\/wp\/wp-json\/wp\/v2\/categories?post=45237"},{"taxonomy":"post_tag","embeddable":true,"href":"https:\/\/laredsocial-noticias.com\/wp\/wp-json\/wp\/v2\/tags?post=45237"}],"curies":[{"name":"wp","href":"https:\/\/api.w.org\/{rel}","templated":true}]}}