{"id":46268,"date":"2017-01-15T14:30:02","date_gmt":"2017-01-15T20:30:02","guid":{"rendered":"http:\/\/laredsocial-noticias.com\/wp\/?p=46268"},"modified":"2017-01-15T15:30:26","modified_gmt":"2017-01-15T20:30:26","slug":"la-inconformidad-social-debe-convertirse-en-cambios-positivos-para-el-pais-marko-cortes-mendoza","status":"publish","type":"post","link":"https:\/\/laredsocial-noticias.com\/wp\/la-inconformidad-social-debe-convertirse-en-cambios-positivos-para-el-pais-marko-cortes-mendoza\/","title":{"rendered":"La inconformidad social debe convertirse en cambios positivos para el pa\u00eds: Marko Cort\u00e9s Mendoza"},"content":{"rendered":"<p><strong>CIUDAD DE M\u00c9XICO, 15 de enero, (AZCAPO NOTICIAS \/ C\u00cdRCULO DIGITAL).-\u00a0<\/strong>Solidarios con la situaci\u00f3n que vive el pa\u00eds, los diputados del Partido Acci\u00f3n Nacional proponemos transformar la inconformidad social en cambios positivos para el pa\u00eds y por esa raz\u00f3n propondremos reducciones de gastos y acciones de austeridad en los poderes Ejecutivo, Legislativo y Judicial de la federaci\u00f3n y los estados, as\u00ed como en los organismos aut\u00f3nomos de la administraci\u00f3n p\u00fablica, asegur\u00f3 el l\u00edder de los legisladores panistas, Marko Cort\u00e9s Mendoza.<\/p>\n<p>&nbsp;<\/p>\n<p>\u201cTenemos que promover desde el poder Legislativo acciones de austeridad que nos obliguen, por mandato de ley, a todos los niveles de gobierno a responder con hechos concretos a una sociedad que exige que seamos m\u00e1s eficientes y que todos nos apretemos el cintur\u00f3n&#8221;, puntualiz\u00f3<\/p>\n<p>&nbsp;<\/p>\n<p>Adem\u00e1s, precis\u00f3 que los diputados federales de PAN seguir\u00e1n insistiendo en su iniciativa de disminuir en 50 por ciento el Impuesto Especial Sobre Producci\u00f3n y Servicios (IEPS) a las gasolinas, pues su alto costo es la principal raz\u00f3n de inconformidad de los ciudadanos\u201d, dijo el dirigente de la bancada del PAN.<\/p>\n<p>&nbsp;<\/p>\n<p>A\u00f1adi\u00f3 que el aumento al precio de las gasolinas, fue aplicado de manera abrupta e inoportuna por parte del PRI-gobierno, provocando un malestar generalizado, raz\u00f3n que obliga a todos los servidores p\u00fablicos a poner el ejemplo con acciones de austeridad, por ello, inform\u00f3 que este lunes, en la Junta de Coordinaci\u00f3n Pol\u00edtica, presentar\u00e1 la propuesta de los diputados del PAN para la reducci\u00f3n de gastos en la C\u00e1mara de Diputados.<\/p>\n<p>&nbsp;<\/p>\n<p>\u201cQueremos que la disminuci\u00f3n de gastos en la C\u00e1mara de Diputados sea al menos de 500 millones de pesos, por lo que propondremos se eliminen los gastos en telefon\u00eda celular, en combustibles que no sean plenamente justificables, en viajes internacionales en clase premier, que tambi\u00e9n se analicen con absoluta responsabilidad las remuneraciones de diputados y servidores p\u00fablicos de este poder legislativo, as\u00ed como los gastos m\u00e9dicos\u201d, subray\u00f3.<\/p>\n<p>&nbsp;<\/p>\n<p>Convencido, de que una crisis debe presentar una oportunidad para mejorar, dijo Cort\u00e9s Mendoza, todos los actores pol\u00edticos debemos tomar medidas concretas para que la inconformidad social se convierta en cambios positivos para el pa\u00eds.<\/p>\n<p>&nbsp;<\/p>\n<p>A\u00f1adi\u00f3 que el Gobierno ya debe combatir con \u00e9xito la pobreza en M\u00e9xico; debe fomentar la creaci\u00f3n de empleos; propiciar el uso de nuevas energ\u00edas limpias y baratas y aumentar el ingreso de las familias mexicanas.<\/p>\n<p>&nbsp;<\/p>\n<p>\u201cEste es el compromiso que deben asumir quienes hoy nos gobiernan, de trabajar con resultados. Esta es la exigencia de la sociedad y deben estar a la altura de los retos que se les presentan\u201d, concluy\u00f3.<\/p>\n","protected":false},"excerpt":{"rendered":"<p>CIUDAD DE M\u00c9XICO, 15 de enero, (AZCAPO NOTICIAS \/ C\u00cdRCULO DIGITAL).-\u00a0Solidarios con la situaci\u00f3n que vive el pa\u00eds, los diputados&#8230;<\/p>\n","protected":false},"author":1,"featured_media":0,"comment_status":"closed","ping_status":"closed","sticky":false,"template":"","format":"standard","meta":{"footnotes":""},"categories":[1796,73],"tags":[332,77],"class_list":["post-46268","post","type-post","status-publish","format-standard","hentry","category-circulodigital","category-principal","tag-mexico","tag-principal"],"yoast_head":"<!-- This site is optimized with the Yoast SEO plugin v26.5 - https:\/\/yoast.com\/wordpress\/plugins\/seo\/ -->\n<title>La inconformidad social debe convertirse en cambios positivos para el pa\u00eds: Marko Cort\u00e9s Mendoza - NOTICIAS<\/title>\n<meta name=\"robots\" content=\"index, follow, max-snippet:-1, max-image-preview:large, max-video-preview:-1\" \/>\n<link rel=\"canonical\" href=\"https:\/\/laredsocial-noticias.com\/wp\/la-inconformidad-social-debe-convertirse-en-cambios-positivos-para-el-pais-marko-cortes-mendoza\/\" \/>\n<meta property=\"og:locale\" content=\"es_ES\" \/>\n<meta property=\"og:type\" content=\"article\" \/>\n<meta property=\"og:title\" content=\"La inconformidad social debe convertirse en cambios positivos para el pa\u00eds: Marko Cort\u00e9s Mendoza - NOTICIAS\" \/>\n<meta property=\"og:description\" content=\"CIUDAD DE M\u00c9XICO, 15 de enero, (AZCAPO NOTICIAS \/ C\u00cdRCULO DIGITAL).-\u00a0Solidarios con la situaci\u00f3n que vive el pa\u00eds, los diputados...\" \/>\n<meta property=\"og:url\" content=\"https:\/\/laredsocial-noticias.com\/wp\/la-inconformidad-social-debe-convertirse-en-cambios-positivos-para-el-pais-marko-cortes-mendoza\/\" \/>\n<meta property=\"og:site_name\" content=\"NOTICIAS\" \/>\n<meta property=\"article:published_time\" content=\"2017-01-15T20:30:02+00:00\" \/>\n<meta property=\"article:modified_time\" content=\"2017-01-15T20:30:26+00:00\" \/>\n<meta property=\"og:image\" content=\"https:\/\/laredsocial-noticias.com\/wp\/wp-content\/uploads\/2017\/01\/Marko-Corte\u0301s.png\" \/>\n\t<meta property=\"og:image:width\" content=\"600\" \/>\n\t<meta property=\"og:image:height\" content=\"581\" \/>\n\t<meta property=\"og:image:type\" content=\"image\/png\" \/>\n<meta name=\"author\" content=\"Editor en Jefe\" \/>\n<meta name=\"twitter:card\" content=\"summary_large_image\" \/>\n<meta name=\"twitter:label1\" content=\"Escrito por\" \/>\n\t<meta name=\"twitter:data1\" content=\"Editor en Jefe\" \/>\n\t<meta name=\"twitter:label2\" content=\"Tiempo de lectura\" \/>\n\t<meta name=\"twitter:data2\" content=\"2 minutos\" \/>\n<!-- \/ Yoast SEO plugin. -->","yoast_head_json":{"title":"La inconformidad social debe convertirse en cambios positivos para el pa\u00eds: Marko Cort\u00e9s Mendoza - NOTICIAS","robots":{"index":"index","follow":"follow","max-snippet":"max-snippet:-1","max-image-preview":"max-image-preview:large","max-video-preview":"max-video-preview:-1"},"canonical":"https:\/\/laredsocial-noticias.com\/wp\/la-inconformidad-social-debe-convertirse-en-cambios-positivos-para-el-pais-marko-cortes-mendoza\/","og_locale":"es_ES","og_type":"article","og_title":"La inconformidad social debe convertirse en cambios positivos para el pa\u00eds: Marko Cort\u00e9s Mendoza - NOTICIAS","og_description":"CIUDAD DE M\u00c9XICO, 15 de enero, (AZCAPO NOTICIAS \/ C\u00cdRCULO DIGITAL).-\u00a0Solidarios con la situaci\u00f3n que vive el pa\u00eds, los diputados...","og_url":"https:\/\/laredsocial-noticias.com\/wp\/la-inconformidad-social-debe-convertirse-en-cambios-positivos-para-el-pais-marko-cortes-mendoza\/","og_site_name":"NOTICIAS","article_published_time":"2017-01-15T20:30:02+00:00","article_modified_time":"2017-01-15T20:30:26+00:00","og_image":[{"width":600,"height":581,"url":"https:\/\/laredsocial-noticias.com\/wp\/wp-content\/uploads\/2017\/01\/Marko-Corte\u0301s.png","type":"image\/png"}],"author":"Editor en Jefe","twitter_card":"summary_large_image","twitter_misc":{"Escrito por":"Editor en Jefe","Tiempo de lectura":"2 minutos"},"schema":{"@context":"https:\/\/schema.org","@graph":[{"@type":"WebPage","@id":"https:\/\/laredsocial-noticias.com\/wp\/la-inconformidad-social-debe-convertirse-en-cambios-positivos-para-el-pais-marko-cortes-mendoza\/","url":"https:\/\/laredsocial-noticias.com\/wp\/la-inconformidad-social-debe-convertirse-en-cambios-positivos-para-el-pais-marko-cortes-mendoza\/","name":"La inconformidad social debe convertirse en cambios positivos para el pa\u00eds: Marko Cort\u00e9s Mendoza - NOTICIAS","isPartOf":{"@id":"https:\/\/laredsocial-noticias.com\/wp\/#website"},"datePublished":"2017-01-15T20:30:02+00:00","dateModified":"2017-01-15T20:30:26+00:00","author":{"@id":"https:\/\/laredsocial-noticias.com\/wp\/#\/schema\/person\/0ce78643f2de7aae6f6ef10e8453a6e0"},"breadcrumb":{"@id":"https:\/\/laredsocial-noticias.com\/wp\/la-inconformidad-social-debe-convertirse-en-cambios-positivos-para-el-pais-marko-cortes-mendoza\/#breadcrumb"},"inLanguage":"es","potentialAction":[{"@type":"ReadAction","target":["https:\/\/laredsocial-noticias.com\/wp\/la-inconformidad-social-debe-convertirse-en-cambios-positivos-para-el-pais-marko-cortes-mendoza\/"]}]},{"@type":"BreadcrumbList","@id":"https:\/\/laredsocial-noticias.com\/wp\/la-inconformidad-social-debe-convertirse-en-cambios-positivos-para-el-pais-marko-cortes-mendoza\/#breadcrumb","itemListElement":[{"@type":"ListItem","position":1,"name":"Portada","item":"https:\/\/laredsocial-noticias.com\/wp\/"},{"@type":"ListItem","position":2,"name":"La inconformidad social debe convertirse en cambios positivos para el pa\u00eds: Marko Cort\u00e9s Mendoza"}]},{"@type":"WebSite","@id":"https:\/\/laredsocial-noticias.com\/wp\/#website","url":"https:\/\/laredsocial-noticias.com\/wp\/","name":"NOTICIAS","description":"Lo que se ve y se dice en las redes sociales","potentialAction":[{"@type":"SearchAction","target":{"@type":"EntryPoint","urlTemplate":"https:\/\/laredsocial-noticias.com\/wp\/?s={search_term_string}"},"query-input":{"@type":"PropertyValueSpecification","valueRequired":true,"valueName":"search_term_string"}}],"inLanguage":"es"},{"@type":"Person","@id":"https:\/\/laredsocial-noticias.com\/wp\/#\/schema\/person\/0ce78643f2de7aae6f6ef10e8453a6e0","name":"Editor en Jefe","url":"https:\/\/laredsocial-noticias.com\/wp\/author\/jorgeochoa\/"}]}},"_links":{"self":[{"href":"https:\/\/laredsocial-noticias.com\/wp\/wp-json\/wp\/v2\/posts\/46268","targetHints":{"allow":["GET"]}}],"collection":[{"href":"https:\/\/laredsocial-noticias.com\/wp\/wp-json\/wp\/v2\/posts"}],"about":[{"href":"https:\/\/laredsocial-noticias.com\/wp\/wp-json\/wp\/v2\/types\/post"}],"author":[{"embeddable":true,"href":"https:\/\/laredsocial-noticias.com\/wp\/wp-json\/wp\/v2\/users\/1"}],"replies":[{"embeddable":true,"href":"https:\/\/laredsocial-noticias.com\/wp\/wp-json\/wp\/v2\/comments?post=46268"}],"version-history":[{"count":1,"href":"https:\/\/laredsocial-noticias.com\/wp\/wp-json\/wp\/v2\/posts\/46268\/revisions"}],"predecessor-version":[{"id":46269,"href":"https:\/\/laredsocial-noticias.com\/wp\/wp-json\/wp\/v2\/posts\/46268\/revisions\/46269"}],"wp:attachment":[{"href":"https:\/\/laredsocial-noticias.com\/wp\/wp-json\/wp\/v2\/media?parent=46268"}],"wp:term":[{"taxonomy":"category","embeddable":true,"href":"https:\/\/laredsocial-noticias.com\/wp\/wp-json\/wp\/v2\/categories?post=46268"},{"taxonomy":"post_tag","embeddable":true,"href":"https:\/\/laredsocial-noticias.com\/wp\/wp-json\/wp\/v2\/tags?post=46268"}],"curies":[{"name":"wp","href":"https:\/\/api.w.org\/{rel}","templated":true}]}}