{"id":46845,"date":"2017-01-19T16:00:09","date_gmt":"2017-01-19T22:00:09","guid":{"rendered":"http:\/\/laredsocial-noticias.com\/wp\/?p=46845"},"modified":"2017-01-19T16:02:06","modified_gmt":"2017-01-19T21:02:06","slug":"gpprd-presentara-diversas-iniciativas-por-la-llegada-de-donald-trump-a-la-presidencia-de-eua","status":"publish","type":"post","link":"https:\/\/laredsocial-noticias.com\/wp\/gpprd-presentara-diversas-iniciativas-por-la-llegada-de-donald-trump-a-la-presidencia-de-eua\/","title":{"rendered":"GPPRD presentar\u00e1 diversas iniciativas por la llegada de Donald Trump a la presidencia de EUA"},"content":{"rendered":"<p><strong>CIUDAD DE M\u00c9XICO, 19 de enero, (VIBRACIONES CAPITAL\/C\u00cdRCULO DIGITAL).\u2014 \u00a0<\/strong>El coordinador del PRD, Francisco Mart\u00ednez Neri, afirm\u00f3 que su grupo parlamentario presentar\u00e1 diversas iniciativas \u201cque coadyuven a estabilizar la incertidumbre que se vive\u201d por la llegada de Donald Trump a la presidencia de Estados Unidos, este viernes 20 de enero.<\/p>\n<p>\u201cMa\u00f1ana (viernes) ser\u00e1 un d\u00eda crucial para M\u00e9xico con la llegada de Donald Trump a la Casa Blanca, se ha generado una incertidumbre mundial con lo que pueda pasar en \u00e9sta nueva etapa, y nuestro pa\u00eds no es la excepci\u00f3n\u201d, indic\u00f3 en un comunicado el tambi\u00e9n presidente de la Junta de Coordinaci\u00f3n Pol\u00edtica (Jucopo).<\/p>\n<p>\u201cEs por ello que el PRD presentar\u00e1 iniciativas que coadyuven a estabilizar la incertidumbre que se vive\u201d, a\u00f1adi\u00f3.<\/p>\n<p>Asever\u00f3 que \u201cbuscaremos crear la Ley de Protecci\u00f3n, Asistencia y Vinculaci\u00f3n Consular, con el fin de elevar a rango de ley todos los programas de asistencia en el exterior, y otorgar as\u00ed la m\u00e1xima atenci\u00f3n y defensa a los connacionales\u201d.<\/p>\n<p>Tambi\u00e9n impulsar\u00e1 \u201creformar el art\u00edculo 73 de la Constituci\u00f3n Pol\u00edtica de los Estados Unidos Mexicanos, para que la C\u00e1mara de Diputados cuente con la facultad de acompa\u00f1ar la negociaci\u00f3n por parte del Ejecutivo federal de los acuerdos internacionales\u201d.<\/p>\n<p>Esta reforma tiene el fin de \u201cfortalecer la participaci\u00f3n popular en la defensa de los intereses de los mexicanos en el exterior, particularmente en Estados Unidos\u201d.<\/p>\n<p>Asimismo, propondr\u00e1n \u201creformar el art\u00edculo 89 de la Constituci\u00f3n Pol\u00edtica de los Estados Unidos Mexicanos, para crear el Consejo Nacional de Pol\u00edtica Exterior, con el fin de definir con claridad y con el m\u00e1ximo consenso del Estado mexicano una agenda internacional para la defensa y protecci\u00f3n de los mexicanos\u201d.<\/p>\n<p>Mart\u00ednez Neri asegur\u00f3 que buscar\u00e1 que los dem\u00e1s grupos parlamentarios respalden dichas iniciativas \u201cy con ello brindar el m\u00e1ximo respaldo a los mexicanos que viven en el extranjero y mucho m\u00e1s a los que viven en Estados Unidos\u201d.<\/p>\n<p>El l\u00edder de los diputados del PRD tambi\u00e9n solicit\u00f3 a todos los legisladores \u201cno etiquetar recursos para absorber el costo del muro que ha propuesto construir el presidente electo, Donald Trump, y que pretende que el costo sea asumido por M\u00e9xico\u201d.<\/p>\n<p>\u201cEjerceremos toda la presi\u00f3n pol\u00edtica para que el gobierno federal act\u00fae de forma inmediata, para evitar las deportaciones masivas de mexicanos desde Estados Unidos\u201d subray\u00f3.<\/p>\n<p>Finalmente, Mart\u00ednez Neri dijo que su grupo parlamentario \u201cdar\u00e1 seguimiento puntual a los recursos otorgados por la C\u00e1mara de Diputados al Fondo Fronteras y al fondo de apoyo a migrantes, con el fin de que sean ejercidos de forma expedita y eficiente para la protecci\u00f3n de mexicanos en retorno\u201d.<\/p>\n","protected":false},"excerpt":{"rendered":"<p>CIUDAD DE M\u00c9XICO, 19 de enero, (VIBRACIONES CAPITAL\/C\u00cdRCULO DIGITAL).\u2014 \u00a0El coordinador del PRD, Francisco Mart\u00ednez Neri, afirm\u00f3 que su grupo&#8230;<\/p>\n","protected":false},"author":1,"featured_media":0,"comment_status":"closed","ping_status":"closed","sticky":false,"template":"","format":"standard","meta":{"footnotes":""},"categories":[1796,73],"tags":[332,77],"class_list":["post-46845","post","type-post","status-publish","format-standard","hentry","category-circulodigital","category-principal","tag-mexico","tag-principal"],"yoast_head":"<!-- This site is optimized with the Yoast SEO plugin v26.5 - https:\/\/yoast.com\/wordpress\/plugins\/seo\/ -->\n<title>GPPRD presentar\u00e1 diversas iniciativas por la llegada de Donald Trump a la presidencia de EUA - NOTICIAS<\/title>\n<meta name=\"robots\" content=\"index, follow, max-snippet:-1, max-image-preview:large, max-video-preview:-1\" \/>\n<link rel=\"canonical\" href=\"https:\/\/laredsocial-noticias.com\/wp\/gpprd-presentara-diversas-iniciativas-por-la-llegada-de-donald-trump-a-la-presidencia-de-eua\/\" \/>\n<meta property=\"og:locale\" content=\"es_ES\" \/>\n<meta property=\"og:type\" content=\"article\" \/>\n<meta property=\"og:title\" content=\"GPPRD presentar\u00e1 diversas iniciativas por la llegada de Donald Trump a la presidencia de EUA - NOTICIAS\" \/>\n<meta property=\"og:description\" content=\"CIUDAD DE M\u00c9XICO, 19 de enero, (VIBRACIONES CAPITAL\/C\u00cdRCULO DIGITAL).\u2014 \u00a0El coordinador del PRD, Francisco Mart\u00ednez Neri, afirm\u00f3 que su grupo...\" \/>\n<meta property=\"og:url\" content=\"https:\/\/laredsocial-noticias.com\/wp\/gpprd-presentara-diversas-iniciativas-por-la-llegada-de-donald-trump-a-la-presidencia-de-eua\/\" \/>\n<meta property=\"og:site_name\" content=\"NOTICIAS\" \/>\n<meta property=\"article:published_time\" content=\"2017-01-19T22:00:09+00:00\" \/>\n<meta property=\"og:image\" content=\"https:\/\/laredsocial-noticias.com\/wp\/wp-content\/uploads\/2017\/01\/Francisco-Mart\u00ednez-Neri.jpg\" \/>\n\t<meta property=\"og:image:width\" content=\"600\" \/>\n\t<meta property=\"og:image:height\" content=\"399\" \/>\n\t<meta property=\"og:image:type\" content=\"image\/jpeg\" \/>\n<meta name=\"author\" content=\"Editor en Jefe\" \/>\n<meta name=\"twitter:card\" content=\"summary_large_image\" \/>\n<meta name=\"twitter:label1\" content=\"Escrito por\" \/>\n\t<meta name=\"twitter:data1\" content=\"Editor en Jefe\" \/>\n\t<meta name=\"twitter:label2\" content=\"Tiempo de lectura\" \/>\n\t<meta name=\"twitter:data2\" content=\"2 minutos\" \/>\n<!-- \/ Yoast SEO plugin. -->","yoast_head_json":{"title":"GPPRD presentar\u00e1 diversas iniciativas por la llegada de Donald Trump a la presidencia de EUA - NOTICIAS","robots":{"index":"index","follow":"follow","max-snippet":"max-snippet:-1","max-image-preview":"max-image-preview:large","max-video-preview":"max-video-preview:-1"},"canonical":"https:\/\/laredsocial-noticias.com\/wp\/gpprd-presentara-diversas-iniciativas-por-la-llegada-de-donald-trump-a-la-presidencia-de-eua\/","og_locale":"es_ES","og_type":"article","og_title":"GPPRD presentar\u00e1 diversas iniciativas por la llegada de Donald Trump a la presidencia de EUA - NOTICIAS","og_description":"CIUDAD DE M\u00c9XICO, 19 de enero, (VIBRACIONES CAPITAL\/C\u00cdRCULO DIGITAL).\u2014 \u00a0El coordinador del PRD, Francisco Mart\u00ednez Neri, afirm\u00f3 que su grupo...","og_url":"https:\/\/laredsocial-noticias.com\/wp\/gpprd-presentara-diversas-iniciativas-por-la-llegada-de-donald-trump-a-la-presidencia-de-eua\/","og_site_name":"NOTICIAS","article_published_time":"2017-01-19T22:00:09+00:00","og_image":[{"width":600,"height":399,"url":"https:\/\/laredsocial-noticias.com\/wp\/wp-content\/uploads\/2017\/01\/Francisco-Mart\u00ednez-Neri.jpg","type":"image\/jpeg"}],"author":"Editor en Jefe","twitter_card":"summary_large_image","twitter_misc":{"Escrito por":"Editor en Jefe","Tiempo de lectura":"2 minutos"},"schema":{"@context":"https:\/\/schema.org","@graph":[{"@type":"WebPage","@id":"https:\/\/laredsocial-noticias.com\/wp\/gpprd-presentara-diversas-iniciativas-por-la-llegada-de-donald-trump-a-la-presidencia-de-eua\/","url":"https:\/\/laredsocial-noticias.com\/wp\/gpprd-presentara-diversas-iniciativas-por-la-llegada-de-donald-trump-a-la-presidencia-de-eua\/","name":"GPPRD presentar\u00e1 diversas iniciativas por la llegada de Donald Trump a la presidencia de EUA - NOTICIAS","isPartOf":{"@id":"https:\/\/laredsocial-noticias.com\/wp\/#website"},"datePublished":"2017-01-19T22:00:09+00:00","author":{"@id":"https:\/\/laredsocial-noticias.com\/wp\/#\/schema\/person\/0ce78643f2de7aae6f6ef10e8453a6e0"},"breadcrumb":{"@id":"https:\/\/laredsocial-noticias.com\/wp\/gpprd-presentara-diversas-iniciativas-por-la-llegada-de-donald-trump-a-la-presidencia-de-eua\/#breadcrumb"},"inLanguage":"es","potentialAction":[{"@type":"ReadAction","target":["https:\/\/laredsocial-noticias.com\/wp\/gpprd-presentara-diversas-iniciativas-por-la-llegada-de-donald-trump-a-la-presidencia-de-eua\/"]}]},{"@type":"BreadcrumbList","@id":"https:\/\/laredsocial-noticias.com\/wp\/gpprd-presentara-diversas-iniciativas-por-la-llegada-de-donald-trump-a-la-presidencia-de-eua\/#breadcrumb","itemListElement":[{"@type":"ListItem","position":1,"name":"Portada","item":"https:\/\/laredsocial-noticias.com\/wp\/"},{"@type":"ListItem","position":2,"name":"GPPRD presentar\u00e1 diversas iniciativas por la llegada de Donald Trump a la presidencia de EUA"}]},{"@type":"WebSite","@id":"https:\/\/laredsocial-noticias.com\/wp\/#website","url":"https:\/\/laredsocial-noticias.com\/wp\/","name":"NOTICIAS","description":"Lo que se ve y se dice en las redes sociales","potentialAction":[{"@type":"SearchAction","target":{"@type":"EntryPoint","urlTemplate":"https:\/\/laredsocial-noticias.com\/wp\/?s={search_term_string}"},"query-input":{"@type":"PropertyValueSpecification","valueRequired":true,"valueName":"search_term_string"}}],"inLanguage":"es"},{"@type":"Person","@id":"https:\/\/laredsocial-noticias.com\/wp\/#\/schema\/person\/0ce78643f2de7aae6f6ef10e8453a6e0","name":"Editor en Jefe","url":"https:\/\/laredsocial-noticias.com\/wp\/author\/jorgeochoa\/"}]}},"_links":{"self":[{"href":"https:\/\/laredsocial-noticias.com\/wp\/wp-json\/wp\/v2\/posts\/46845","targetHints":{"allow":["GET"]}}],"collection":[{"href":"https:\/\/laredsocial-noticias.com\/wp\/wp-json\/wp\/v2\/posts"}],"about":[{"href":"https:\/\/laredsocial-noticias.com\/wp\/wp-json\/wp\/v2\/types\/post"}],"author":[{"embeddable":true,"href":"https:\/\/laredsocial-noticias.com\/wp\/wp-json\/wp\/v2\/users\/1"}],"replies":[{"embeddable":true,"href":"https:\/\/laredsocial-noticias.com\/wp\/wp-json\/wp\/v2\/comments?post=46845"}],"version-history":[{"count":1,"href":"https:\/\/laredsocial-noticias.com\/wp\/wp-json\/wp\/v2\/posts\/46845\/revisions"}],"predecessor-version":[{"id":46846,"href":"https:\/\/laredsocial-noticias.com\/wp\/wp-json\/wp\/v2\/posts\/46845\/revisions\/46846"}],"wp:attachment":[{"href":"https:\/\/laredsocial-noticias.com\/wp\/wp-json\/wp\/v2\/media?parent=46845"}],"wp:term":[{"taxonomy":"category","embeddable":true,"href":"https:\/\/laredsocial-noticias.com\/wp\/wp-json\/wp\/v2\/categories?post=46845"},{"taxonomy":"post_tag","embeddable":true,"href":"https:\/\/laredsocial-noticias.com\/wp\/wp-json\/wp\/v2\/tags?post=46845"}],"curies":[{"name":"wp","href":"https:\/\/api.w.org\/{rel}","templated":true}]}}