{"id":47456,"date":"2017-01-24T08:30:07","date_gmt":"2017-01-24T14:30:07","guid":{"rendered":"http:\/\/laredsocial-noticias.com\/wp\/?p=47456"},"modified":"2017-01-24T08:34:39","modified_gmt":"2017-01-24T13:34:39","slug":"banxico-ve-riesgos-potenciales-derivados-de-politicas-eu-para-mexico","status":"publish","type":"post","link":"https:\/\/laredsocial-noticias.com\/wp\/banxico-ve-riesgos-potenciales-derivados-de-politicas-eu-para-mexico\/","title":{"rendered":"Banxico ve riesgos potenciales derivados de pol\u00edticas EU para M\u00e9xico"},"content":{"rendered":"<p><strong>CIUDAD DE M\u00c9XICO, 24 de enero, (ESFERA EMPRESARIAL\/C\u00cdRCULO DIGITAL).\u2014 \u00a0<\/strong>El jefe del Banco Central de M\u00e9xico, Agust\u00edn Carstens, dijo el lunes que existen riesgos para la econom\u00eda local si el presidente de Estados Unidos, Donald Trump, implementa pol\u00edticas que obstruyan las cadena de producci\u00f3n entre ambos pa\u00edses.<\/p>\n<p>Trump, quien asumi\u00f3 la presidencia de su pa\u00eds el viernes pasado, ha dicho que renegociar\u00e1 tratados econ\u00f3micos importantes que incluyen a M\u00e9xico que considera son lesivos para la industria de manufacturas de Estados Unidos.<\/p>\n<p>El republicano tambi\u00e9n ha amenazado a las firmas de su pa\u00eds con imponer fuertes aranceles a la importaci\u00f3n de sus productos desde M\u00e9xico.<\/p>\n<p>En cuanto a la inflaci\u00f3n Carstens coment\u00f3, durante una presentaci\u00f3n ante el grupo parlamentario del conservador Partido Acci\u00f3n Nacional (PAN), que este a\u00f1o se ver\u00e1 afectada por el proceso gradual de liberalizaci\u00f3n de los precios de las gasolinas.<\/p>\n<p>De acuerdo a un sondeo de Reuters, los precios al consumidor en M\u00e9xico habr\u00edan aumentado a su mayor ritmo en 18 a\u00f1os en la primera quincena de enero impulsados por un fuerte incremento en las gasolinas.<\/p>\n","protected":false},"excerpt":{"rendered":"<p>CIUDAD DE M\u00c9XICO, 24 de enero, (ESFERA EMPRESARIAL\/C\u00cdRCULO DIGITAL).\u2014 \u00a0El jefe del Banco Central de M\u00e9xico, Agust\u00edn Carstens, dijo el&#8230;<\/p>\n","protected":false},"author":1,"featured_media":0,"comment_status":"closed","ping_status":"closed","sticky":false,"template":"","format":"standard","meta":{"footnotes":""},"categories":[1796,1996,73],"tags":[222,77],"class_list":["post-47456","post","type-post","status-publish","format-standard","hentry","category-circulodigital","category-finanzas","category-principal","tag-finanzas","tag-principal"],"yoast_head":"<!-- This site is optimized with the Yoast SEO plugin v26.5 - https:\/\/yoast.com\/wordpress\/plugins\/seo\/ -->\n<title>Banxico ve riesgos potenciales derivados de pol\u00edticas EU para M\u00e9xico - NOTICIAS<\/title>\n<meta name=\"robots\" content=\"index, follow, max-snippet:-1, max-image-preview:large, max-video-preview:-1\" \/>\n<link rel=\"canonical\" href=\"https:\/\/laredsocial-noticias.com\/wp\/banxico-ve-riesgos-potenciales-derivados-de-politicas-eu-para-mexico\/\" \/>\n<meta property=\"og:locale\" content=\"es_ES\" \/>\n<meta property=\"og:type\" content=\"article\" \/>\n<meta property=\"og:title\" content=\"Banxico ve riesgos potenciales derivados de pol\u00edticas EU para M\u00e9xico - NOTICIAS\" \/>\n<meta property=\"og:description\" content=\"CIUDAD DE M\u00c9XICO, 24 de enero, (ESFERA EMPRESARIAL\/C\u00cdRCULO DIGITAL).\u2014 \u00a0El jefe del Banco Central de M\u00e9xico, Agust\u00edn Carstens, dijo el...\" \/>\n<meta property=\"og:url\" content=\"https:\/\/laredsocial-noticias.com\/wp\/banxico-ve-riesgos-potenciales-derivados-de-politicas-eu-para-mexico\/\" \/>\n<meta property=\"og:site_name\" content=\"NOTICIAS\" \/>\n<meta property=\"article:published_time\" content=\"2017-01-24T14:30:07+00:00\" \/>\n<meta property=\"og:image\" content=\"https:\/\/laredsocial-noticias.com\/wp\/wp-content\/uploads\/2017\/01\/Banxico.jpg\" \/>\n\t<meta property=\"og:image:width\" content=\"600\" \/>\n\t<meta property=\"og:image:height\" content=\"400\" \/>\n\t<meta property=\"og:image:type\" content=\"image\/jpeg\" \/>\n<meta name=\"author\" content=\"Editor en Jefe\" \/>\n<meta name=\"twitter:card\" content=\"summary_large_image\" \/>\n<meta name=\"twitter:label1\" content=\"Escrito por\" \/>\n\t<meta name=\"twitter:data1\" content=\"Editor en Jefe\" \/>\n\t<meta name=\"twitter:label2\" content=\"Tiempo de lectura\" \/>\n\t<meta name=\"twitter:data2\" content=\"1 minuto\" \/>\n<!-- \/ Yoast SEO plugin. -->","yoast_head_json":{"title":"Banxico ve riesgos potenciales derivados de pol\u00edticas EU para M\u00e9xico - NOTICIAS","robots":{"index":"index","follow":"follow","max-snippet":"max-snippet:-1","max-image-preview":"max-image-preview:large","max-video-preview":"max-video-preview:-1"},"canonical":"https:\/\/laredsocial-noticias.com\/wp\/banxico-ve-riesgos-potenciales-derivados-de-politicas-eu-para-mexico\/","og_locale":"es_ES","og_type":"article","og_title":"Banxico ve riesgos potenciales derivados de pol\u00edticas EU para M\u00e9xico - NOTICIAS","og_description":"CIUDAD DE M\u00c9XICO, 24 de enero, (ESFERA EMPRESARIAL\/C\u00cdRCULO DIGITAL).\u2014 \u00a0El jefe del Banco Central de M\u00e9xico, Agust\u00edn Carstens, dijo el...","og_url":"https:\/\/laredsocial-noticias.com\/wp\/banxico-ve-riesgos-potenciales-derivados-de-politicas-eu-para-mexico\/","og_site_name":"NOTICIAS","article_published_time":"2017-01-24T14:30:07+00:00","og_image":[{"width":600,"height":400,"url":"https:\/\/laredsocial-noticias.com\/wp\/wp-content\/uploads\/2017\/01\/Banxico.jpg","type":"image\/jpeg"}],"author":"Editor en Jefe","twitter_card":"summary_large_image","twitter_misc":{"Escrito por":"Editor en Jefe","Tiempo de lectura":"1 minuto"},"schema":{"@context":"https:\/\/schema.org","@graph":[{"@type":"WebPage","@id":"https:\/\/laredsocial-noticias.com\/wp\/banxico-ve-riesgos-potenciales-derivados-de-politicas-eu-para-mexico\/","url":"https:\/\/laredsocial-noticias.com\/wp\/banxico-ve-riesgos-potenciales-derivados-de-politicas-eu-para-mexico\/","name":"Banxico ve riesgos potenciales derivados de pol\u00edticas EU para M\u00e9xico - NOTICIAS","isPartOf":{"@id":"https:\/\/laredsocial-noticias.com\/wp\/#website"},"datePublished":"2017-01-24T14:30:07+00:00","author":{"@id":"https:\/\/laredsocial-noticias.com\/wp\/#\/schema\/person\/0ce78643f2de7aae6f6ef10e8453a6e0"},"breadcrumb":{"@id":"https:\/\/laredsocial-noticias.com\/wp\/banxico-ve-riesgos-potenciales-derivados-de-politicas-eu-para-mexico\/#breadcrumb"},"inLanguage":"es","potentialAction":[{"@type":"ReadAction","target":["https:\/\/laredsocial-noticias.com\/wp\/banxico-ve-riesgos-potenciales-derivados-de-politicas-eu-para-mexico\/"]}]},{"@type":"BreadcrumbList","@id":"https:\/\/laredsocial-noticias.com\/wp\/banxico-ve-riesgos-potenciales-derivados-de-politicas-eu-para-mexico\/#breadcrumb","itemListElement":[{"@type":"ListItem","position":1,"name":"Portada","item":"https:\/\/laredsocial-noticias.com\/wp\/"},{"@type":"ListItem","position":2,"name":"Banxico ve riesgos potenciales derivados de pol\u00edticas EU para M\u00e9xico"}]},{"@type":"WebSite","@id":"https:\/\/laredsocial-noticias.com\/wp\/#website","url":"https:\/\/laredsocial-noticias.com\/wp\/","name":"NOTICIAS","description":"Lo que se ve y se dice en las redes sociales","potentialAction":[{"@type":"SearchAction","target":{"@type":"EntryPoint","urlTemplate":"https:\/\/laredsocial-noticias.com\/wp\/?s={search_term_string}"},"query-input":{"@type":"PropertyValueSpecification","valueRequired":true,"valueName":"search_term_string"}}],"inLanguage":"es"},{"@type":"Person","@id":"https:\/\/laredsocial-noticias.com\/wp\/#\/schema\/person\/0ce78643f2de7aae6f6ef10e8453a6e0","name":"Editor en Jefe","url":"https:\/\/laredsocial-noticias.com\/wp\/author\/jorgeochoa\/"}]}},"_links":{"self":[{"href":"https:\/\/laredsocial-noticias.com\/wp\/wp-json\/wp\/v2\/posts\/47456","targetHints":{"allow":["GET"]}}],"collection":[{"href":"https:\/\/laredsocial-noticias.com\/wp\/wp-json\/wp\/v2\/posts"}],"about":[{"href":"https:\/\/laredsocial-noticias.com\/wp\/wp-json\/wp\/v2\/types\/post"}],"author":[{"embeddable":true,"href":"https:\/\/laredsocial-noticias.com\/wp\/wp-json\/wp\/v2\/users\/1"}],"replies":[{"embeddable":true,"href":"https:\/\/laredsocial-noticias.com\/wp\/wp-json\/wp\/v2\/comments?post=47456"}],"version-history":[{"count":1,"href":"https:\/\/laredsocial-noticias.com\/wp\/wp-json\/wp\/v2\/posts\/47456\/revisions"}],"predecessor-version":[{"id":47457,"href":"https:\/\/laredsocial-noticias.com\/wp\/wp-json\/wp\/v2\/posts\/47456\/revisions\/47457"}],"wp:attachment":[{"href":"https:\/\/laredsocial-noticias.com\/wp\/wp-json\/wp\/v2\/media?parent=47456"}],"wp:term":[{"taxonomy":"category","embeddable":true,"href":"https:\/\/laredsocial-noticias.com\/wp\/wp-json\/wp\/v2\/categories?post=47456"},{"taxonomy":"post_tag","embeddable":true,"href":"https:\/\/laredsocial-noticias.com\/wp\/wp-json\/wp\/v2\/tags?post=47456"}],"curies":[{"name":"wp","href":"https:\/\/api.w.org\/{rel}","templated":true}]}}