{"id":47459,"date":"2017-01-24T09:00:10","date_gmt":"2017-01-24T15:00:10","guid":{"rendered":"http:\/\/laredsocial-noticias.com\/wp\/?p=47459"},"modified":"2017-01-24T08:55:02","modified_gmt":"2017-01-24T13:55:02","slug":"blindan-candidaturas-independientes-en-cdmx","status":"publish","type":"post","link":"https:\/\/laredsocial-noticias.com\/wp\/blindan-candidaturas-independientes-en-cdmx\/","title":{"rendered":"Blindan candidaturas independientes en CDMX"},"content":{"rendered":"<p><strong>CIUDAD DE M\u00c9XICO, 24 de enero, (MENSAJE POL\u00cdTICO\/C\u00cdRCULO DIGITAL).\u2014 \u00a0<\/strong>La Asamblea Constituyente de la Ciudad de M\u00e9xico aprob\u00f3 esta noche una propuesta del Grupo Parlamentario del PAN, y elimin\u00f3 del art\u00edculo 34 inciso A del proyecto de Constituci\u00f3n, para evitar que los \u201ccandidatos sin partido\u201d sean cooptados o \u201casimilados\u201d por los institutos pol\u00edticos.<\/p>\n<p dir=\"ltr\">Al presentar la reserva respectiva, el diputado constituyente Carlos Gelista, advirti\u00f3 que el dictamen pretend\u00eda incluir la integraci\u00f3n de diputados derivados de candidaturas independientes o no partidistas a una lista plurinominal.<\/p>\n<p dir=\"ltr\">Esto es, que los candidatos independientes o sin partido que no resultaran ganadores, los primeros lugares se integren a una sola lista, como si fueran la lista B de los partidos pol\u00edticos y de all\u00ed, el que m\u00e1s votos haya tenido, se incluya en el primer lugar de la lista y as\u00ed sucesivamente.<\/p>\n<p dir=\"ltr\">Esto va en contra de la naturaleza propia del sentido de los diputados plurinominales, porque los diputados plurinominales tienen como sentido la representaci\u00f3n, entre otras cosas, de una ideolog\u00eda y una plataforma com\u00fan que comparten varios candidatos.<\/p>\n<p dir=\"ltr\">Como vemos en todo el pa\u00eds y en la misma ciudad de M\u00e9xico, hay diferentes expresiones que se manifiestan y puede haber candidatos independientes protectores de los animales y otros que est\u00e9n a favor de la fiesta taurina.<br \/>\nPueda ver candidatos independientes que est\u00e9n a favor de la interrupci\u00f3n legal del embarazo y candidatos independientes que est\u00e9n por el respeto a la vida desde la concepci\u00f3n. Ser\u00eda un error pretender meter a todos en una misma olla.<\/p>\n<p dir=\"ltr\">Tambi\u00e9n era necesario recordar que si bien es cierto que la ley electoral establece que los distritos y deber\u00e1n tener m\u00e1s menos 10% de igualdad de electores, esto no se da en la realidad. El distrito de Cuajimalpa tiene 246,000 electores mientras que el distrito de Xochiimilco tiene 183,000.<\/p>\n<p dir=\"ltr\">Es decir, entre ambos distritos hay 60,000 electores de diferencia. Naturalmente tendr\u00eda muchas m\u00e1s posibilidades un candidato independiente que se postule por el distrito de Cuajimalpa que el que incluso pudiera ganar por el distrito de Xochimilco.<\/p>\n<p dir=\"ltr\">Acci\u00f3n Nacional est\u00e1 a favor de los candidatos sin partido y buscar\u00e1 que haya mejores mecanismos de participaci\u00f3n, de que se les trate como candidatos independientes a los partidos no tratando de asimilarlos.<\/p>\n","protected":false},"excerpt":{"rendered":"<p>CIUDAD DE M\u00c9XICO, 24 de enero, (MENSAJE POL\u00cdTICO\/C\u00cdRCULO DIGITAL).\u2014 \u00a0La Asamblea Constituyente de la Ciudad de M\u00e9xico aprob\u00f3 esta noche&#8230;<\/p>\n","protected":false},"author":1,"featured_media":0,"comment_status":"closed","ping_status":"closed","sticky":false,"template":"","format":"standard","meta":{"footnotes":""},"categories":[1796,73],"tags":[3448,77],"class_list":["post-47459","post","type-post","status-publish","format-standard","hentry","category-circulodigital","category-principal","tag-asamblea-constituyente-cdmx","tag-principal"],"yoast_head":"<!-- This site is optimized with the Yoast SEO plugin v26.5 - https:\/\/yoast.com\/wordpress\/plugins\/seo\/ -->\n<title>Blindan candidaturas independientes en CDMX - NOTICIAS<\/title>\n<meta name=\"robots\" content=\"index, follow, max-snippet:-1, max-image-preview:large, max-video-preview:-1\" \/>\n<link rel=\"canonical\" href=\"https:\/\/laredsocial-noticias.com\/wp\/blindan-candidaturas-independientes-en-cdmx\/\" \/>\n<meta property=\"og:locale\" content=\"es_ES\" \/>\n<meta property=\"og:type\" content=\"article\" \/>\n<meta property=\"og:title\" content=\"Blindan candidaturas independientes en CDMX - NOTICIAS\" \/>\n<meta property=\"og:description\" content=\"CIUDAD DE M\u00c9XICO, 24 de enero, (MENSAJE POL\u00cdTICO\/C\u00cdRCULO DIGITAL).\u2014 \u00a0La Asamblea Constituyente de la Ciudad de M\u00e9xico aprob\u00f3 esta noche...\" \/>\n<meta property=\"og:url\" content=\"https:\/\/laredsocial-noticias.com\/wp\/blindan-candidaturas-independientes-en-cdmx\/\" \/>\n<meta property=\"og:site_name\" content=\"NOTICIAS\" \/>\n<meta property=\"article:published_time\" content=\"2017-01-24T15:00:10+00:00\" \/>\n<meta property=\"og:image\" content=\"https:\/\/laredsocial-noticias.com\/wp\/wp-content\/uploads\/2017\/01\/0a471030-af6f-4cf2-990e-fe5b20d7ea27.jpg\" \/>\n\t<meta property=\"og:image:width\" content=\"600\" \/>\n\t<meta property=\"og:image:height\" content=\"400\" \/>\n\t<meta property=\"og:image:type\" content=\"image\/jpeg\" \/>\n<meta name=\"author\" content=\"Editor en Jefe\" \/>\n<meta name=\"twitter:card\" content=\"summary_large_image\" \/>\n<meta name=\"twitter:label1\" content=\"Escrito por\" \/>\n\t<meta name=\"twitter:data1\" content=\"Editor en Jefe\" \/>\n\t<meta name=\"twitter:label2\" content=\"Tiempo de lectura\" \/>\n\t<meta name=\"twitter:data2\" content=\"2 minutos\" \/>\n<!-- \/ Yoast SEO plugin. -->","yoast_head_json":{"title":"Blindan candidaturas independientes en CDMX - NOTICIAS","robots":{"index":"index","follow":"follow","max-snippet":"max-snippet:-1","max-image-preview":"max-image-preview:large","max-video-preview":"max-video-preview:-1"},"canonical":"https:\/\/laredsocial-noticias.com\/wp\/blindan-candidaturas-independientes-en-cdmx\/","og_locale":"es_ES","og_type":"article","og_title":"Blindan candidaturas independientes en CDMX - NOTICIAS","og_description":"CIUDAD DE M\u00c9XICO, 24 de enero, (MENSAJE POL\u00cdTICO\/C\u00cdRCULO DIGITAL).\u2014 \u00a0La Asamblea Constituyente de la Ciudad de M\u00e9xico aprob\u00f3 esta noche...","og_url":"https:\/\/laredsocial-noticias.com\/wp\/blindan-candidaturas-independientes-en-cdmx\/","og_site_name":"NOTICIAS","article_published_time":"2017-01-24T15:00:10+00:00","og_image":[{"width":600,"height":400,"url":"https:\/\/laredsocial-noticias.com\/wp\/wp-content\/uploads\/2017\/01\/0a471030-af6f-4cf2-990e-fe5b20d7ea27.jpg","type":"image\/jpeg"}],"author":"Editor en Jefe","twitter_card":"summary_large_image","twitter_misc":{"Escrito por":"Editor en Jefe","Tiempo de lectura":"2 minutos"},"schema":{"@context":"https:\/\/schema.org","@graph":[{"@type":"WebPage","@id":"https:\/\/laredsocial-noticias.com\/wp\/blindan-candidaturas-independientes-en-cdmx\/","url":"https:\/\/laredsocial-noticias.com\/wp\/blindan-candidaturas-independientes-en-cdmx\/","name":"Blindan candidaturas independientes en CDMX - NOTICIAS","isPartOf":{"@id":"https:\/\/laredsocial-noticias.com\/wp\/#website"},"datePublished":"2017-01-24T15:00:10+00:00","author":{"@id":"https:\/\/laredsocial-noticias.com\/wp\/#\/schema\/person\/0ce78643f2de7aae6f6ef10e8453a6e0"},"breadcrumb":{"@id":"https:\/\/laredsocial-noticias.com\/wp\/blindan-candidaturas-independientes-en-cdmx\/#breadcrumb"},"inLanguage":"es","potentialAction":[{"@type":"ReadAction","target":["https:\/\/laredsocial-noticias.com\/wp\/blindan-candidaturas-independientes-en-cdmx\/"]}]},{"@type":"BreadcrumbList","@id":"https:\/\/laredsocial-noticias.com\/wp\/blindan-candidaturas-independientes-en-cdmx\/#breadcrumb","itemListElement":[{"@type":"ListItem","position":1,"name":"Portada","item":"https:\/\/laredsocial-noticias.com\/wp\/"},{"@type":"ListItem","position":2,"name":"Blindan candidaturas independientes en CDMX"}]},{"@type":"WebSite","@id":"https:\/\/laredsocial-noticias.com\/wp\/#website","url":"https:\/\/laredsocial-noticias.com\/wp\/","name":"NOTICIAS","description":"Lo que se ve y se dice en las redes sociales","potentialAction":[{"@type":"SearchAction","target":{"@type":"EntryPoint","urlTemplate":"https:\/\/laredsocial-noticias.com\/wp\/?s={search_term_string}"},"query-input":{"@type":"PropertyValueSpecification","valueRequired":true,"valueName":"search_term_string"}}],"inLanguage":"es"},{"@type":"Person","@id":"https:\/\/laredsocial-noticias.com\/wp\/#\/schema\/person\/0ce78643f2de7aae6f6ef10e8453a6e0","name":"Editor en Jefe","url":"https:\/\/laredsocial-noticias.com\/wp\/author\/jorgeochoa\/"}]}},"_links":{"self":[{"href":"https:\/\/laredsocial-noticias.com\/wp\/wp-json\/wp\/v2\/posts\/47459","targetHints":{"allow":["GET"]}}],"collection":[{"href":"https:\/\/laredsocial-noticias.com\/wp\/wp-json\/wp\/v2\/posts"}],"about":[{"href":"https:\/\/laredsocial-noticias.com\/wp\/wp-json\/wp\/v2\/types\/post"}],"author":[{"embeddable":true,"href":"https:\/\/laredsocial-noticias.com\/wp\/wp-json\/wp\/v2\/users\/1"}],"replies":[{"embeddable":true,"href":"https:\/\/laredsocial-noticias.com\/wp\/wp-json\/wp\/v2\/comments?post=47459"}],"version-history":[{"count":1,"href":"https:\/\/laredsocial-noticias.com\/wp\/wp-json\/wp\/v2\/posts\/47459\/revisions"}],"predecessor-version":[{"id":47460,"href":"https:\/\/laredsocial-noticias.com\/wp\/wp-json\/wp\/v2\/posts\/47459\/revisions\/47460"}],"wp:attachment":[{"href":"https:\/\/laredsocial-noticias.com\/wp\/wp-json\/wp\/v2\/media?parent=47459"}],"wp:term":[{"taxonomy":"category","embeddable":true,"href":"https:\/\/laredsocial-noticias.com\/wp\/wp-json\/wp\/v2\/categories?post=47459"},{"taxonomy":"post_tag","embeddable":true,"href":"https:\/\/laredsocial-noticias.com\/wp\/wp-json\/wp\/v2\/tags?post=47459"}],"curies":[{"name":"wp","href":"https:\/\/api.w.org\/{rel}","templated":true}]}}