{"id":48329,"date":"2017-02-01T14:00:11","date_gmt":"2017-02-01T20:00:11","guid":{"rendered":"http:\/\/laredsocial-noticias.com\/wp\/?p=48329"},"modified":"2017-02-01T14:02:56","modified_gmt":"2017-02-01T19:02:56","slug":"recibe-congreso-de-la-union-iniciativa-de-epn-para-reformar-la-ley-general-de-educacion","status":"publish","type":"post","link":"https:\/\/laredsocial-noticias.com\/wp\/recibe-congreso-de-la-union-iniciativa-de-epn-para-reformar-la-ley-general-de-educacion\/","title":{"rendered":"Recibe Congreso de la Uni\u00f3n iniciativa de EPN para reformar la Ley General de Educaci\u00f3n"},"content":{"rendered":"<p><strong>CIUDAD DE M\u00c9XICO, 01 de febrero, (MENSAJE POL\u00cdTICO\/C\u00cdRCULO DIGITAL).\u2014 \u00a0<\/strong>El Congreso de la Uni\u00f3n recibi\u00f3 una iniciativa del Presidente de la Rep\u00fablica que reforma la Ley General de Educaci\u00f3n, para que sea considerada con car\u00e1cter de tr\u00e1mite preferente, y se turn\u00f3 al Senado de la Rep\u00fablica para su an\u00e1lisis y dictaminaci\u00f3n.<\/p>\n<p>El secretario de Gobernaci\u00f3n, Miguel \u00c1ngel Osorio Chong, dijo ayer que el Ejecutivo enviar\u00eda esta iniciativa en materia de revalidaci\u00f3n de estudios, para facilitar el ingreso o reingreso al sistema educativo a los connacionales que eventualmente sean deportados o emigren de manera voluntaria de Estados Unidos al pa\u00eds.<\/p>\n<p>El documento se recibi\u00f3 durante la sesi\u00f3n del Congreso General para la apertura del Segundo Periodo de Sesiones Ordinarias del Segundo A\u00f1o de ejercicio de la LXIII Legislatura, que comienza este mi\u00e9rcoles, 1 de febrero.<\/p>\n<p>El presidente del Congreso de la Uni\u00f3n, diputado Javier Bola\u00f1os Aguilar, pidi\u00f3 que se leyera el documento sobre la recepci\u00f3n de la iniciativa.<\/p>\n<p>Se inform\u00f3 que junto con la iniciativa se acompa\u00f1aron copias de los oficios de la Secretar\u00eda de Hacienda y Cr\u00e9dito P\u00fablico, mediante los cuales se env\u00eda el dictamen de impacto presupuestario.<\/p>\n<p>&nbsp;<\/p>\n","protected":false},"excerpt":{"rendered":"<p>CIUDAD DE M\u00c9XICO, 01 de febrero, (MENSAJE POL\u00cdTICO\/C\u00cdRCULO DIGITAL).\u2014 \u00a0El Congreso de la Uni\u00f3n recibi\u00f3 una iniciativa del Presidente de&#8230;<\/p>\n","protected":false},"author":1,"featured_media":0,"comment_status":"closed","ping_status":"closed","sticky":false,"template":"","format":"standard","meta":{"footnotes":""},"categories":[1796,73],"tags":[332,77],"class_list":["post-48329","post","type-post","status-publish","format-standard","hentry","category-circulodigital","category-principal","tag-mexico","tag-principal"],"yoast_head":"<!-- This site is optimized with the Yoast SEO plugin v26.5 - https:\/\/yoast.com\/wordpress\/plugins\/seo\/ -->\n<title>Recibe Congreso de la Uni\u00f3n iniciativa de EPN para reformar la Ley General de Educaci\u00f3n - NOTICIAS<\/title>\n<meta name=\"robots\" content=\"index, follow, max-snippet:-1, max-image-preview:large, max-video-preview:-1\" \/>\n<link rel=\"canonical\" href=\"https:\/\/laredsocial-noticias.com\/wp\/recibe-congreso-de-la-union-iniciativa-de-epn-para-reformar-la-ley-general-de-educacion\/\" \/>\n<meta property=\"og:locale\" content=\"es_ES\" \/>\n<meta property=\"og:type\" content=\"article\" \/>\n<meta property=\"og:title\" content=\"Recibe Congreso de la Uni\u00f3n iniciativa de EPN para reformar la Ley General de Educaci\u00f3n - NOTICIAS\" \/>\n<meta property=\"og:description\" content=\"CIUDAD DE M\u00c9XICO, 01 de febrero, (MENSAJE POL\u00cdTICO\/C\u00cdRCULO DIGITAL).\u2014 \u00a0El Congreso de la Uni\u00f3n recibi\u00f3 una iniciativa del Presidente de...\" \/>\n<meta property=\"og:url\" content=\"https:\/\/laredsocial-noticias.com\/wp\/recibe-congreso-de-la-union-iniciativa-de-epn-para-reformar-la-ley-general-de-educacion\/\" \/>\n<meta property=\"og:site_name\" content=\"NOTICIAS\" \/>\n<meta property=\"article:published_time\" content=\"2017-02-01T20:00:11+00:00\" \/>\n<meta property=\"og:image\" content=\"https:\/\/laredsocial-noticias.com\/wp\/wp-content\/uploads\/2017\/02\/Enrique-Pe\u00f1a-Nieto.jpg\" \/>\n\t<meta property=\"og:image:width\" content=\"600\" \/>\n\t<meta property=\"og:image:height\" content=\"342\" \/>\n\t<meta property=\"og:image:type\" content=\"image\/jpeg\" \/>\n<meta name=\"author\" content=\"Editor en Jefe\" \/>\n<meta name=\"twitter:card\" content=\"summary_large_image\" \/>\n<meta name=\"twitter:label1\" content=\"Escrito por\" \/>\n\t<meta name=\"twitter:data1\" content=\"Editor en Jefe\" \/>\n\t<meta name=\"twitter:label2\" content=\"Tiempo de lectura\" \/>\n\t<meta name=\"twitter:data2\" content=\"1 minuto\" \/>\n<!-- \/ Yoast SEO plugin. -->","yoast_head_json":{"title":"Recibe Congreso de la Uni\u00f3n iniciativa de EPN para reformar la Ley General de Educaci\u00f3n - NOTICIAS","robots":{"index":"index","follow":"follow","max-snippet":"max-snippet:-1","max-image-preview":"max-image-preview:large","max-video-preview":"max-video-preview:-1"},"canonical":"https:\/\/laredsocial-noticias.com\/wp\/recibe-congreso-de-la-union-iniciativa-de-epn-para-reformar-la-ley-general-de-educacion\/","og_locale":"es_ES","og_type":"article","og_title":"Recibe Congreso de la Uni\u00f3n iniciativa de EPN para reformar la Ley General de Educaci\u00f3n - NOTICIAS","og_description":"CIUDAD DE M\u00c9XICO, 01 de febrero, (MENSAJE POL\u00cdTICO\/C\u00cdRCULO DIGITAL).\u2014 \u00a0El Congreso de la Uni\u00f3n recibi\u00f3 una iniciativa del Presidente de...","og_url":"https:\/\/laredsocial-noticias.com\/wp\/recibe-congreso-de-la-union-iniciativa-de-epn-para-reformar-la-ley-general-de-educacion\/","og_site_name":"NOTICIAS","article_published_time":"2017-02-01T20:00:11+00:00","og_image":[{"width":600,"height":342,"url":"https:\/\/laredsocial-noticias.com\/wp\/wp-content\/uploads\/2017\/02\/Enrique-Pe\u00f1a-Nieto.jpg","type":"image\/jpeg"}],"author":"Editor en Jefe","twitter_card":"summary_large_image","twitter_misc":{"Escrito por":"Editor en Jefe","Tiempo de lectura":"1 minuto"},"schema":{"@context":"https:\/\/schema.org","@graph":[{"@type":"WebPage","@id":"https:\/\/laredsocial-noticias.com\/wp\/recibe-congreso-de-la-union-iniciativa-de-epn-para-reformar-la-ley-general-de-educacion\/","url":"https:\/\/laredsocial-noticias.com\/wp\/recibe-congreso-de-la-union-iniciativa-de-epn-para-reformar-la-ley-general-de-educacion\/","name":"Recibe Congreso de la Uni\u00f3n iniciativa de EPN para reformar la Ley General de Educaci\u00f3n - NOTICIAS","isPartOf":{"@id":"https:\/\/laredsocial-noticias.com\/wp\/#website"},"datePublished":"2017-02-01T20:00:11+00:00","author":{"@id":"https:\/\/laredsocial-noticias.com\/wp\/#\/schema\/person\/0ce78643f2de7aae6f6ef10e8453a6e0"},"breadcrumb":{"@id":"https:\/\/laredsocial-noticias.com\/wp\/recibe-congreso-de-la-union-iniciativa-de-epn-para-reformar-la-ley-general-de-educacion\/#breadcrumb"},"inLanguage":"es","potentialAction":[{"@type":"ReadAction","target":["https:\/\/laredsocial-noticias.com\/wp\/recibe-congreso-de-la-union-iniciativa-de-epn-para-reformar-la-ley-general-de-educacion\/"]}]},{"@type":"BreadcrumbList","@id":"https:\/\/laredsocial-noticias.com\/wp\/recibe-congreso-de-la-union-iniciativa-de-epn-para-reformar-la-ley-general-de-educacion\/#breadcrumb","itemListElement":[{"@type":"ListItem","position":1,"name":"Portada","item":"https:\/\/laredsocial-noticias.com\/wp\/"},{"@type":"ListItem","position":2,"name":"Recibe Congreso de la Uni\u00f3n iniciativa de EPN para reformar la Ley General de Educaci\u00f3n"}]},{"@type":"WebSite","@id":"https:\/\/laredsocial-noticias.com\/wp\/#website","url":"https:\/\/laredsocial-noticias.com\/wp\/","name":"NOTICIAS","description":"Lo que se ve y se dice en las redes sociales","potentialAction":[{"@type":"SearchAction","target":{"@type":"EntryPoint","urlTemplate":"https:\/\/laredsocial-noticias.com\/wp\/?s={search_term_string}"},"query-input":{"@type":"PropertyValueSpecification","valueRequired":true,"valueName":"search_term_string"}}],"inLanguage":"es"},{"@type":"Person","@id":"https:\/\/laredsocial-noticias.com\/wp\/#\/schema\/person\/0ce78643f2de7aae6f6ef10e8453a6e0","name":"Editor en Jefe","url":"https:\/\/laredsocial-noticias.com\/wp\/author\/jorgeochoa\/"}]}},"_links":{"self":[{"href":"https:\/\/laredsocial-noticias.com\/wp\/wp-json\/wp\/v2\/posts\/48329","targetHints":{"allow":["GET"]}}],"collection":[{"href":"https:\/\/laredsocial-noticias.com\/wp\/wp-json\/wp\/v2\/posts"}],"about":[{"href":"https:\/\/laredsocial-noticias.com\/wp\/wp-json\/wp\/v2\/types\/post"}],"author":[{"embeddable":true,"href":"https:\/\/laredsocial-noticias.com\/wp\/wp-json\/wp\/v2\/users\/1"}],"replies":[{"embeddable":true,"href":"https:\/\/laredsocial-noticias.com\/wp\/wp-json\/wp\/v2\/comments?post=48329"}],"version-history":[{"count":1,"href":"https:\/\/laredsocial-noticias.com\/wp\/wp-json\/wp\/v2\/posts\/48329\/revisions"}],"predecessor-version":[{"id":48330,"href":"https:\/\/laredsocial-noticias.com\/wp\/wp-json\/wp\/v2\/posts\/48329\/revisions\/48330"}],"wp:attachment":[{"href":"https:\/\/laredsocial-noticias.com\/wp\/wp-json\/wp\/v2\/media?parent=48329"}],"wp:term":[{"taxonomy":"category","embeddable":true,"href":"https:\/\/laredsocial-noticias.com\/wp\/wp-json\/wp\/v2\/categories?post=48329"},{"taxonomy":"post_tag","embeddable":true,"href":"https:\/\/laredsocial-noticias.com\/wp\/wp-json\/wp\/v2\/tags?post=48329"}],"curies":[{"name":"wp","href":"https:\/\/api.w.org\/{rel}","templated":true}]}}