{"id":48847,"date":"2017-02-04T18:00:08","date_gmt":"2017-02-05T00:00:08","guid":{"rendered":"http:\/\/laredsocial-noticias.com\/wp\/?p=48847"},"modified":"2017-02-04T14:46:26","modified_gmt":"2017-02-04T19:46:26","slug":"exhibiran-en-palacio-nacional-documentos-de-la-historia-de-mexico","status":"publish","type":"post","link":"https:\/\/laredsocial-noticias.com\/wp\/exhibiran-en-palacio-nacional-documentos-de-la-historia-de-mexico\/","title":{"rendered":"Exhibir\u00e1n en Palacio Nacional documentos de la historia de M\u00e9xico"},"content":{"rendered":"<p><strong>CIUDAD DE M\u00c9XICO, 04 de febrero, (AGENCIAS\/C\u00cdRCULO DIGITAL).\u2014 \u00a0<\/strong> Como parte de los festejos del Centenario de la Promulgaci\u00f3n de la Constituci\u00f3n de 1917, ser\u00e1n exhibidos en Palacio Nacional los Sentimientos de la Naci\u00f3n, el Acta de Independencia y el \u201cCuatro Hist\u00f3rico de los Congresos Constituyentes de M\u00e9xico\u201d (1814-1917).<\/p>\n<p>Estos documentos considerados fundamentales para la historia del pa\u00eds, cuya conservaci\u00f3n requiere cuidados y procedimientos especiales fueron trasladados el pasado 20 de enero del Archivo General de la Naci\u00f3n (AGN) a la sede del Poder Ejecutivo Federal del pa\u00eds, para que los mexicanos conozcan estas piezas clave en la construcci\u00f3n de la naci\u00f3n.<\/p>\n<p>A trav\u00e9s del blog del Gobierno Federal, el AGN destac\u00f3 que para ello, fueron sometidos a un proceso de encapsulado que consiste en un sistema con una atm\u00f3sfera de gas inerte que garantiza las condiciones \u00f3ptimas de humedad, temperatura, presi\u00f3n e iluminaci\u00f3n.<\/p>\n<p>Adem\u00e1s, mantiene estables las propiedades de los textos y permite su exposici\u00f3n al p\u00fablico sin que los documentos resulten da\u00f1ados. El encapsulamiento se realiz\u00f3 en colaboraci\u00f3n entre el Archivo General de la Naci\u00f3n y el Centro de Dise\u00f1o Mec\u00e1nico e Innovaci\u00f3n Tecnol\u00f3gica de la Facultad de Ingenier\u00eda de la Universidad Nacional Aut\u00f3noma de M\u00e9xico (UNAM).<\/p>\n<p>La restauraci\u00f3n y acondicionamiento del Cuadro Hist\u00f3rico, el cual no hab\u00eda sido intervenido desde su integraci\u00f3n a los fondos del AGN en 1992, se realiz\u00f3 en colaboraci\u00f3n con la asociaci\u00f3n civil Apoyo al Desarrollo de Archivos y Bibliotecas de M\u00e9xico.<\/p>\n<p>Para ello, se implement\u00f3 su limpieza, para eliminar polvo y manchas de \u00f3xido; se repararon roturas y se reforzaron algunas zonas que dificultaban su manipulaci\u00f3n o significaban un riesgo de deterioro, para lograr su estabilizaci\u00f3n.<\/p>\n<p>El Cuadro Hist\u00f3rico es una obra de t\u00e9cnica mixta, es un texto manuscrito e impreso, dibujo con t\u00e9cnica de aguada y 312 fotograf\u00edas, contando las faltantes. Mide 276 cent\u00edmetros por 190 cent\u00edmetros, fue compuesto por Vicente Rivera Melo V\u00e1zquez y dibujado por Eustorgio Espinosa.<\/p>\n<p>En esta obra se observa el Plan de Ayutla (1854) emitido para desconocer a Antonio L\u00f3pez de Santa Anna; y el Plan de Guadalupe (1913), pronunciado para destituir a Victoriano Huerta. Un dato a destacar es que estos planes derivaron en Congresos Constituyentes.<\/p>\n<p>En la obra que se exhibir\u00e1 en Palacio Nacional se encuentran las fotograf\u00edas de los constituyentes que dieron forma a las constituciones de Apatzing\u00e1n, en 1814; la federal de 1824; la liberal de 1857 y la social de 1917, que actualmente nos rige.<\/p>\n<p>En el AGN se encuentra un facs\u00edmil de esta obra, cuyo original se exhibir\u00e1 en Palacio Nacional con motivo del Centenario de la promulgaci\u00f3n de nuestra Carta Magna.<\/p>\n","protected":false},"excerpt":{"rendered":"<p>CIUDAD DE M\u00c9XICO, 04 de febrero, (AGENCIAS\/C\u00cdRCULO DIGITAL).\u2014 \u00a0 Como parte de los festejos del Centenario de la Promulgaci\u00f3n de&#8230;<\/p>\n","protected":false},"author":1,"featured_media":0,"comment_status":"closed","ping_status":"closed","sticky":false,"template":"","format":"standard","meta":{"footnotes":""},"categories":[91,1796,73],"tags":[261,77],"class_list":["post-48847","post","type-post","status-publish","format-standard","hentry","category-cdmx","category-circulodigital","category-principal","tag-cdmx","tag-principal"],"yoast_head":"<!-- This site is optimized with the Yoast SEO plugin v26.5 - https:\/\/yoast.com\/wordpress\/plugins\/seo\/ -->\n<title>Exhibir\u00e1n en Palacio Nacional documentos de la historia de M\u00e9xico - NOTICIAS<\/title>\n<meta name=\"robots\" content=\"index, follow, max-snippet:-1, max-image-preview:large, max-video-preview:-1\" \/>\n<link rel=\"canonical\" href=\"https:\/\/laredsocial-noticias.com\/wp\/exhibiran-en-palacio-nacional-documentos-de-la-historia-de-mexico\/\" \/>\n<meta property=\"og:locale\" content=\"es_ES\" \/>\n<meta property=\"og:type\" content=\"article\" \/>\n<meta property=\"og:title\" content=\"Exhibir\u00e1n en Palacio Nacional documentos de la historia de M\u00e9xico - NOTICIAS\" \/>\n<meta property=\"og:description\" content=\"CIUDAD DE M\u00c9XICO, 04 de febrero, (AGENCIAS\/C\u00cdRCULO DIGITAL).\u2014 \u00a0 Como parte de los festejos del Centenario de la Promulgaci\u00f3n de...\" \/>\n<meta property=\"og:url\" content=\"https:\/\/laredsocial-noticias.com\/wp\/exhibiran-en-palacio-nacional-documentos-de-la-historia-de-mexico\/\" \/>\n<meta property=\"og:site_name\" content=\"NOTICIAS\" \/>\n<meta property=\"article:published_time\" content=\"2017-02-05T00:00:08+00:00\" \/>\n<meta property=\"og:image\" content=\"https:\/\/laredsocial-noticias.com\/wp\/wp-content\/uploads\/2017\/02\/Museo-Sentimientos-de-la-Naci\u00f3n.jpg\" \/>\n\t<meta property=\"og:image:width\" content=\"600\" \/>\n\t<meta property=\"og:image:height\" content=\"342\" \/>\n\t<meta property=\"og:image:type\" content=\"image\/jpeg\" \/>\n<meta name=\"author\" content=\"Editor en Jefe\" \/>\n<meta name=\"twitter:card\" content=\"summary_large_image\" \/>\n<meta name=\"twitter:label1\" content=\"Escrito por\" \/>\n\t<meta name=\"twitter:data1\" content=\"Editor en Jefe\" \/>\n\t<meta name=\"twitter:label2\" content=\"Tiempo de lectura\" \/>\n\t<meta name=\"twitter:data2\" content=\"2 minutos\" \/>\n<!-- \/ Yoast SEO plugin. -->","yoast_head_json":{"title":"Exhibir\u00e1n en Palacio Nacional documentos de la historia de M\u00e9xico - NOTICIAS","robots":{"index":"index","follow":"follow","max-snippet":"max-snippet:-1","max-image-preview":"max-image-preview:large","max-video-preview":"max-video-preview:-1"},"canonical":"https:\/\/laredsocial-noticias.com\/wp\/exhibiran-en-palacio-nacional-documentos-de-la-historia-de-mexico\/","og_locale":"es_ES","og_type":"article","og_title":"Exhibir\u00e1n en Palacio Nacional documentos de la historia de M\u00e9xico - NOTICIAS","og_description":"CIUDAD DE M\u00c9XICO, 04 de febrero, (AGENCIAS\/C\u00cdRCULO DIGITAL).\u2014 \u00a0 Como parte de los festejos del Centenario de la Promulgaci\u00f3n de...","og_url":"https:\/\/laredsocial-noticias.com\/wp\/exhibiran-en-palacio-nacional-documentos-de-la-historia-de-mexico\/","og_site_name":"NOTICIAS","article_published_time":"2017-02-05T00:00:08+00:00","og_image":[{"width":600,"height":342,"url":"https:\/\/laredsocial-noticias.com\/wp\/wp-content\/uploads\/2017\/02\/Museo-Sentimientos-de-la-Naci\u00f3n.jpg","type":"image\/jpeg"}],"author":"Editor en Jefe","twitter_card":"summary_large_image","twitter_misc":{"Escrito por":"Editor en Jefe","Tiempo de lectura":"2 minutos"},"schema":{"@context":"https:\/\/schema.org","@graph":[{"@type":"WebPage","@id":"https:\/\/laredsocial-noticias.com\/wp\/exhibiran-en-palacio-nacional-documentos-de-la-historia-de-mexico\/","url":"https:\/\/laredsocial-noticias.com\/wp\/exhibiran-en-palacio-nacional-documentos-de-la-historia-de-mexico\/","name":"Exhibir\u00e1n en Palacio Nacional documentos de la historia de M\u00e9xico - NOTICIAS","isPartOf":{"@id":"https:\/\/laredsocial-noticias.com\/wp\/#website"},"datePublished":"2017-02-05T00:00:08+00:00","author":{"@id":"https:\/\/laredsocial-noticias.com\/wp\/#\/schema\/person\/0ce78643f2de7aae6f6ef10e8453a6e0"},"breadcrumb":{"@id":"https:\/\/laredsocial-noticias.com\/wp\/exhibiran-en-palacio-nacional-documentos-de-la-historia-de-mexico\/#breadcrumb"},"inLanguage":"es","potentialAction":[{"@type":"ReadAction","target":["https:\/\/laredsocial-noticias.com\/wp\/exhibiran-en-palacio-nacional-documentos-de-la-historia-de-mexico\/"]}]},{"@type":"BreadcrumbList","@id":"https:\/\/laredsocial-noticias.com\/wp\/exhibiran-en-palacio-nacional-documentos-de-la-historia-de-mexico\/#breadcrumb","itemListElement":[{"@type":"ListItem","position":1,"name":"Portada","item":"https:\/\/laredsocial-noticias.com\/wp\/"},{"@type":"ListItem","position":2,"name":"Exhibir\u00e1n en Palacio Nacional documentos de la historia de M\u00e9xico"}]},{"@type":"WebSite","@id":"https:\/\/laredsocial-noticias.com\/wp\/#website","url":"https:\/\/laredsocial-noticias.com\/wp\/","name":"NOTICIAS","description":"Lo que se ve y se dice en las redes sociales","potentialAction":[{"@type":"SearchAction","target":{"@type":"EntryPoint","urlTemplate":"https:\/\/laredsocial-noticias.com\/wp\/?s={search_term_string}"},"query-input":{"@type":"PropertyValueSpecification","valueRequired":true,"valueName":"search_term_string"}}],"inLanguage":"es"},{"@type":"Person","@id":"https:\/\/laredsocial-noticias.com\/wp\/#\/schema\/person\/0ce78643f2de7aae6f6ef10e8453a6e0","name":"Editor en Jefe","url":"https:\/\/laredsocial-noticias.com\/wp\/author\/jorgeochoa\/"}]}},"_links":{"self":[{"href":"https:\/\/laredsocial-noticias.com\/wp\/wp-json\/wp\/v2\/posts\/48847","targetHints":{"allow":["GET"]}}],"collection":[{"href":"https:\/\/laredsocial-noticias.com\/wp\/wp-json\/wp\/v2\/posts"}],"about":[{"href":"https:\/\/laredsocial-noticias.com\/wp\/wp-json\/wp\/v2\/types\/post"}],"author":[{"embeddable":true,"href":"https:\/\/laredsocial-noticias.com\/wp\/wp-json\/wp\/v2\/users\/1"}],"replies":[{"embeddable":true,"href":"https:\/\/laredsocial-noticias.com\/wp\/wp-json\/wp\/v2\/comments?post=48847"}],"version-history":[{"count":1,"href":"https:\/\/laredsocial-noticias.com\/wp\/wp-json\/wp\/v2\/posts\/48847\/revisions"}],"predecessor-version":[{"id":48848,"href":"https:\/\/laredsocial-noticias.com\/wp\/wp-json\/wp\/v2\/posts\/48847\/revisions\/48848"}],"wp:attachment":[{"href":"https:\/\/laredsocial-noticias.com\/wp\/wp-json\/wp\/v2\/media?parent=48847"}],"wp:term":[{"taxonomy":"category","embeddable":true,"href":"https:\/\/laredsocial-noticias.com\/wp\/wp-json\/wp\/v2\/categories?post=48847"},{"taxonomy":"post_tag","embeddable":true,"href":"https:\/\/laredsocial-noticias.com\/wp\/wp-json\/wp\/v2\/tags?post=48847"}],"curies":[{"name":"wp","href":"https:\/\/api.w.org\/{rel}","templated":true}]}}