{"id":48871,"date":"2017-02-05T08:33:36","date_gmt":"2017-02-05T14:33:36","guid":{"rendered":"http:\/\/laredsocial-noticias.com\/wp\/?p=48871"},"modified":"2017-02-05T09:33:44","modified_gmt":"2017-02-05T14:33:44","slug":"muere-el-hermano-de-manlio-fabio-beltrones","status":"publish","type":"post","link":"https:\/\/laredsocial-noticias.com\/wp\/muere-el-hermano-de-manlio-fabio-beltrones\/","title":{"rendered":"Muere el hermano de Manlio Fabio Beltrones"},"content":{"rendered":"<p><strong>CIUDAD DE M\u00c9XICO, 05 de febrero, (CDMX MAGAC\u00cdN\/C\u00cdRCULO DIGITAL).\u2014 \u00a0<\/strong>Orestes Beltrones Rivera, hermano del exgobernador de Sonora, Manlio Fabio, muri\u00f3 despu\u00e9s de enfrentar una<strong> enfermedad <\/strong>que padec\u00eda durante algunos meses.<\/p>\n<p>Desde el d\u00eda de ayer familiares y pol\u00edticos de la entidad hacen p\u00fablico su p\u00e9same a la familia Beltrones por el sensible fallecimiento.<\/p>\n<p>La gobernadora del estado, Claudia Pavlovich, tambi\u00e9n comparti\u00f3 su p\u00e9same.<\/p>\n<p>Por su parte, el presidente del CEN del PRI, Enrique Ochoa Reza, envi\u00f3 sus condolencias a Manlio Fabio Beltrones y a su familia.<\/p>\n<p>El secretario de Comunicaciones y Transportes, Gerardo Ruiz Esparza, tambi\u00e9n lament\u00f3 el deceso.<\/p>\n<p>El gobernador de Chiapas, Manuel Velasco, se uni\u00f3 a las condolencias hacia la familia Beltrones Rivera.<\/p>\n","protected":false},"excerpt":{"rendered":"<p>CIUDAD DE M\u00c9XICO, 05 de febrero, (CDMX MAGAC\u00cdN\/C\u00cdRCULO DIGITAL).\u2014 \u00a0Orestes Beltrones Rivera, hermano del exgobernador de Sonora, Manlio Fabio, muri\u00f3&#8230;<\/p>\n","protected":false},"author":1,"featured_media":0,"comment_status":"closed","ping_status":"closed","sticky":false,"template":"","format":"standard","meta":{"footnotes":""},"categories":[1796,73],"tags":[332,77],"class_list":["post-48871","post","type-post","status-publish","format-standard","hentry","category-circulodigital","category-principal","tag-mexico","tag-principal"],"yoast_head":"<!-- This site is optimized with the Yoast SEO plugin v26.5 - https:\/\/yoast.com\/wordpress\/plugins\/seo\/ -->\n<title>Muere el hermano de Manlio Fabio Beltrones - NOTICIAS<\/title>\n<meta name=\"robots\" content=\"index, follow, max-snippet:-1, max-image-preview:large, max-video-preview:-1\" \/>\n<link rel=\"canonical\" href=\"https:\/\/laredsocial-noticias.com\/wp\/muere-el-hermano-de-manlio-fabio-beltrones\/\" \/>\n<meta property=\"og:locale\" content=\"es_ES\" \/>\n<meta property=\"og:type\" content=\"article\" \/>\n<meta property=\"og:title\" content=\"Muere el hermano de Manlio Fabio Beltrones - NOTICIAS\" \/>\n<meta property=\"og:description\" content=\"CIUDAD DE M\u00c9XICO, 05 de febrero, (CDMX MAGAC\u00cdN\/C\u00cdRCULO DIGITAL).\u2014 \u00a0Orestes Beltrones Rivera, hermano del exgobernador de Sonora, Manlio Fabio, muri\u00f3...\" \/>\n<meta property=\"og:url\" content=\"https:\/\/laredsocial-noticias.com\/wp\/muere-el-hermano-de-manlio-fabio-beltrones\/\" \/>\n<meta property=\"og:site_name\" content=\"NOTICIAS\" \/>\n<meta property=\"article:published_time\" content=\"2017-02-05T14:33:36+00:00\" \/>\n<meta property=\"article:modified_time\" content=\"2017-02-05T14:33:44+00:00\" \/>\n<meta property=\"og:image\" content=\"https:\/\/laredsocial-noticias.com\/wp\/wp-content\/uploads\/2017\/02\/Orestes-Beltrones.jpg\" \/>\n\t<meta property=\"og:image:width\" content=\"600\" \/>\n\t<meta property=\"og:image:height\" content=\"400\" \/>\n\t<meta property=\"og:image:type\" content=\"image\/jpeg\" \/>\n<meta name=\"author\" content=\"Editor en Jefe\" \/>\n<meta name=\"twitter:card\" content=\"summary_large_image\" \/>\n<meta name=\"twitter:label1\" content=\"Escrito por\" \/>\n\t<meta name=\"twitter:data1\" content=\"Editor en Jefe\" \/>\n\t<meta name=\"twitter:label2\" content=\"Tiempo de lectura\" \/>\n\t<meta name=\"twitter:data2\" content=\"1 minuto\" \/>\n<!-- \/ Yoast SEO plugin. -->","yoast_head_json":{"title":"Muere el hermano de Manlio Fabio Beltrones - NOTICIAS","robots":{"index":"index","follow":"follow","max-snippet":"max-snippet:-1","max-image-preview":"max-image-preview:large","max-video-preview":"max-video-preview:-1"},"canonical":"https:\/\/laredsocial-noticias.com\/wp\/muere-el-hermano-de-manlio-fabio-beltrones\/","og_locale":"es_ES","og_type":"article","og_title":"Muere el hermano de Manlio Fabio Beltrones - NOTICIAS","og_description":"CIUDAD DE M\u00c9XICO, 05 de febrero, (CDMX MAGAC\u00cdN\/C\u00cdRCULO DIGITAL).\u2014 \u00a0Orestes Beltrones Rivera, hermano del exgobernador de Sonora, Manlio Fabio, muri\u00f3...","og_url":"https:\/\/laredsocial-noticias.com\/wp\/muere-el-hermano-de-manlio-fabio-beltrones\/","og_site_name":"NOTICIAS","article_published_time":"2017-02-05T14:33:36+00:00","article_modified_time":"2017-02-05T14:33:44+00:00","og_image":[{"width":600,"height":400,"url":"https:\/\/laredsocial-noticias.com\/wp\/wp-content\/uploads\/2017\/02\/Orestes-Beltrones.jpg","type":"image\/jpeg"}],"author":"Editor en Jefe","twitter_card":"summary_large_image","twitter_misc":{"Escrito por":"Editor en Jefe","Tiempo de lectura":"1 minuto"},"schema":{"@context":"https:\/\/schema.org","@graph":[{"@type":"WebPage","@id":"https:\/\/laredsocial-noticias.com\/wp\/muere-el-hermano-de-manlio-fabio-beltrones\/","url":"https:\/\/laredsocial-noticias.com\/wp\/muere-el-hermano-de-manlio-fabio-beltrones\/","name":"Muere el hermano de Manlio Fabio Beltrones - NOTICIAS","isPartOf":{"@id":"https:\/\/laredsocial-noticias.com\/wp\/#website"},"datePublished":"2017-02-05T14:33:36+00:00","dateModified":"2017-02-05T14:33:44+00:00","author":{"@id":"https:\/\/laredsocial-noticias.com\/wp\/#\/schema\/person\/0ce78643f2de7aae6f6ef10e8453a6e0"},"breadcrumb":{"@id":"https:\/\/laredsocial-noticias.com\/wp\/muere-el-hermano-de-manlio-fabio-beltrones\/#breadcrumb"},"inLanguage":"es","potentialAction":[{"@type":"ReadAction","target":["https:\/\/laredsocial-noticias.com\/wp\/muere-el-hermano-de-manlio-fabio-beltrones\/"]}]},{"@type":"BreadcrumbList","@id":"https:\/\/laredsocial-noticias.com\/wp\/muere-el-hermano-de-manlio-fabio-beltrones\/#breadcrumb","itemListElement":[{"@type":"ListItem","position":1,"name":"Portada","item":"https:\/\/laredsocial-noticias.com\/wp\/"},{"@type":"ListItem","position":2,"name":"Muere el hermano de Manlio Fabio Beltrones"}]},{"@type":"WebSite","@id":"https:\/\/laredsocial-noticias.com\/wp\/#website","url":"https:\/\/laredsocial-noticias.com\/wp\/","name":"NOTICIAS","description":"Lo que se ve y se dice en las redes sociales","potentialAction":[{"@type":"SearchAction","target":{"@type":"EntryPoint","urlTemplate":"https:\/\/laredsocial-noticias.com\/wp\/?s={search_term_string}"},"query-input":{"@type":"PropertyValueSpecification","valueRequired":true,"valueName":"search_term_string"}}],"inLanguage":"es"},{"@type":"Person","@id":"https:\/\/laredsocial-noticias.com\/wp\/#\/schema\/person\/0ce78643f2de7aae6f6ef10e8453a6e0","name":"Editor en Jefe","url":"https:\/\/laredsocial-noticias.com\/wp\/author\/jorgeochoa\/"}]}},"_links":{"self":[{"href":"https:\/\/laredsocial-noticias.com\/wp\/wp-json\/wp\/v2\/posts\/48871","targetHints":{"allow":["GET"]}}],"collection":[{"href":"https:\/\/laredsocial-noticias.com\/wp\/wp-json\/wp\/v2\/posts"}],"about":[{"href":"https:\/\/laredsocial-noticias.com\/wp\/wp-json\/wp\/v2\/types\/post"}],"author":[{"embeddable":true,"href":"https:\/\/laredsocial-noticias.com\/wp\/wp-json\/wp\/v2\/users\/1"}],"replies":[{"embeddable":true,"href":"https:\/\/laredsocial-noticias.com\/wp\/wp-json\/wp\/v2\/comments?post=48871"}],"version-history":[{"count":1,"href":"https:\/\/laredsocial-noticias.com\/wp\/wp-json\/wp\/v2\/posts\/48871\/revisions"}],"predecessor-version":[{"id":48872,"href":"https:\/\/laredsocial-noticias.com\/wp\/wp-json\/wp\/v2\/posts\/48871\/revisions\/48872"}],"wp:attachment":[{"href":"https:\/\/laredsocial-noticias.com\/wp\/wp-json\/wp\/v2\/media?parent=48871"}],"wp:term":[{"taxonomy":"category","embeddable":true,"href":"https:\/\/laredsocial-noticias.com\/wp\/wp-json\/wp\/v2\/categories?post=48871"},{"taxonomy":"post_tag","embeddable":true,"href":"https:\/\/laredsocial-noticias.com\/wp\/wp-json\/wp\/v2\/tags?post=48871"}],"curies":[{"name":"wp","href":"https:\/\/api.w.org\/{rel}","templated":true}]}}