{"id":48994,"date":"2017-02-06T17:48:34","date_gmt":"2017-02-06T23:48:34","guid":{"rendered":"http:\/\/laredsocial-noticias.com\/wp\/?p=48994"},"modified":"2017-02-06T18:48:42","modified_gmt":"2017-02-06T23:48:42","slug":"presidente-de-parlamento-britanico-se-opone-a-discurso-de-trump","status":"publish","type":"post","link":"https:\/\/laredsocial-noticias.com\/wp\/presidente-de-parlamento-britanico-se-opone-a-discurso-de-trump\/","title":{"rendered":"Presidente de Parlamento brit\u00e1nico se opone a discurso de Trump"},"content":{"rendered":"<p><strong>LONDRES, 06 de febrero, (POLITIQUER\u00cdAS \/ C\u00cdRCULO DIGITAL).-\u00a0<\/strong>El presidente de la C\u00e1mara de los Comunes brit\u00e1nica, John Bercow, afirm\u00f3 hoy que no invitar\u00e1 al presidente de Estados Unidos, Donald Trump, a hablar ante el Parlamento durante su futura visita de Estado.<\/p>\n<p class=\"text\">Bercow, quien preside los debates y recibe a los invitados, dijo que hablar ante el Parlamento no forma parte autom\u00e1ticamente de una visita de Estado sino que es un honor que hay que ganarse.De esta forma, el presidente del Parlamento, que est\u00e1 obligado a la neutralidad pol\u00edtica, se meti\u00f3 de lleno y de forma inesperada en la pol\u00e9mica por la visita de Estado que realizar\u00e1 Trump al Reino Unido.<\/p>\n<div id=\"ad-video-inread\" class=\"ad-video-inread\"><\/div>\n<p class=\"text\">Sus declaraciones son especialmente inc\u00f3modas para el Gobierno ya que forma parte del Partido Conservador de la primera ministra Theresa May, que invit\u00f3 al mandatario cuando viaj\u00f3 a Estados Unidos. &#8220;Valoramos nuestra relaci\u00f3n con Estados Unidos&#8230; (pero) siento que nuestra oposici\u00f3n al racismo y al sexismo y nuestro apoyo a la igualdad ante la ley y la justicia independiente son consideraciones muy importantes para la C\u00e1mara de los Comunes&#8221;, dijo Bercow al Parlamento.<\/p>\n<p class=\"text\">Bercow es uno de los tres funcionarios que deber\u00eda dar su visto bueno para que Trump pueda hablar ante el Parlamento si lo pide el Gobierno.<\/p>\n<p class=\"text\">Bercow fue criticado por romper con su imparcialidad. &#8220;Para respetar nuestras m\u00e1s delicadas tradiciones parlamentarias, deber\u00eda ser neutral&#8221;, dijo el ex l\u00edder del Partido de la Independencia (UKIP), Nigel Farage, un defensor de Trump, en Twitter.<\/p>\n<p class=\"text\">Sin embargo, el l\u00edder de la oposici\u00f3n laborista, Jeremy Corbyn, felicit\u00f3 a Bercow. &#8220;Tenemos que defender los valores de nuestro pa\u00eds. La visita de Estado de Trump no deber\u00eda avanzar&#8221;, a\u00f1adi\u00f3 Corbyn.<\/p>\n<p class=\"text\">M\u00e1s de 1,8 millones de personas apoyaron una petici\u00f3n online al Parlamento para urgir al Gobierno a que rebaje la visita de Estado de Trump. El Parlamento debatir\u00e1 la petici\u00f3n el 20 de febrero.<\/p>\n","protected":false},"excerpt":{"rendered":"<p>LONDRES, 06 de febrero, (POLITIQUER\u00cdAS \/ C\u00cdRCULO DIGITAL).-\u00a0El presidente de la C\u00e1mara de los Comunes brit\u00e1nica, John Bercow, afirm\u00f3 hoy&#8230;<\/p>\n","protected":false},"author":1,"featured_media":0,"comment_status":"closed","ping_status":"closed","sticky":false,"template":"","format":"standard","meta":{"footnotes":""},"categories":[1796,101,73],"tags":[145,77],"class_list":["post-48994","post","type-post","status-publish","format-standard","hentry","category-circulodigital","category-internacional","category-principal","tag-internacional","tag-principal"],"yoast_head":"<!-- This site is optimized with the Yoast SEO plugin v26.5 - https:\/\/yoast.com\/wordpress\/plugins\/seo\/ -->\n<title>Presidente de Parlamento brit\u00e1nico se opone a discurso de Trump - NOTICIAS<\/title>\n<meta name=\"robots\" content=\"index, follow, max-snippet:-1, max-image-preview:large, max-video-preview:-1\" \/>\n<link rel=\"canonical\" href=\"https:\/\/laredsocial-noticias.com\/wp\/presidente-de-parlamento-britanico-se-opone-a-discurso-de-trump\/\" \/>\n<meta property=\"og:locale\" content=\"es_ES\" \/>\n<meta property=\"og:type\" content=\"article\" \/>\n<meta property=\"og:title\" content=\"Presidente de Parlamento brit\u00e1nico se opone a discurso de Trump - NOTICIAS\" \/>\n<meta property=\"og:description\" content=\"LONDRES, 06 de febrero, (POLITIQUER\u00cdAS \/ C\u00cdRCULO DIGITAL).-\u00a0El presidente de la C\u00e1mara de los Comunes brit\u00e1nica, John Bercow, afirm\u00f3 hoy...\" \/>\n<meta property=\"og:url\" content=\"https:\/\/laredsocial-noticias.com\/wp\/presidente-de-parlamento-britanico-se-opone-a-discurso-de-trump\/\" \/>\n<meta property=\"og:site_name\" content=\"NOTICIAS\" \/>\n<meta property=\"article:published_time\" content=\"2017-02-06T23:48:34+00:00\" \/>\n<meta property=\"article:modified_time\" content=\"2017-02-06T23:48:42+00:00\" \/>\n<meta property=\"og:image\" content=\"https:\/\/laredsocial-noticias.com\/wp\/wp-content\/uploads\/2017\/02\/parlamento-brita\u0301nico-e1486424904656.jpg\" \/>\n\t<meta property=\"og:image:width\" content=\"600\" \/>\n\t<meta property=\"og:image:height\" content=\"399\" \/>\n\t<meta property=\"og:image:type\" content=\"image\/jpeg\" \/>\n<meta name=\"author\" content=\"Editor en Jefe\" \/>\n<meta name=\"twitter:card\" content=\"summary_large_image\" \/>\n<meta name=\"twitter:label1\" content=\"Escrito por\" \/>\n\t<meta name=\"twitter:data1\" content=\"Editor en Jefe\" \/>\n\t<meta name=\"twitter:label2\" content=\"Tiempo de lectura\" \/>\n\t<meta name=\"twitter:data2\" content=\"2 minutos\" \/>\n<!-- \/ Yoast SEO plugin. -->","yoast_head_json":{"title":"Presidente de Parlamento brit\u00e1nico se opone a discurso de Trump - NOTICIAS","robots":{"index":"index","follow":"follow","max-snippet":"max-snippet:-1","max-image-preview":"max-image-preview:large","max-video-preview":"max-video-preview:-1"},"canonical":"https:\/\/laredsocial-noticias.com\/wp\/presidente-de-parlamento-britanico-se-opone-a-discurso-de-trump\/","og_locale":"es_ES","og_type":"article","og_title":"Presidente de Parlamento brit\u00e1nico se opone a discurso de Trump - NOTICIAS","og_description":"LONDRES, 06 de febrero, (POLITIQUER\u00cdAS \/ C\u00cdRCULO DIGITAL).-\u00a0El presidente de la C\u00e1mara de los Comunes brit\u00e1nica, John Bercow, afirm\u00f3 hoy...","og_url":"https:\/\/laredsocial-noticias.com\/wp\/presidente-de-parlamento-britanico-se-opone-a-discurso-de-trump\/","og_site_name":"NOTICIAS","article_published_time":"2017-02-06T23:48:34+00:00","article_modified_time":"2017-02-06T23:48:42+00:00","og_image":[{"width":600,"height":399,"url":"https:\/\/laredsocial-noticias.com\/wp\/wp-content\/uploads\/2017\/02\/parlamento-brita\u0301nico-e1486424904656.jpg","type":"image\/jpeg"}],"author":"Editor en Jefe","twitter_card":"summary_large_image","twitter_misc":{"Escrito por":"Editor en Jefe","Tiempo de lectura":"2 minutos"},"schema":{"@context":"https:\/\/schema.org","@graph":[{"@type":"WebPage","@id":"https:\/\/laredsocial-noticias.com\/wp\/presidente-de-parlamento-britanico-se-opone-a-discurso-de-trump\/","url":"https:\/\/laredsocial-noticias.com\/wp\/presidente-de-parlamento-britanico-se-opone-a-discurso-de-trump\/","name":"Presidente de Parlamento brit\u00e1nico se opone a discurso de Trump - NOTICIAS","isPartOf":{"@id":"https:\/\/laredsocial-noticias.com\/wp\/#website"},"datePublished":"2017-02-06T23:48:34+00:00","dateModified":"2017-02-06T23:48:42+00:00","author":{"@id":"https:\/\/laredsocial-noticias.com\/wp\/#\/schema\/person\/0ce78643f2de7aae6f6ef10e8453a6e0"},"breadcrumb":{"@id":"https:\/\/laredsocial-noticias.com\/wp\/presidente-de-parlamento-britanico-se-opone-a-discurso-de-trump\/#breadcrumb"},"inLanguage":"es","potentialAction":[{"@type":"ReadAction","target":["https:\/\/laredsocial-noticias.com\/wp\/presidente-de-parlamento-britanico-se-opone-a-discurso-de-trump\/"]}]},{"@type":"BreadcrumbList","@id":"https:\/\/laredsocial-noticias.com\/wp\/presidente-de-parlamento-britanico-se-opone-a-discurso-de-trump\/#breadcrumb","itemListElement":[{"@type":"ListItem","position":1,"name":"Portada","item":"https:\/\/laredsocial-noticias.com\/wp\/"},{"@type":"ListItem","position":2,"name":"Presidente de Parlamento brit\u00e1nico se opone a discurso de Trump"}]},{"@type":"WebSite","@id":"https:\/\/laredsocial-noticias.com\/wp\/#website","url":"https:\/\/laredsocial-noticias.com\/wp\/","name":"NOTICIAS","description":"Lo que se ve y se dice en las redes sociales","potentialAction":[{"@type":"SearchAction","target":{"@type":"EntryPoint","urlTemplate":"https:\/\/laredsocial-noticias.com\/wp\/?s={search_term_string}"},"query-input":{"@type":"PropertyValueSpecification","valueRequired":true,"valueName":"search_term_string"}}],"inLanguage":"es"},{"@type":"Person","@id":"https:\/\/laredsocial-noticias.com\/wp\/#\/schema\/person\/0ce78643f2de7aae6f6ef10e8453a6e0","name":"Editor en Jefe","url":"https:\/\/laredsocial-noticias.com\/wp\/author\/jorgeochoa\/"}]}},"_links":{"self":[{"href":"https:\/\/laredsocial-noticias.com\/wp\/wp-json\/wp\/v2\/posts\/48994","targetHints":{"allow":["GET"]}}],"collection":[{"href":"https:\/\/laredsocial-noticias.com\/wp\/wp-json\/wp\/v2\/posts"}],"about":[{"href":"https:\/\/laredsocial-noticias.com\/wp\/wp-json\/wp\/v2\/types\/post"}],"author":[{"embeddable":true,"href":"https:\/\/laredsocial-noticias.com\/wp\/wp-json\/wp\/v2\/users\/1"}],"replies":[{"embeddable":true,"href":"https:\/\/laredsocial-noticias.com\/wp\/wp-json\/wp\/v2\/comments?post=48994"}],"version-history":[{"count":1,"href":"https:\/\/laredsocial-noticias.com\/wp\/wp-json\/wp\/v2\/posts\/48994\/revisions"}],"predecessor-version":[{"id":48995,"href":"https:\/\/laredsocial-noticias.com\/wp\/wp-json\/wp\/v2\/posts\/48994\/revisions\/48995"}],"wp:attachment":[{"href":"https:\/\/laredsocial-noticias.com\/wp\/wp-json\/wp\/v2\/media?parent=48994"}],"wp:term":[{"taxonomy":"category","embeddable":true,"href":"https:\/\/laredsocial-noticias.com\/wp\/wp-json\/wp\/v2\/categories?post=48994"},{"taxonomy":"post_tag","embeddable":true,"href":"https:\/\/laredsocial-noticias.com\/wp\/wp-json\/wp\/v2\/tags?post=48994"}],"curies":[{"name":"wp","href":"https:\/\/api.w.org\/{rel}","templated":true}]}}