{"id":49229,"date":"2017-02-07T22:08:17","date_gmt":"2017-02-08T03:08:17","guid":{"rendered":"http:\/\/laredsocial-noticias.com\/wp\/?p=49229"},"modified":"2017-02-07T22:11:38","modified_gmt":"2017-02-08T03:11:38","slug":"dialogo-osorio-kelly-via-telefonica-seguridad-en-la-frontera-el-tema","status":"publish","type":"post","link":"https:\/\/laredsocial-noticias.com\/wp\/dialogo-osorio-kelly-via-telefonica-seguridad-en-la-frontera-el-tema\/","title":{"rendered":"Dialogo Osorio-Kelly v\u00eda telef\u00f3nica; seguridad en la frontera, el tema"},"content":{"rendered":"<p><img loading=\"lazy\" decoding=\"async\" class=\"alignright wp-image-49205\" src=\"http:\/\/laredsocial-noticias.com\/wp\/wp-content\/uploads\/2017\/02\/p60225117.jpg\" alt=\"\" width=\"641\" height=\"427\" data-wp-pid=\"49205\" \/><\/p>\n<p>El secretario de Gobernaci\u00f3n (Segob), Miguel \u00c1ngel Osorio Chong sostuvo este martes una conversaci\u00f3n telef\u00f3nica con el secretario de Seguridad Interior de los Estados Unidos, General John F. Kelly.<\/p>\n<p>Lo anterior, seg\u00fan dijo la Segob, para intercambiar puntos de vista de la amplia agenda bilateral que comparten sus instituciones y que unen a ambos pa\u00edses, pero tambi\u00e9n para fomentar \u201cuna relaci\u00f3n constructiva\u201d.<\/p>\n<p>Asimismo, los funcionarios habr\u00edan reconocido la importancia de la cooperaci\u00f3n entre la Secretar\u00eda de Gobernaci\u00f3n y el Departamento de Seguridad Interior, as\u00ed como \u201clos avances que se han logrado con el fin de garantizar la seguridad y garantizar el bienestar de los ciudadanos en ambos lados de la frontera\u201d.<\/p>\n<p>Se inform\u00f3 que ambos convinieron mantener comunicaci\u00f3n estrecha y fomentar una relaci\u00f3n constructiva.<\/p>\n<p>Tambi\u00e9n se acord\u00f3 llevar a cabo pr\u00f3ximamente una reuni\u00f3n de trabajo en la Ciudad de M\u00e9xico para que Osorio Chong, Kelly y sus equipos aborden de manera personal y amplia los temas de la agenda bilateral, puntualiz\u00f3 la Segob<\/p>\n<p>Mientras tanto La C\u00e1mara de Diputados exhort\u00f3 al Senado de la Rep\u00fablica, a explorar y proponer, dentro de sus facultades en materia de pol\u00edtica exterior, la b\u00fasqueda de relaciones comerciales con otros mercados internacionales diferentes al norteamericano.<\/p>\n<p>Asimismo, pidi\u00f3 al gobierno federal realizar las gestiones necesarias con su hom\u00f3logo de Estados Unidos para fortalecer la econom\u00eda de los pa\u00edses centroamericanos, para que su econom\u00eda florezca.<\/p>\n<p><iframe loading=\"lazy\" title=\"Jorge Carlos Rami Rez Mari N by LA RED SOCIAL\" width=\"740\" height=\"400\" scrolling=\"no\" frameborder=\"no\" src=\"https:\/\/w.soundcloud.com\/player\/?visual=true&#038;url=https%3A%2F%2Fapi.soundcloud.com%2Ftracks%2F306577543&#038;show_artwork=true&#038;maxheight=1000&#038;maxwidth=740\"><\/iframe><\/p>\n<p>\u201cMientras eso no pase, m\u00e1s all\u00e1 de muros, todos van a intentar cruzar encima del muro, sobre el muro, o como sea\u201d, dijo el diputado Emilio Enrique Salazar Far\u00edas (PVEM), al presentar el punto de acuerdo, aprobado como de urgente resoluci\u00f3n.<\/p>\n<p>El documento, suscrito por integrantes del grupo parlamentario del PVEM, plantea que por el momento \u201cno nos distraigamos en el tema del muro y nos centremos en los temas econ\u00f3micos, como el Tratado de Libre Comercio (TLC)\u201d.<\/p>\n<p>Refiere que el TLC se puede mejorar, pues ya tiene m\u00e1s de 25 a\u00f1os de existir. Enfatiz\u00f3 que este importante acuerdo comercial tampoco est\u00e1 sujeto a la voluntad de Donald Trump, pues el Congreso de EU tambi\u00e9n tiene una participaci\u00f3n al respecto.<\/p>\n<p>\u201cDesde luego no compartimos las ideas de Trump, muchos norteamericanos tampoco, pues no lo consideran un gobernante normal\u201d. Adem\u00e1s, continua, el sistema pol\u00edtico de aquel pa\u00eds \u201ctampoco est\u00e1 preparado para un mandatario as\u00ed\u201d.<\/p>\n<p>Considera que el presidente de EU, no deber\u00eda firmar \u00f3rdenes ejecutivas que no tengan viabilidad en los hechos. \u201cSi sigue as\u00ed, la econom\u00eda de Estados Unidos seguramente entrar\u00e1 en una profunda crisis en 4 a\u00f1os, lo cual es muy peligroso para M\u00e9xico, dada nuestra dependencia de aquel pa\u00eds\u201d.<\/p>\n<p>Si esto ocurre, a\u00f1ade el documento, el gobierno y el pueblo de M\u00e9xico deben estar preparados y comenzar a buscar otros mercados comerciales para diversificar las opciones de desarrollo de la econom\u00eda.<\/p>\n<p>Estima que si la crisis estadounidense llegara a consumarse, la diversificaci\u00f3n del comercio que construyamos hoy mismo, nos ayudar\u00e1 much\u00edsimo para salir adelante.<\/p>\n<p>\u201cSeguramente las ganancias no ser\u00e1n muy buenas al principio, pero sin duda alguna nos ayudar\u00e1 para comenzar a dejar esa dependencia tan grande que tenemos de la econom\u00eda norteamericana y a estar mejor preparados para lo que pueda venir en el futuro\u201d, indica.<\/p>\n<p>&nbsp;<\/p>\n<p><iframe loading=\"lazy\" title=\"Jorge Carlos Rami Rez Mari N by LA RED SOCIAL\" width=\"740\" height=\"400\" scrolling=\"no\" frameborder=\"no\" src=\"https:\/\/w.soundcloud.com\/player\/?visual=true&#038;url=https%3A%2F%2Fapi.soundcloud.com%2Ftracks%2F306577543&#038;show_artwork=true&#038;maxheight=1000&#038;maxwidth=740\"><\/iframe><\/p>\n","protected":false},"excerpt":{"rendered":"<p>El secretario de Gobernaci\u00f3n (Segob), Miguel \u00c1ngel Osorio Chong sostuvo este martes una conversaci\u00f3n telef\u00f3nica con el secretario de Seguridad&#8230;<\/p>\n","protected":false},"author":1,"featured_media":0,"comment_status":"closed","ping_status":"open","sticky":false,"template":"","format":"standard","meta":{"footnotes":""},"categories":[13,1],"tags":[3633,2334,18,105],"class_list":["post-49229","post","type-post","status-publish","format-standard","hentry","category-seguridad-nacional","category-uncategorized","tag-el-muro","tag-osorio","tag-seguridad-nacional","tag-trump"],"yoast_head":"<!-- This site is optimized with the Yoast SEO plugin v26.5 - https:\/\/yoast.com\/wordpress\/plugins\/seo\/ -->\n<title>Dialogo Osorio-Kelly v\u00eda telef\u00f3nica; seguridad en la frontera, el tema - NOTICIAS<\/title>\n<meta name=\"robots\" content=\"index, follow, max-snippet:-1, max-image-preview:large, max-video-preview:-1\" \/>\n<link rel=\"canonical\" href=\"https:\/\/laredsocial-noticias.com\/wp\/dialogo-osorio-kelly-via-telefonica-seguridad-en-la-frontera-el-tema\/\" \/>\n<meta property=\"og:locale\" content=\"es_ES\" \/>\n<meta property=\"og:type\" content=\"article\" \/>\n<meta property=\"og:title\" content=\"Dialogo Osorio-Kelly v\u00eda telef\u00f3nica; seguridad en la frontera, el tema - NOTICIAS\" \/>\n<meta property=\"og:description\" content=\"El secretario de Gobernaci\u00f3n (Segob), Miguel \u00c1ngel Osorio Chong sostuvo este martes una conversaci\u00f3n telef\u00f3nica con el secretario de Seguridad...\" \/>\n<meta property=\"og:url\" content=\"https:\/\/laredsocial-noticias.com\/wp\/dialogo-osorio-kelly-via-telefonica-seguridad-en-la-frontera-el-tema\/\" \/>\n<meta property=\"og:site_name\" content=\"NOTICIAS\" \/>\n<meta property=\"article:published_time\" content=\"2017-02-08T03:08:17+00:00\" \/>\n<meta property=\"article:modified_time\" content=\"2017-02-08T03:11:38+00:00\" \/>\n<meta property=\"og:image\" content=\"http:\/\/laredsocial-noticias.com\/wp\/wp-content\/uploads\/2017\/02\/p60225117.jpg\" \/>\n<meta name=\"author\" content=\"Editor en Jefe\" \/>\n<meta name=\"twitter:card\" content=\"summary_large_image\" \/>\n<meta name=\"twitter:label1\" content=\"Escrito por\" \/>\n\t<meta name=\"twitter:data1\" content=\"Editor en Jefe\" \/>\n\t<meta name=\"twitter:label2\" content=\"Tiempo de lectura\" \/>\n\t<meta name=\"twitter:data2\" content=\"3 minutos\" \/>\n<!-- \/ Yoast SEO plugin. -->","yoast_head_json":{"title":"Dialogo Osorio-Kelly v\u00eda telef\u00f3nica; seguridad en la frontera, el tema - NOTICIAS","robots":{"index":"index","follow":"follow","max-snippet":"max-snippet:-1","max-image-preview":"max-image-preview:large","max-video-preview":"max-video-preview:-1"},"canonical":"https:\/\/laredsocial-noticias.com\/wp\/dialogo-osorio-kelly-via-telefonica-seguridad-en-la-frontera-el-tema\/","og_locale":"es_ES","og_type":"article","og_title":"Dialogo Osorio-Kelly v\u00eda telef\u00f3nica; seguridad en la frontera, el tema - NOTICIAS","og_description":"El secretario de Gobernaci\u00f3n (Segob), Miguel \u00c1ngel Osorio Chong sostuvo este martes una conversaci\u00f3n telef\u00f3nica con el secretario de Seguridad...","og_url":"https:\/\/laredsocial-noticias.com\/wp\/dialogo-osorio-kelly-via-telefonica-seguridad-en-la-frontera-el-tema\/","og_site_name":"NOTICIAS","article_published_time":"2017-02-08T03:08:17+00:00","article_modified_time":"2017-02-08T03:11:38+00:00","og_image":[{"url":"http:\/\/laredsocial-noticias.com\/wp\/wp-content\/uploads\/2017\/02\/p60225117.jpg","type":"","width":"","height":""}],"author":"Editor en Jefe","twitter_card":"summary_large_image","twitter_misc":{"Escrito por":"Editor en Jefe","Tiempo de lectura":"3 minutos"},"schema":{"@context":"https:\/\/schema.org","@graph":[{"@type":"WebPage","@id":"https:\/\/laredsocial-noticias.com\/wp\/dialogo-osorio-kelly-via-telefonica-seguridad-en-la-frontera-el-tema\/","url":"https:\/\/laredsocial-noticias.com\/wp\/dialogo-osorio-kelly-via-telefonica-seguridad-en-la-frontera-el-tema\/","name":"Dialogo Osorio-Kelly v\u00eda telef\u00f3nica; seguridad en la frontera, el tema - NOTICIAS","isPartOf":{"@id":"https:\/\/laredsocial-noticias.com\/wp\/#website"},"primaryImageOfPage":{"@id":"https:\/\/laredsocial-noticias.com\/wp\/dialogo-osorio-kelly-via-telefonica-seguridad-en-la-frontera-el-tema\/#primaryimage"},"image":{"@id":"https:\/\/laredsocial-noticias.com\/wp\/dialogo-osorio-kelly-via-telefonica-seguridad-en-la-frontera-el-tema\/#primaryimage"},"thumbnailUrl":"http:\/\/laredsocial-noticias.com\/wp\/wp-content\/uploads\/2017\/02\/p60225117.jpg","datePublished":"2017-02-08T03:08:17+00:00","dateModified":"2017-02-08T03:11:38+00:00","author":{"@id":"https:\/\/laredsocial-noticias.com\/wp\/#\/schema\/person\/0ce78643f2de7aae6f6ef10e8453a6e0"},"breadcrumb":{"@id":"https:\/\/laredsocial-noticias.com\/wp\/dialogo-osorio-kelly-via-telefonica-seguridad-en-la-frontera-el-tema\/#breadcrumb"},"inLanguage":"es","potentialAction":[{"@type":"ReadAction","target":["https:\/\/laredsocial-noticias.com\/wp\/dialogo-osorio-kelly-via-telefonica-seguridad-en-la-frontera-el-tema\/"]}]},{"@type":"ImageObject","inLanguage":"es","@id":"https:\/\/laredsocial-noticias.com\/wp\/dialogo-osorio-kelly-via-telefonica-seguridad-en-la-frontera-el-tema\/#primaryimage","url":"","contentUrl":""},{"@type":"BreadcrumbList","@id":"https:\/\/laredsocial-noticias.com\/wp\/dialogo-osorio-kelly-via-telefonica-seguridad-en-la-frontera-el-tema\/#breadcrumb","itemListElement":[{"@type":"ListItem","position":1,"name":"Portada","item":"https:\/\/laredsocial-noticias.com\/wp\/"},{"@type":"ListItem","position":2,"name":"Dialogo Osorio-Kelly v\u00eda telef\u00f3nica; seguridad en la frontera, el tema"}]},{"@type":"WebSite","@id":"https:\/\/laredsocial-noticias.com\/wp\/#website","url":"https:\/\/laredsocial-noticias.com\/wp\/","name":"NOTICIAS","description":"Lo que se ve y se dice en las redes sociales","potentialAction":[{"@type":"SearchAction","target":{"@type":"EntryPoint","urlTemplate":"https:\/\/laredsocial-noticias.com\/wp\/?s={search_term_string}"},"query-input":{"@type":"PropertyValueSpecification","valueRequired":true,"valueName":"search_term_string"}}],"inLanguage":"es"},{"@type":"Person","@id":"https:\/\/laredsocial-noticias.com\/wp\/#\/schema\/person\/0ce78643f2de7aae6f6ef10e8453a6e0","name":"Editor en Jefe","url":"https:\/\/laredsocial-noticias.com\/wp\/author\/jorgeochoa\/"}]}},"_links":{"self":[{"href":"https:\/\/laredsocial-noticias.com\/wp\/wp-json\/wp\/v2\/posts\/49229","targetHints":{"allow":["GET"]}}],"collection":[{"href":"https:\/\/laredsocial-noticias.com\/wp\/wp-json\/wp\/v2\/posts"}],"about":[{"href":"https:\/\/laredsocial-noticias.com\/wp\/wp-json\/wp\/v2\/types\/post"}],"author":[{"embeddable":true,"href":"https:\/\/laredsocial-noticias.com\/wp\/wp-json\/wp\/v2\/users\/1"}],"replies":[{"embeddable":true,"href":"https:\/\/laredsocial-noticias.com\/wp\/wp-json\/wp\/v2\/comments?post=49229"}],"version-history":[{"count":4,"href":"https:\/\/laredsocial-noticias.com\/wp\/wp-json\/wp\/v2\/posts\/49229\/revisions"}],"predecessor-version":[{"id":49236,"href":"https:\/\/laredsocial-noticias.com\/wp\/wp-json\/wp\/v2\/posts\/49229\/revisions\/49236"}],"wp:attachment":[{"href":"https:\/\/laredsocial-noticias.com\/wp\/wp-json\/wp\/v2\/media?parent=49229"}],"wp:term":[{"taxonomy":"category","embeddable":true,"href":"https:\/\/laredsocial-noticias.com\/wp\/wp-json\/wp\/v2\/categories?post=49229"},{"taxonomy":"post_tag","embeddable":true,"href":"https:\/\/laredsocial-noticias.com\/wp\/wp-json\/wp\/v2\/tags?post=49229"}],"curies":[{"name":"wp","href":"https:\/\/api.w.org\/{rel}","templated":true}]}}