{"id":49847,"date":"2017-02-14T17:48:12","date_gmt":"2017-02-14T22:48:12","guid":{"rendered":"http:\/\/laredsocial-noticias.com\/wp\/?p=49847"},"modified":"2017-02-14T17:48:12","modified_gmt":"2017-02-14T22:48:12","slug":"lista-la-conadic-para-analizar-la-regulacion-del-uso-de-la-marihuana-con-fines-medicinales","status":"publish","type":"post","link":"https:\/\/laredsocial-noticias.com\/wp\/lista-la-conadic-para-analizar-la-regulacion-del-uso-de-la-marihuana-con-fines-medicinales\/","title":{"rendered":"Lista la Conadic para analizar la regulaci\u00f3n del uso de la marihuana con fines medicinales"},"content":{"rendered":"<p><a href=\"http:\/\/laredsocial-noticias.com\/wp\/wp-content\/uploads\/2017\/02\/Mondragon-y-Kalb.jpeg\"><img loading=\"lazy\" decoding=\"async\" class=\"alignright  wp-image-49848\" src=\"http:\/\/laredsocial-noticias.com\/wp\/wp-content\/uploads\/2017\/02\/Mondragon-y-Kalb-1024x681.jpeg\" alt=\"\" width=\"726\" height=\"483\" data-wp-pid=\"49848\" \/><\/a>La Comisi\u00f3n Nacional contra las Adicciones (Conadic) est\u00e1 lista para analizar los cambios correspondientes en la Ley General de Salud, sobre la regulaci\u00f3n del uso de la marihuana con fines medicinales, afirm\u00f3 su titular Manuel Mondrag\u00f3n y Kalb.<\/p>\n<p>Sin embargo, se pronunci\u00f3 por evitar el uso recreativo o l\u00fadico de la marihuana, al participar en una reuni\u00f3n con los diputados de la Comisi\u00f3n Especial de Salud Mental y Drogas.<\/p>\n<p>El Senado de la Rep\u00fablica aprob\u00f3 el 13 de diciembre de 2016 el dictamen sobre el tema y turn\u00f3 la minuta a la C\u00e1mara de Diputados, donde permanece en comisiones, para su an\u00e1lisis.<\/p>\n<p>\u201cLa Conadic est\u00e1 lista para hacer los cambios en la Ley General de Salud, en los art\u00edculos correspondientes\u201d, apunt\u00f3 Mondrag\u00f3n y Kalb.<\/p>\n<p>Consider\u00f3 muy prudente que el pa\u00eds se empate \u201ccon el mundo entero, que est\u00e1 aceptando la marihuana como un producto con fines terap\u00e9uticos\u201d.<\/p>\n<p>El comisionado pidi\u00f3 a los legisladores que afinen la minuta del Senado, que modifica la Ley General de Salud y el C\u00f3digo Penal Federal, sobre la regulaci\u00f3n del uso de la marihuana con fines medicinales y cient\u00edficos, \u201custedes v\u00e9anlo desde el punto de vista legal, para que (\u00e9sta) pase\u201d.<\/p>\n<p>Asever\u00f3 que tanto la Secretaria de Salud, como la Comisi\u00f3n Federal para la Protecci\u00f3n contra Riesgos Sanitarios (Cofepris), \u201cest\u00e1n abiertas\u201d para conocer y posteriormente autorizar el uso de alg\u00fan componente cannabinoide, el cual se demuestre el uso terap\u00e9utico y cumpla con los requisitos.<\/p>\n<p>\u201cLa Secretaria de Salud est\u00e1 abierta para incorporarlo, para hacer los cambios definitivos de la ley, todo lo que se refiere a la parte m\u00e9dica\u201d, sostuvo.<\/p>\n<p>Destac\u00f3 que existen muchas tendencias que se\u00f1alan como positiva la cannabis en t\u00e9rminos de medicaci\u00f3n, pero menos de los que la gente supone.<\/p>\n<p>\u201cLos medicamentos en l\u00ednea anticonvulsivantes, antiespasm\u00f3dicos, analg\u00e9sicos, antiem\u00e9ticos, son mejores que cualquier sustancia que tengan que ver con la marihuana\u201d, afirm\u00f3 el comisionado.<\/p>\n<p>Hay que tener en claro que como hay art\u00edculos m\u00e9dicos que hablan en pro de los productos de la marihuana con utilidad terap\u00e9utica, hay otros que dicen todo lo contrario, coment\u00f3.<\/p>\n<p>No obstante, asever\u00f3 que \u201cen la medida que haya alguna posibilidad de que cualquier cannabinoide funcione, y que no haga da\u00f1o, demos la libertad al m\u00e9dico que tome su decisi\u00f3n\u201d.<\/p>\n","protected":false},"excerpt":{"rendered":"<p>La Comisi\u00f3n Nacional contra las Adicciones (Conadic) est\u00e1 lista para analizar los cambios correspondientes en la Ley General de Salud,&#8230;<\/p>\n","protected":false},"author":15,"featured_media":0,"comment_status":"closed","ping_status":"open","sticky":false,"template":"","format":"standard","meta":{"footnotes":""},"categories":[1207,27],"tags":[3732,3731],"class_list":["post-49847","post","type-post","status-publish","format-standard","hentry","category-camara-de-diputados","category-congreso-de-la-union","tag-conadic","tag-manuel-mondragon-y-kalb"],"yoast_head":"<!-- This site is optimized with the Yoast SEO plugin v26.5 - https:\/\/yoast.com\/wordpress\/plugins\/seo\/ -->\n<title>Lista la Conadic para analizar la regulaci\u00f3n del uso de la marihuana con fines medicinales - NOTICIAS<\/title>\n<meta name=\"robots\" content=\"index, follow, max-snippet:-1, max-image-preview:large, max-video-preview:-1\" \/>\n<link rel=\"canonical\" href=\"https:\/\/laredsocial-noticias.com\/wp\/lista-la-conadic-para-analizar-la-regulacion-del-uso-de-la-marihuana-con-fines-medicinales\/\" \/>\n<meta property=\"og:locale\" content=\"es_ES\" \/>\n<meta property=\"og:type\" content=\"article\" \/>\n<meta property=\"og:title\" content=\"Lista la Conadic para analizar la regulaci\u00f3n del uso de la marihuana con fines medicinales - NOTICIAS\" \/>\n<meta property=\"og:description\" content=\"La Comisi\u00f3n Nacional contra las Adicciones (Conadic) est\u00e1 lista para analizar los cambios correspondientes en la Ley General de Salud,...\" \/>\n<meta property=\"og:url\" content=\"https:\/\/laredsocial-noticias.com\/wp\/lista-la-conadic-para-analizar-la-regulacion-del-uso-de-la-marihuana-con-fines-medicinales\/\" \/>\n<meta property=\"og:site_name\" content=\"NOTICIAS\" \/>\n<meta property=\"article:published_time\" content=\"2017-02-14T22:48:12+00:00\" \/>\n<meta property=\"og:image\" content=\"https:\/\/laredsocial-noticias.com\/wp\/wp-content\/uploads\/2017\/02\/Mondragon-y-Kalb.jpeg\" \/>\n\t<meta property=\"og:image:width\" content=\"1024\" \/>\n\t<meta property=\"og:image:height\" content=\"681\" \/>\n\t<meta property=\"og:image:type\" content=\"image\/jpeg\" \/>\n<meta name=\"author\" content=\"Juan Raymundo Hernandez\" \/>\n<meta name=\"twitter:card\" content=\"summary_large_image\" \/>\n<meta name=\"twitter:label1\" content=\"Escrito por\" \/>\n\t<meta name=\"twitter:data1\" content=\"Juan Raymundo Hernandez\" \/>\n\t<meta name=\"twitter:label2\" content=\"Tiempo de lectura\" \/>\n\t<meta name=\"twitter:data2\" content=\"2 minutos\" \/>\n<!-- \/ Yoast SEO plugin. -->","yoast_head_json":{"title":"Lista la Conadic para analizar la regulaci\u00f3n del uso de la marihuana con fines medicinales - NOTICIAS","robots":{"index":"index","follow":"follow","max-snippet":"max-snippet:-1","max-image-preview":"max-image-preview:large","max-video-preview":"max-video-preview:-1"},"canonical":"https:\/\/laredsocial-noticias.com\/wp\/lista-la-conadic-para-analizar-la-regulacion-del-uso-de-la-marihuana-con-fines-medicinales\/","og_locale":"es_ES","og_type":"article","og_title":"Lista la Conadic para analizar la regulaci\u00f3n del uso de la marihuana con fines medicinales - NOTICIAS","og_description":"La Comisi\u00f3n Nacional contra las Adicciones (Conadic) est\u00e1 lista para analizar los cambios correspondientes en la Ley General de Salud,...","og_url":"https:\/\/laredsocial-noticias.com\/wp\/lista-la-conadic-para-analizar-la-regulacion-del-uso-de-la-marihuana-con-fines-medicinales\/","og_site_name":"NOTICIAS","article_published_time":"2017-02-14T22:48:12+00:00","og_image":[{"width":1024,"height":681,"url":"https:\/\/laredsocial-noticias.com\/wp\/wp-content\/uploads\/2017\/02\/Mondragon-y-Kalb.jpeg","type":"image\/jpeg"}],"author":"Juan Raymundo Hernandez","twitter_card":"summary_large_image","twitter_misc":{"Escrito por":"Juan Raymundo Hernandez","Tiempo de lectura":"2 minutos"},"schema":{"@context":"https:\/\/schema.org","@graph":[{"@type":"WebPage","@id":"https:\/\/laredsocial-noticias.com\/wp\/lista-la-conadic-para-analizar-la-regulacion-del-uso-de-la-marihuana-con-fines-medicinales\/","url":"https:\/\/laredsocial-noticias.com\/wp\/lista-la-conadic-para-analizar-la-regulacion-del-uso-de-la-marihuana-con-fines-medicinales\/","name":"Lista la Conadic para analizar la regulaci\u00f3n del uso de la marihuana con fines medicinales - NOTICIAS","isPartOf":{"@id":"https:\/\/laredsocial-noticias.com\/wp\/#website"},"primaryImageOfPage":{"@id":"https:\/\/laredsocial-noticias.com\/wp\/lista-la-conadic-para-analizar-la-regulacion-del-uso-de-la-marihuana-con-fines-medicinales\/#primaryimage"},"image":{"@id":"https:\/\/laredsocial-noticias.com\/wp\/lista-la-conadic-para-analizar-la-regulacion-del-uso-de-la-marihuana-con-fines-medicinales\/#primaryimage"},"thumbnailUrl":"http:\/\/laredsocial-noticias.com\/wp\/wp-content\/uploads\/2017\/02\/Mondragon-y-Kalb-1024x681.jpeg","datePublished":"2017-02-14T22:48:12+00:00","author":{"@id":"https:\/\/laredsocial-noticias.com\/wp\/#\/schema\/person\/ef87465aef7eca376539490cfb6ab6dc"},"breadcrumb":{"@id":"https:\/\/laredsocial-noticias.com\/wp\/lista-la-conadic-para-analizar-la-regulacion-del-uso-de-la-marihuana-con-fines-medicinales\/#breadcrumb"},"inLanguage":"es","potentialAction":[{"@type":"ReadAction","target":["https:\/\/laredsocial-noticias.com\/wp\/lista-la-conadic-para-analizar-la-regulacion-del-uso-de-la-marihuana-con-fines-medicinales\/"]}]},{"@type":"ImageObject","inLanguage":"es","@id":"https:\/\/laredsocial-noticias.com\/wp\/lista-la-conadic-para-analizar-la-regulacion-del-uso-de-la-marihuana-con-fines-medicinales\/#primaryimage","url":"http:\/\/laredsocial-noticias.com\/wp\/wp-content\/uploads\/2017\/02\/Mondragon-y-Kalb-1024x681.jpeg","contentUrl":"http:\/\/laredsocial-noticias.com\/wp\/wp-content\/uploads\/2017\/02\/Mondragon-y-Kalb-1024x681.jpeg"},{"@type":"BreadcrumbList","@id":"https:\/\/laredsocial-noticias.com\/wp\/lista-la-conadic-para-analizar-la-regulacion-del-uso-de-la-marihuana-con-fines-medicinales\/#breadcrumb","itemListElement":[{"@type":"ListItem","position":1,"name":"Portada","item":"https:\/\/laredsocial-noticias.com\/wp\/"},{"@type":"ListItem","position":2,"name":"Lista la Conadic para analizar la regulaci\u00f3n del uso de la marihuana con fines medicinales"}]},{"@type":"WebSite","@id":"https:\/\/laredsocial-noticias.com\/wp\/#website","url":"https:\/\/laredsocial-noticias.com\/wp\/","name":"NOTICIAS","description":"Lo que se ve y se dice en las redes sociales","potentialAction":[{"@type":"SearchAction","target":{"@type":"EntryPoint","urlTemplate":"https:\/\/laredsocial-noticias.com\/wp\/?s={search_term_string}"},"query-input":{"@type":"PropertyValueSpecification","valueRequired":true,"valueName":"search_term_string"}}],"inLanguage":"es"},{"@type":"Person","@id":"https:\/\/laredsocial-noticias.com\/wp\/#\/schema\/person\/ef87465aef7eca376539490cfb6ab6dc","name":"Juan Raymundo Hernandez","url":"https:\/\/laredsocial-noticias.com\/wp\/author\/juanraymundohernandez\/"}]}},"_links":{"self":[{"href":"https:\/\/laredsocial-noticias.com\/wp\/wp-json\/wp\/v2\/posts\/49847","targetHints":{"allow":["GET"]}}],"collection":[{"href":"https:\/\/laredsocial-noticias.com\/wp\/wp-json\/wp\/v2\/posts"}],"about":[{"href":"https:\/\/laredsocial-noticias.com\/wp\/wp-json\/wp\/v2\/types\/post"}],"author":[{"embeddable":true,"href":"https:\/\/laredsocial-noticias.com\/wp\/wp-json\/wp\/v2\/users\/15"}],"replies":[{"embeddable":true,"href":"https:\/\/laredsocial-noticias.com\/wp\/wp-json\/wp\/v2\/comments?post=49847"}],"version-history":[{"count":1,"href":"https:\/\/laredsocial-noticias.com\/wp\/wp-json\/wp\/v2\/posts\/49847\/revisions"}],"predecessor-version":[{"id":49849,"href":"https:\/\/laredsocial-noticias.com\/wp\/wp-json\/wp\/v2\/posts\/49847\/revisions\/49849"}],"wp:attachment":[{"href":"https:\/\/laredsocial-noticias.com\/wp\/wp-json\/wp\/v2\/media?parent=49847"}],"wp:term":[{"taxonomy":"category","embeddable":true,"href":"https:\/\/laredsocial-noticias.com\/wp\/wp-json\/wp\/v2\/categories?post=49847"},{"taxonomy":"post_tag","embeddable":true,"href":"https:\/\/laredsocial-noticias.com\/wp\/wp-json\/wp\/v2\/tags?post=49847"}],"curies":[{"name":"wp","href":"https:\/\/api.w.org\/{rel}","templated":true}]}}