{"id":50233,"date":"2017-02-16T16:45:49","date_gmt":"2017-02-16T21:45:49","guid":{"rendered":"http:\/\/laredsocial-noticias.com\/wp\/?p=50233"},"modified":"2017-02-16T18:04:55","modified_gmt":"2017-02-16T23:04:55","slug":"ine-excluye-a-partidos-minoritarios-en-debate-gonzalez-murillo","status":"publish","type":"post","link":"https:\/\/laredsocial-noticias.com\/wp\/ine-excluye-a-partidos-minoritarios-en-debate-gonzalez-murillo\/","title":{"rendered":"INE excluye a Partidos Minoritarios en debate: Gonz\u00e1lez Murillo"},"content":{"rendered":"<p class=\"x_MsoNormal\"><b><\/b>El coordinador del Partido Encuentro Social en la C\u00e1mara de Diputados, Alejandro Gonz\u00e1lez Murillo, acus\u00f3 al Instituto Nacional Electoral de excluir a los llamados partidos minoritarios de un debate sobre la elecci\u00f3n presidencial de 2018.<a href=\"http:\/\/laredsocial-noticias.com\/wp\/wp-content\/uploads\/2017\/02\/GONZ\u00c1LEZ-MURILLO.jpg\"><img loading=\"lazy\" decoding=\"async\" class=\"alignright  wp-image-50234\" src=\"http:\/\/laredsocial-noticias.com\/wp\/wp-content\/uploads\/2017\/02\/GONZ\u00c1LEZ-MURILLO-1024x733.jpg\" alt=\"\" width=\"410\" height=\"294\" data-wp-pid=\"50234\" \/><\/a><\/p>\n<p class=\"x_MsoNormal\">En entrevista, el legislador explic\u00f3 que por correo electr\u00f3nico, el INE invit\u00f3 al PES a la inauguraci\u00f3n del Seminario \u201cHomenaje a Don Jes\u00fas Reyes Her\u00f3les: Tendencias Actuales de la Democracia en M\u00e9xico\u201d, pero decidi\u00f3 marginarlo de participar en una mesa de debate a la que convoc\u00f3 s\u00f3lo a los coordinadores parlamentarios y dirigentes partidistas del PRI, el PAN, el PRD y Morena, adem\u00e1s de que tambi\u00e9n asisti\u00f3 la representaci\u00f3n del PVEM.<\/p>\n<p class=\"x_MsoNormal\">El moderador de la mesa celebrada el 15 de febrero, con el tema: El proceso democr\u00e1tico en la elecci\u00f3n del candidato presidencial en 2018, fue el Secretario Ejecutivo del INE, Edmundo Jacobo Molina, y la clausura del Seminario estuvo a cargo del Consejero Presidente, Lorenzo C\u00f3rdova Vianello.<\/p>\n<p class=\"x_MsoNormal\">El legislador federal hidalguense acus\u00f3 que en el INE se ha vuelto una actitud reiterada marginar a los llamados partidos minoritarios.<\/p>\n<p class=\"x_MsoNormal\">\u201cEs una actitud reiterada. Deben invitar a todos los partidos pol\u00edticos, sin exclusi\u00f3n\u201d, se\u00f1al\u00f3 Gonz\u00e1lez Murillo, quien asegur\u00f3 que el INE es la instancia que menos pone el ejemplo para dar certidumbre a la democracia en nuestro pa\u00eds.<\/p>\n","protected":false},"excerpt":{"rendered":"<p>El coordinador del Partido Encuentro Social en la C\u00e1mara de Diputados, Alejandro Gonz\u00e1lez Murillo, acus\u00f3 al Instituto Nacional Electoral de&#8230;<\/p>\n","protected":false},"author":15,"featured_media":0,"comment_status":"closed","ping_status":"open","sticky":false,"template":"","format":"standard","meta":{"footnotes":""},"categories":[1207,27],"tags":[2014],"class_list":["post-50233","post","type-post","status-publish","format-standard","hentry","category-camara-de-diputados","category-congreso-de-la-union","tag-pes"],"yoast_head":"<!-- This site is optimized with the Yoast SEO plugin v26.5 - https:\/\/yoast.com\/wordpress\/plugins\/seo\/ -->\n<title>INE excluye a Partidos Minoritarios en debate: Gonz\u00e1lez Murillo - NOTICIAS<\/title>\n<meta name=\"robots\" content=\"index, follow, max-snippet:-1, max-image-preview:large, max-video-preview:-1\" \/>\n<link rel=\"canonical\" href=\"https:\/\/laredsocial-noticias.com\/wp\/ine-excluye-a-partidos-minoritarios-en-debate-gonzalez-murillo\/\" \/>\n<meta property=\"og:locale\" content=\"es_ES\" \/>\n<meta property=\"og:type\" content=\"article\" \/>\n<meta property=\"og:title\" content=\"INE excluye a Partidos Minoritarios en debate: Gonz\u00e1lez Murillo - NOTICIAS\" \/>\n<meta property=\"og:description\" content=\"El coordinador del Partido Encuentro Social en la C\u00e1mara de Diputados, Alejandro Gonz\u00e1lez Murillo, acus\u00f3 al Instituto Nacional Electoral de...\" \/>\n<meta property=\"og:url\" content=\"https:\/\/laredsocial-noticias.com\/wp\/ine-excluye-a-partidos-minoritarios-en-debate-gonzalez-murillo\/\" \/>\n<meta property=\"og:site_name\" content=\"NOTICIAS\" \/>\n<meta property=\"article:published_time\" content=\"2017-02-16T21:45:49+00:00\" \/>\n<meta property=\"article:modified_time\" content=\"2017-02-16T23:04:55+00:00\" \/>\n<meta property=\"og:image\" content=\"https:\/\/laredsocial-noticias.com\/wp\/wp-content\/uploads\/2017\/02\/GONZ\u00c1LEZ-MURILLO.jpg\" \/>\n\t<meta property=\"og:image:width\" content=\"1280\" \/>\n\t<meta property=\"og:image:height\" content=\"916\" \/>\n\t<meta property=\"og:image:type\" content=\"image\/jpeg\" \/>\n<meta name=\"author\" content=\"Juan Raymundo Hernandez\" \/>\n<meta name=\"twitter:card\" content=\"summary_large_image\" \/>\n<meta name=\"twitter:label1\" content=\"Escrito por\" \/>\n\t<meta name=\"twitter:data1\" content=\"Juan Raymundo Hernandez\" \/>\n\t<meta name=\"twitter:label2\" content=\"Tiempo de lectura\" \/>\n\t<meta name=\"twitter:data2\" content=\"1 minuto\" \/>\n<!-- \/ Yoast SEO plugin. -->","yoast_head_json":{"title":"INE excluye a Partidos Minoritarios en debate: Gonz\u00e1lez Murillo - NOTICIAS","robots":{"index":"index","follow":"follow","max-snippet":"max-snippet:-1","max-image-preview":"max-image-preview:large","max-video-preview":"max-video-preview:-1"},"canonical":"https:\/\/laredsocial-noticias.com\/wp\/ine-excluye-a-partidos-minoritarios-en-debate-gonzalez-murillo\/","og_locale":"es_ES","og_type":"article","og_title":"INE excluye a Partidos Minoritarios en debate: Gonz\u00e1lez Murillo - NOTICIAS","og_description":"El coordinador del Partido Encuentro Social en la C\u00e1mara de Diputados, Alejandro Gonz\u00e1lez Murillo, acus\u00f3 al Instituto Nacional Electoral de...","og_url":"https:\/\/laredsocial-noticias.com\/wp\/ine-excluye-a-partidos-minoritarios-en-debate-gonzalez-murillo\/","og_site_name":"NOTICIAS","article_published_time":"2017-02-16T21:45:49+00:00","article_modified_time":"2017-02-16T23:04:55+00:00","og_image":[{"width":1280,"height":916,"url":"https:\/\/laredsocial-noticias.com\/wp\/wp-content\/uploads\/2017\/02\/GONZ\u00c1LEZ-MURILLO.jpg","type":"image\/jpeg"}],"author":"Juan Raymundo Hernandez","twitter_card":"summary_large_image","twitter_misc":{"Escrito por":"Juan Raymundo Hernandez","Tiempo de lectura":"1 minuto"},"schema":{"@context":"https:\/\/schema.org","@graph":[{"@type":"WebPage","@id":"https:\/\/laredsocial-noticias.com\/wp\/ine-excluye-a-partidos-minoritarios-en-debate-gonzalez-murillo\/","url":"https:\/\/laredsocial-noticias.com\/wp\/ine-excluye-a-partidos-minoritarios-en-debate-gonzalez-murillo\/","name":"INE excluye a Partidos Minoritarios en debate: Gonz\u00e1lez Murillo - NOTICIAS","isPartOf":{"@id":"https:\/\/laredsocial-noticias.com\/wp\/#website"},"datePublished":"2017-02-16T21:45:49+00:00","dateModified":"2017-02-16T23:04:55+00:00","author":{"@id":"https:\/\/laredsocial-noticias.com\/wp\/#\/schema\/person\/ef87465aef7eca376539490cfb6ab6dc"},"breadcrumb":{"@id":"https:\/\/laredsocial-noticias.com\/wp\/ine-excluye-a-partidos-minoritarios-en-debate-gonzalez-murillo\/#breadcrumb"},"inLanguage":"es","potentialAction":[{"@type":"ReadAction","target":["https:\/\/laredsocial-noticias.com\/wp\/ine-excluye-a-partidos-minoritarios-en-debate-gonzalez-murillo\/"]}]},{"@type":"BreadcrumbList","@id":"https:\/\/laredsocial-noticias.com\/wp\/ine-excluye-a-partidos-minoritarios-en-debate-gonzalez-murillo\/#breadcrumb","itemListElement":[{"@type":"ListItem","position":1,"name":"Portada","item":"https:\/\/laredsocial-noticias.com\/wp\/"},{"@type":"ListItem","position":2,"name":"INE excluye a Partidos Minoritarios en debate: Gonz\u00e1lez Murillo"}]},{"@type":"WebSite","@id":"https:\/\/laredsocial-noticias.com\/wp\/#website","url":"https:\/\/laredsocial-noticias.com\/wp\/","name":"NOTICIAS","description":"Lo que se ve y se dice en las redes sociales","potentialAction":[{"@type":"SearchAction","target":{"@type":"EntryPoint","urlTemplate":"https:\/\/laredsocial-noticias.com\/wp\/?s={search_term_string}"},"query-input":{"@type":"PropertyValueSpecification","valueRequired":true,"valueName":"search_term_string"}}],"inLanguage":"es"},{"@type":"Person","@id":"https:\/\/laredsocial-noticias.com\/wp\/#\/schema\/person\/ef87465aef7eca376539490cfb6ab6dc","name":"Juan Raymundo Hernandez","url":"https:\/\/laredsocial-noticias.com\/wp\/author\/juanraymundohernandez\/"}]}},"_links":{"self":[{"href":"https:\/\/laredsocial-noticias.com\/wp\/wp-json\/wp\/v2\/posts\/50233","targetHints":{"allow":["GET"]}}],"collection":[{"href":"https:\/\/laredsocial-noticias.com\/wp\/wp-json\/wp\/v2\/posts"}],"about":[{"href":"https:\/\/laredsocial-noticias.com\/wp\/wp-json\/wp\/v2\/types\/post"}],"author":[{"embeddable":true,"href":"https:\/\/laredsocial-noticias.com\/wp\/wp-json\/wp\/v2\/users\/15"}],"replies":[{"embeddable":true,"href":"https:\/\/laredsocial-noticias.com\/wp\/wp-json\/wp\/v2\/comments?post=50233"}],"version-history":[{"count":1,"href":"https:\/\/laredsocial-noticias.com\/wp\/wp-json\/wp\/v2\/posts\/50233\/revisions"}],"predecessor-version":[{"id":50235,"href":"https:\/\/laredsocial-noticias.com\/wp\/wp-json\/wp\/v2\/posts\/50233\/revisions\/50235"}],"wp:attachment":[{"href":"https:\/\/laredsocial-noticias.com\/wp\/wp-json\/wp\/v2\/media?parent=50233"}],"wp:term":[{"taxonomy":"category","embeddable":true,"href":"https:\/\/laredsocial-noticias.com\/wp\/wp-json\/wp\/v2\/categories?post=50233"},{"taxonomy":"post_tag","embeddable":true,"href":"https:\/\/laredsocial-noticias.com\/wp\/wp-json\/wp\/v2\/tags?post=50233"}],"curies":[{"name":"wp","href":"https:\/\/api.w.org\/{rel}","templated":true}]}}