{"id":50315,"date":"2017-02-17T10:00:01","date_gmt":"2017-02-17T16:00:01","guid":{"rendered":"http:\/\/laredsocial-noticias.com\/wp\/?p=50315"},"modified":"2017-02-17T09:42:40","modified_gmt":"2017-02-17T14:42:40","slug":"la-eleccion-del-nuevo-fiscal-anticorrupcion-sera-transparente-senador-hector-yunes","status":"publish","type":"post","link":"https:\/\/laredsocial-noticias.com\/wp\/la-eleccion-del-nuevo-fiscal-anticorrupcion-sera-transparente-senador-hector-yunes\/","title":{"rendered":"La elecci\u00f3n del nuevo fiscal anticorrupci\u00f3n ser\u00e1 transparente: senador H\u00e9ctor Yunes"},"content":{"rendered":"<p><strong>CIUDAD DE M\u00c9XICO, 17 de febrero, (ATIZAP\u00c1N HOY\/C\u00cdRCULO DIGITAL).\u2014 \u00a0<\/strong>El senador H\u00e9ctor Yunes Landa, presidente de la Comisi\u00f3n Anticorrupci\u00f3n y Participaci\u00f3n Ciudadana, asegur\u00f3 que el\u00a0dictamen de idoneidad de los candidatos a ser los titulares de la Fiscal\u00eda Anticorrupci\u00f3n estar\u00e1 listo a m\u00e1s tardar el pr\u00f3ximo 14 de marzo, a trav\u00e9s de un proceso transparente, abierto a la sociedad y alejado de simpat\u00edas pol\u00edticas.<\/p>\n<p><span lang=\"ES-MX\">En reuni\u00f3n de trabajo con los integrantes del Comit\u00e9 de Participaci\u00f3n Ciudadana del Sistema Nacional Anticorrupci\u00f3n, en la que tambi\u00e9n participaron los senadores Roc\u00edo Pineda y Ricardo Urz\u00faa, Yunes Landa inform\u00f3 que en los pr\u00f3ximos d\u00edas iniciar\u00e1 el proceso de auscultaci\u00f3n de los 31 candidatos a ocupar el cargo de Fiscal Anticorrupci\u00f3n.<\/span><\/p>\n<p><span lang=\"ES-MX\">En este sentido, destac\u00f3 que los legisladores tienen pr\u00e1cticamente un mes para desarrollar el procedimiento y someter el dictamen a votaci\u00f3n del Pleno del Senado de la Rep\u00fablica para elegir al primer fiscal anticorrupci\u00f3n que durar\u00e1 en su encargo hasta el 30 de noviembre del 2018.<\/span><\/p>\n<p><span lang=\"ES-MX\">Yunes Landa reiter\u00f3 el compromiso de los senadores por trabajar de manera conjunta con los presidentes de la Comisi\u00f3n Anticorrupci\u00f3n de Participaci\u00f3n Ciudadana, de todos los congresos estatales, sin distinci\u00f3n partidista, para asesorarlos y orientarlos, a fin de que los sistemas locales anticorrupci\u00f3n est\u00e9n establecidos en cada una de las entidades de la Rep\u00fablica a m\u00e1s tardar el pr\u00f3ximo 19 de julio.<\/span><\/p>\n<p><span lang=\"ES-MX\">\u201cNos hemos reunido con ellos, les hemos dado toda la asesor\u00eda posible, estamos en comunicaci\u00f3n, vamos a los estados a reunirnos con los congresos locales, porque estamos atentos a que se cumpla con el mandato constitucional que nosotros mismos aprobamos\u201d, mencion\u00f3.<\/span><\/p>\n<p><span lang=\"ES-MX\">En su participaci\u00f3n, la senadora Roc\u00edo Pineda Gochi consider\u00f3 necesario acostumbrar a la sociedad a la informaci\u00f3n que se genera en las diferentes instancias de gobierno, para que tengan la capacidad de discernir qu\u00e9 est\u00e1 bien y qu\u00e9 no lo est\u00e1.<\/span><\/p>\n<p>&nbsp;<\/p>\n","protected":false},"excerpt":{"rendered":"<p>CIUDAD DE M\u00c9XICO, 17 de febrero, (ATIZAP\u00c1N HOY\/C\u00cdRCULO DIGITAL).\u2014 \u00a0El senador H\u00e9ctor Yunes Landa, presidente de la Comisi\u00f3n Anticorrupci\u00f3n y&#8230;<\/p>\n","protected":false},"author":1,"featured_media":0,"comment_status":"closed","ping_status":"closed","sticky":false,"template":"","format":"standard","meta":{"footnotes":""},"categories":[1796,73],"tags":[332,77],"class_list":["post-50315","post","type-post","status-publish","format-standard","hentry","category-circulodigital","category-principal","tag-mexico","tag-principal"],"yoast_head":"<!-- This site is optimized with the Yoast SEO plugin v26.5 - https:\/\/yoast.com\/wordpress\/plugins\/seo\/ -->\n<title>La elecci\u00f3n del nuevo fiscal anticorrupci\u00f3n ser\u00e1 transparente: senador H\u00e9ctor Yunes - NOTICIAS<\/title>\n<meta name=\"robots\" content=\"index, follow, max-snippet:-1, max-image-preview:large, max-video-preview:-1\" \/>\n<link rel=\"canonical\" href=\"https:\/\/laredsocial-noticias.com\/wp\/la-eleccion-del-nuevo-fiscal-anticorrupcion-sera-transparente-senador-hector-yunes\/\" \/>\n<meta property=\"og:locale\" content=\"es_ES\" \/>\n<meta property=\"og:type\" content=\"article\" \/>\n<meta property=\"og:title\" content=\"La elecci\u00f3n del nuevo fiscal anticorrupci\u00f3n ser\u00e1 transparente: senador H\u00e9ctor Yunes - NOTICIAS\" \/>\n<meta property=\"og:description\" content=\"CIUDAD DE M\u00c9XICO, 17 de febrero, (ATIZAP\u00c1N HOY\/C\u00cdRCULO DIGITAL).\u2014 \u00a0El senador H\u00e9ctor Yunes Landa, presidente de la Comisi\u00f3n Anticorrupci\u00f3n y...\" \/>\n<meta property=\"og:url\" content=\"https:\/\/laredsocial-noticias.com\/wp\/la-eleccion-del-nuevo-fiscal-anticorrupcion-sera-transparente-senador-hector-yunes\/\" \/>\n<meta property=\"og:site_name\" content=\"NOTICIAS\" \/>\n<meta property=\"article:published_time\" content=\"2017-02-17T16:00:01+00:00\" \/>\n<meta property=\"og:image\" content=\"https:\/\/laredsocial-noticias.com\/wp\/wp-content\/uploads\/2017\/02\/H\u00e9ctor-Yunes-Landa-senador.jpg\" \/>\n\t<meta property=\"og:image:width\" content=\"600\" \/>\n\t<meta property=\"og:image:height\" content=\"400\" \/>\n\t<meta property=\"og:image:type\" content=\"image\/jpeg\" \/>\n<meta name=\"author\" content=\"Editor en Jefe\" \/>\n<meta name=\"twitter:card\" content=\"summary_large_image\" \/>\n<meta name=\"twitter:label1\" content=\"Escrito por\" \/>\n\t<meta name=\"twitter:data1\" content=\"Editor en Jefe\" \/>\n\t<meta name=\"twitter:label2\" content=\"Tiempo de lectura\" \/>\n\t<meta name=\"twitter:data2\" content=\"2 minutos\" \/>\n<!-- \/ Yoast SEO plugin. -->","yoast_head_json":{"title":"La elecci\u00f3n del nuevo fiscal anticorrupci\u00f3n ser\u00e1 transparente: senador H\u00e9ctor Yunes - NOTICIAS","robots":{"index":"index","follow":"follow","max-snippet":"max-snippet:-1","max-image-preview":"max-image-preview:large","max-video-preview":"max-video-preview:-1"},"canonical":"https:\/\/laredsocial-noticias.com\/wp\/la-eleccion-del-nuevo-fiscal-anticorrupcion-sera-transparente-senador-hector-yunes\/","og_locale":"es_ES","og_type":"article","og_title":"La elecci\u00f3n del nuevo fiscal anticorrupci\u00f3n ser\u00e1 transparente: senador H\u00e9ctor Yunes - NOTICIAS","og_description":"CIUDAD DE M\u00c9XICO, 17 de febrero, (ATIZAP\u00c1N HOY\/C\u00cdRCULO DIGITAL).\u2014 \u00a0El senador H\u00e9ctor Yunes Landa, presidente de la Comisi\u00f3n Anticorrupci\u00f3n y...","og_url":"https:\/\/laredsocial-noticias.com\/wp\/la-eleccion-del-nuevo-fiscal-anticorrupcion-sera-transparente-senador-hector-yunes\/","og_site_name":"NOTICIAS","article_published_time":"2017-02-17T16:00:01+00:00","og_image":[{"width":600,"height":400,"url":"https:\/\/laredsocial-noticias.com\/wp\/wp-content\/uploads\/2017\/02\/H\u00e9ctor-Yunes-Landa-senador.jpg","type":"image\/jpeg"}],"author":"Editor en Jefe","twitter_card":"summary_large_image","twitter_misc":{"Escrito por":"Editor en Jefe","Tiempo de lectura":"2 minutos"},"schema":{"@context":"https:\/\/schema.org","@graph":[{"@type":"WebPage","@id":"https:\/\/laredsocial-noticias.com\/wp\/la-eleccion-del-nuevo-fiscal-anticorrupcion-sera-transparente-senador-hector-yunes\/","url":"https:\/\/laredsocial-noticias.com\/wp\/la-eleccion-del-nuevo-fiscal-anticorrupcion-sera-transparente-senador-hector-yunes\/","name":"La elecci\u00f3n del nuevo fiscal anticorrupci\u00f3n ser\u00e1 transparente: senador H\u00e9ctor Yunes - NOTICIAS","isPartOf":{"@id":"https:\/\/laredsocial-noticias.com\/wp\/#website"},"datePublished":"2017-02-17T16:00:01+00:00","author":{"@id":"https:\/\/laredsocial-noticias.com\/wp\/#\/schema\/person\/0ce78643f2de7aae6f6ef10e8453a6e0"},"breadcrumb":{"@id":"https:\/\/laredsocial-noticias.com\/wp\/la-eleccion-del-nuevo-fiscal-anticorrupcion-sera-transparente-senador-hector-yunes\/#breadcrumb"},"inLanguage":"es","potentialAction":[{"@type":"ReadAction","target":["https:\/\/laredsocial-noticias.com\/wp\/la-eleccion-del-nuevo-fiscal-anticorrupcion-sera-transparente-senador-hector-yunes\/"]}]},{"@type":"BreadcrumbList","@id":"https:\/\/laredsocial-noticias.com\/wp\/la-eleccion-del-nuevo-fiscal-anticorrupcion-sera-transparente-senador-hector-yunes\/#breadcrumb","itemListElement":[{"@type":"ListItem","position":1,"name":"Portada","item":"https:\/\/laredsocial-noticias.com\/wp\/"},{"@type":"ListItem","position":2,"name":"La elecci\u00f3n del nuevo fiscal anticorrupci\u00f3n ser\u00e1 transparente: senador H\u00e9ctor Yunes"}]},{"@type":"WebSite","@id":"https:\/\/laredsocial-noticias.com\/wp\/#website","url":"https:\/\/laredsocial-noticias.com\/wp\/","name":"NOTICIAS","description":"Lo que se ve y se dice en las redes sociales","potentialAction":[{"@type":"SearchAction","target":{"@type":"EntryPoint","urlTemplate":"https:\/\/laredsocial-noticias.com\/wp\/?s={search_term_string}"},"query-input":{"@type":"PropertyValueSpecification","valueRequired":true,"valueName":"search_term_string"}}],"inLanguage":"es"},{"@type":"Person","@id":"https:\/\/laredsocial-noticias.com\/wp\/#\/schema\/person\/0ce78643f2de7aae6f6ef10e8453a6e0","name":"Editor en Jefe","url":"https:\/\/laredsocial-noticias.com\/wp\/author\/jorgeochoa\/"}]}},"_links":{"self":[{"href":"https:\/\/laredsocial-noticias.com\/wp\/wp-json\/wp\/v2\/posts\/50315","targetHints":{"allow":["GET"]}}],"collection":[{"href":"https:\/\/laredsocial-noticias.com\/wp\/wp-json\/wp\/v2\/posts"}],"about":[{"href":"https:\/\/laredsocial-noticias.com\/wp\/wp-json\/wp\/v2\/types\/post"}],"author":[{"embeddable":true,"href":"https:\/\/laredsocial-noticias.com\/wp\/wp-json\/wp\/v2\/users\/1"}],"replies":[{"embeddable":true,"href":"https:\/\/laredsocial-noticias.com\/wp\/wp-json\/wp\/v2\/comments?post=50315"}],"version-history":[{"count":1,"href":"https:\/\/laredsocial-noticias.com\/wp\/wp-json\/wp\/v2\/posts\/50315\/revisions"}],"predecessor-version":[{"id":50316,"href":"https:\/\/laredsocial-noticias.com\/wp\/wp-json\/wp\/v2\/posts\/50315\/revisions\/50316"}],"wp:attachment":[{"href":"https:\/\/laredsocial-noticias.com\/wp\/wp-json\/wp\/v2\/media?parent=50315"}],"wp:term":[{"taxonomy":"category","embeddable":true,"href":"https:\/\/laredsocial-noticias.com\/wp\/wp-json\/wp\/v2\/categories?post=50315"},{"taxonomy":"post_tag","embeddable":true,"href":"https:\/\/laredsocial-noticias.com\/wp\/wp-json\/wp\/v2\/tags?post=50315"}],"curies":[{"name":"wp","href":"https:\/\/api.w.org\/{rel}","templated":true}]}}