{"id":51269,"date":"2017-02-23T18:08:43","date_gmt":"2017-02-24T00:08:43","guid":{"rendered":"http:\/\/laredsocial-noticias.com\/wp\/?p=51269"},"modified":"2017-02-23T19:08:50","modified_gmt":"2017-02-24T00:08:50","slug":"al-menos-29-mil-mexicanos-murieron-por-contaminacion-en-2015","status":"publish","type":"post","link":"https:\/\/laredsocial-noticias.com\/wp\/al-menos-29-mil-mexicanos-murieron-por-contaminacion-en-2015\/","title":{"rendered":"Al menos 29 mil mexicanos murieron por contaminaci\u00f3n en 2015"},"content":{"rendered":"<p><strong>CIUDAD DE M\u00c9XICO, 23 de febrero, (MOMENTO INFORMATIVO \/ C\u00cdRCULO DIGITAL).-\u00a0<\/strong>De las muertes registradas durante 2015 en M\u00e9xico, por lo menos 29 mil son atribuibles a la mala calidad del aire por el\u00a0ozono y las part\u00edculas, de acuerdo con el Instituto de Salud, M\u00e9tricas y Evaluaci\u00f3n (IHME por sus siglas en ingl\u00e9s), indic\u00f3 Amparo Mart\u00ednez Arroyo.<\/p>\n<p class=\"text\">En el taller para medios de informaci\u00f3n, &#8220;La Calidad del Aire en la Megal\u00f3polis&#8221;, la directora general del Instituto Nacional de Ecolog\u00eda y Cambio Clim\u00e1tico (INECC) expuso que por ello es indispensable cobrar conciencia acerca de los impactos de la contaminaci\u00f3n.<\/p>\n<p class=\"text\">Revel\u00f3 que la contaminaci\u00f3n del aire que afecta a todas las zonas urbanas del mundo es un importante riesgo para la salud, de manera que se ubica como el quinto factor de peligro\u00a0para\u00a0la salud por el n\u00famero de muertes prematuras que causa.<\/p>\n<p class=\"text\">Ante ello, uno de los retos que se enfrenta con las nuevas medidas para activar la contingencia ambiental y controlar la emisi\u00f3n de automotores es reducir estas muertes causadas tanto por ozono como por las part\u00edculas menores a 2.5 micr\u00f3metros (PM2.5) y las menores a 10 micr\u00f3metros (PM10).<\/p>\n<p class=\"text\">En ese sentido refiri\u00f3 que tan solo con cumplir la NOM de protecci\u00f3n de la salud se puede ayudar a prevenir la muerte de por lo menos ocho mil 464 personas y de hasta nueve mil 767 en el caso de los criterios de la Organizaci\u00f3n Mundial de la Salud (OMS) en el caso de las PM2.5.<\/p>\n<p class=\"text\">Lo mismo ocurre en el caso de las PM10, ya que al guardar las indicaciones de la NOM y la Organizaci\u00f3n Mundial de la Salud pueden ayudar a evitar el fallecimiento prematuro de hasta dos mil 757 personas en el primer caso y de hasta 12 mil 89 en el segundo.<\/p>\n<p class=\"text\">Al respecto, el coordinador ejecutivo de la Comisi\u00f3n Ambiental de la Megal\u00f3polis (CAMe), Mart\u00edn Guti\u00e9rrez Lacayo, reconoci\u00f3 que de 2015 a 2016 se produjo un incremento en el comportamiento epidemiol\u00f3gico de males como la conjuntivitis y la neumon\u00eda.<\/p>\n<p class=\"text\">En el primer caso, el Consejo de Vigilancia de Salud de la Ciudad de M\u00e9xico revel\u00f3 que en ese lapso se tuvo un incremento de 86 por ciento en el caso de conjuntivitis, en tanto que de neumon\u00eda y bronconeumon\u00eda el aumento fue de 56 por ciento.<\/p>\n<p class=\"text\">Estos padecimientos indudablemente son atribuibles a las condiciones generadas por la acumulaci\u00f3n de part\u00edculas contaminantes en el aire y que han generado un importante incremento de enfermedades de asma con siete mil 237 casos.<\/p>\n<p class=\"text\">En el caso de conjuntivitis, se registraron 28 mil 855 casos; de infecciones respiratorias agudas hasta 844 mil 156; y otitis media aguda, nueve mil 885 casos.<\/p>\n<p class=\"text\">Dichas cifras han podido ser registradas gracias a las 200 unidades centinela que dan un seguimiento epidemiol\u00f3gico de afectaciones a la salud y que operan desde octubre de 2006 con ese fin.<\/p>\n<p class=\"text\">Guti\u00e9rrez Lacayo reconoci\u00f3 que aunque ha habido un importante avance en el control y reducci\u00f3n de contaminantes, a partir de la aplicaci\u00f3n de los programas de control vehicular como el &#8220;Hoy no Circula&#8221; a\u00fan falta mucho por hacer, por lo que este a\u00f1o se consolidar\u00e1n\u00a0m\u00e1s acciones para garantizar el cuidado de la salud.<\/p>\n","protected":false},"excerpt":{"rendered":"<p>CIUDAD DE M\u00c9XICO, 23 de febrero, (MOMENTO INFORMATIVO \/ C\u00cdRCULO DIGITAL).-\u00a0De las muertes registradas durante 2015 en M\u00e9xico, por lo&#8230;<\/p>\n","protected":false},"author":1,"featured_media":0,"comment_status":"closed","ping_status":"closed","sticky":false,"template":"","format":"standard","meta":{"footnotes":""},"categories":[91,1796,73],"tags":[261,77],"class_list":["post-51269","post","type-post","status-publish","format-standard","hentry","category-cdmx","category-circulodigital","category-principal","tag-cdmx","tag-principal"],"yoast_head":"<!-- This site is optimized with the Yoast SEO plugin v26.5 - https:\/\/yoast.com\/wordpress\/plugins\/seo\/ -->\n<title>Al menos 29 mil mexicanos murieron por contaminaci\u00f3n en 2015 - NOTICIAS<\/title>\n<meta name=\"robots\" content=\"index, follow, max-snippet:-1, max-image-preview:large, max-video-preview:-1\" \/>\n<link rel=\"canonical\" href=\"https:\/\/laredsocial-noticias.com\/wp\/al-menos-29-mil-mexicanos-murieron-por-contaminacion-en-2015\/\" \/>\n<meta property=\"og:locale\" content=\"es_ES\" \/>\n<meta property=\"og:type\" content=\"article\" \/>\n<meta property=\"og:title\" content=\"Al menos 29 mil mexicanos murieron por contaminaci\u00f3n en 2015 - NOTICIAS\" \/>\n<meta property=\"og:description\" content=\"CIUDAD DE M\u00c9XICO, 23 de febrero, (MOMENTO INFORMATIVO \/ C\u00cdRCULO DIGITAL).-\u00a0De las muertes registradas durante 2015 en M\u00e9xico, por lo...\" \/>\n<meta property=\"og:url\" content=\"https:\/\/laredsocial-noticias.com\/wp\/al-menos-29-mil-mexicanos-murieron-por-contaminacion-en-2015\/\" \/>\n<meta property=\"og:site_name\" content=\"NOTICIAS\" \/>\n<meta property=\"article:published_time\" content=\"2017-02-24T00:08:43+00:00\" \/>\n<meta property=\"article:modified_time\" content=\"2017-02-24T00:08:50+00:00\" \/>\n<meta property=\"og:image\" content=\"https:\/\/laredsocial-noticias.com\/wp\/wp-content\/uploads\/2017\/02\/Contaminaci\u00f3n-aumenta.jpg\" \/>\n\t<meta property=\"og:image:width\" content=\"600\" \/>\n\t<meta property=\"og:image:height\" content=\"397\" \/>\n\t<meta property=\"og:image:type\" content=\"image\/jpeg\" \/>\n<meta name=\"author\" content=\"Editor en Jefe\" \/>\n<meta name=\"twitter:card\" content=\"summary_large_image\" \/>\n<meta name=\"twitter:label1\" content=\"Escrito por\" \/>\n\t<meta name=\"twitter:data1\" content=\"Editor en Jefe\" \/>\n\t<meta name=\"twitter:label2\" content=\"Tiempo de lectura\" \/>\n\t<meta name=\"twitter:data2\" content=\"3 minutos\" \/>\n<!-- \/ Yoast SEO plugin. -->","yoast_head_json":{"title":"Al menos 29 mil mexicanos murieron por contaminaci\u00f3n en 2015 - NOTICIAS","robots":{"index":"index","follow":"follow","max-snippet":"max-snippet:-1","max-image-preview":"max-image-preview:large","max-video-preview":"max-video-preview:-1"},"canonical":"https:\/\/laredsocial-noticias.com\/wp\/al-menos-29-mil-mexicanos-murieron-por-contaminacion-en-2015\/","og_locale":"es_ES","og_type":"article","og_title":"Al menos 29 mil mexicanos murieron por contaminaci\u00f3n en 2015 - NOTICIAS","og_description":"CIUDAD DE M\u00c9XICO, 23 de febrero, (MOMENTO INFORMATIVO \/ C\u00cdRCULO DIGITAL).-\u00a0De las muertes registradas durante 2015 en M\u00e9xico, por lo...","og_url":"https:\/\/laredsocial-noticias.com\/wp\/al-menos-29-mil-mexicanos-murieron-por-contaminacion-en-2015\/","og_site_name":"NOTICIAS","article_published_time":"2017-02-24T00:08:43+00:00","article_modified_time":"2017-02-24T00:08:50+00:00","og_image":[{"width":600,"height":397,"url":"https:\/\/laredsocial-noticias.com\/wp\/wp-content\/uploads\/2017\/02\/Contaminaci\u00f3n-aumenta.jpg","type":"image\/jpeg"}],"author":"Editor en Jefe","twitter_card":"summary_large_image","twitter_misc":{"Escrito por":"Editor en Jefe","Tiempo de lectura":"3 minutos"},"schema":{"@context":"https:\/\/schema.org","@graph":[{"@type":"WebPage","@id":"https:\/\/laredsocial-noticias.com\/wp\/al-menos-29-mil-mexicanos-murieron-por-contaminacion-en-2015\/","url":"https:\/\/laredsocial-noticias.com\/wp\/al-menos-29-mil-mexicanos-murieron-por-contaminacion-en-2015\/","name":"Al menos 29 mil mexicanos murieron por contaminaci\u00f3n en 2015 - NOTICIAS","isPartOf":{"@id":"https:\/\/laredsocial-noticias.com\/wp\/#website"},"datePublished":"2017-02-24T00:08:43+00:00","dateModified":"2017-02-24T00:08:50+00:00","author":{"@id":"https:\/\/laredsocial-noticias.com\/wp\/#\/schema\/person\/0ce78643f2de7aae6f6ef10e8453a6e0"},"breadcrumb":{"@id":"https:\/\/laredsocial-noticias.com\/wp\/al-menos-29-mil-mexicanos-murieron-por-contaminacion-en-2015\/#breadcrumb"},"inLanguage":"es","potentialAction":[{"@type":"ReadAction","target":["https:\/\/laredsocial-noticias.com\/wp\/al-menos-29-mil-mexicanos-murieron-por-contaminacion-en-2015\/"]}]},{"@type":"BreadcrumbList","@id":"https:\/\/laredsocial-noticias.com\/wp\/al-menos-29-mil-mexicanos-murieron-por-contaminacion-en-2015\/#breadcrumb","itemListElement":[{"@type":"ListItem","position":1,"name":"Portada","item":"https:\/\/laredsocial-noticias.com\/wp\/"},{"@type":"ListItem","position":2,"name":"Al menos 29 mil mexicanos murieron por contaminaci\u00f3n en 2015"}]},{"@type":"WebSite","@id":"https:\/\/laredsocial-noticias.com\/wp\/#website","url":"https:\/\/laredsocial-noticias.com\/wp\/","name":"NOTICIAS","description":"Lo que se ve y se dice en las redes sociales","potentialAction":[{"@type":"SearchAction","target":{"@type":"EntryPoint","urlTemplate":"https:\/\/laredsocial-noticias.com\/wp\/?s={search_term_string}"},"query-input":{"@type":"PropertyValueSpecification","valueRequired":true,"valueName":"search_term_string"}}],"inLanguage":"es"},{"@type":"Person","@id":"https:\/\/laredsocial-noticias.com\/wp\/#\/schema\/person\/0ce78643f2de7aae6f6ef10e8453a6e0","name":"Editor en Jefe","url":"https:\/\/laredsocial-noticias.com\/wp\/author\/jorgeochoa\/"}]}},"_links":{"self":[{"href":"https:\/\/laredsocial-noticias.com\/wp\/wp-json\/wp\/v2\/posts\/51269","targetHints":{"allow":["GET"]}}],"collection":[{"href":"https:\/\/laredsocial-noticias.com\/wp\/wp-json\/wp\/v2\/posts"}],"about":[{"href":"https:\/\/laredsocial-noticias.com\/wp\/wp-json\/wp\/v2\/types\/post"}],"author":[{"embeddable":true,"href":"https:\/\/laredsocial-noticias.com\/wp\/wp-json\/wp\/v2\/users\/1"}],"replies":[{"embeddable":true,"href":"https:\/\/laredsocial-noticias.com\/wp\/wp-json\/wp\/v2\/comments?post=51269"}],"version-history":[{"count":1,"href":"https:\/\/laredsocial-noticias.com\/wp\/wp-json\/wp\/v2\/posts\/51269\/revisions"}],"predecessor-version":[{"id":51270,"href":"https:\/\/laredsocial-noticias.com\/wp\/wp-json\/wp\/v2\/posts\/51269\/revisions\/51270"}],"wp:attachment":[{"href":"https:\/\/laredsocial-noticias.com\/wp\/wp-json\/wp\/v2\/media?parent=51269"}],"wp:term":[{"taxonomy":"category","embeddable":true,"href":"https:\/\/laredsocial-noticias.com\/wp\/wp-json\/wp\/v2\/categories?post=51269"},{"taxonomy":"post_tag","embeddable":true,"href":"https:\/\/laredsocial-noticias.com\/wp\/wp-json\/wp\/v2\/tags?post=51269"}],"curies":[{"name":"wp","href":"https:\/\/api.w.org\/{rel}","templated":true}]}}