{"id":52378,"date":"2017-03-02T18:30:52","date_gmt":"2017-03-03T00:30:52","guid":{"rendered":"http:\/\/laredsocial-noticias.com\/wp\/?p=52378"},"modified":"2017-03-02T18:33:22","modified_gmt":"2017-03-02T23:33:22","slug":"aprueba-comision-opinion-sobre-ley-general-para-prevenir-sancionar-y-erradicar-delitos-en-materia-de-trata-de-personas","status":"publish","type":"post","link":"https:\/\/laredsocial-noticias.com\/wp\/aprueba-comision-opinion-sobre-ley-general-para-prevenir-sancionar-y-erradicar-delitos-en-materia-de-trata-de-personas\/","title":{"rendered":"Aprueba Comisi\u00f3n opini\u00f3n sobre Ley General para Prevenir, Sancionar y Erradicar delitos en materia de trata de personas"},"content":{"rendered":"<p><strong>CIUDAD DE M\u00c9XICO, 02 de marzo, (POLITIQUER\u00cdAS \/ C\u00cdRCULO DIGITAL).-\u00a0<\/strong>La Comisi\u00f3n Especial contra la Trata de Personas que preside la diputada Julieta Fern\u00e1ndez M\u00e1rquez (PRI), emiti\u00f3 su opini\u00f3n favorable a la iniciativa que reforma y deroga diversas disposiciones de la Ley General para Prevenir, Sancionar y Erradicar los Delitos en materia de Trata de Personas y para la Protecci\u00f3n y Asistencia a las V\u00edctimas de estos Delitos.<\/p>\n<p>&nbsp;<\/p>\n<p>La diputada Fern\u00e1ndez M\u00e1rquez dijo que la iniciativa de ley, promovida por la diputada Ana Guadalupe Perea Santos (PES), est\u00e1 enfocada a prevenir, investigar y sancionar la trata de personas, y busca homologar en todo el pa\u00eds los tipos penales.<\/p>\n<p>&nbsp;<\/p>\n<p>Distribuye competencias y establece formas de coordinaci\u00f3n en materia de protecci\u00f3n y asistencia a las v\u00edctimas, sus familiares y, sobre todo, resalta la regulaci\u00f3n en materia de cambio de identidad y residencia.<\/p>\n<p>&nbsp;<\/p>\n<p>El documento que se turn\u00f3 a la Comisi\u00f3n de Justicia, encargada de elaborar el dictamen, establece realizar ajustes que permitan una mejor transici\u00f3n hacia el modelo integral de prevenci\u00f3n, investigaci\u00f3n, sanci\u00f3n y erradicaci\u00f3n de la trata de personas, en un marco de irrestricto respeto a los derechos humanos.<\/p>\n<p>&nbsp;<\/p>\n<p>En otros temas, la Comisi\u00f3n aval\u00f3 la integraci\u00f3n de tres grupos de trabajo. El denominado de Prevenci\u00f3n de la trata de personas lo coordina la diputada Mar\u00eda Luisa S\u00e1nchez Meza (PAN); el de Persecuci\u00f3n y sanci\u00f3n del delito de trata de personas, lo encabeza la legisladora Patricia S\u00e1nchez Carrillo (PAN), y de Protecci\u00f3n y asistencia a v\u00edctimas de trata de personas, lo dirige la diputada Norma Edith Mart\u00ednez Guzm\u00e1n (PES).<\/p>\n<p>&nbsp;<\/p>\n<p>La legisladora Julieta Fern\u00e1ndez resalt\u00f3 la importancia de los grupos, ya que muchas veces, el tr\u00e1mite legislativo es muy duro y desecha iniciativas por detalles de sintaxis, comas o puntos; entonces, se hace un consenso con el proponente de la iniciativa para hacer mayor investigaci\u00f3n a fin de mejorar y enriquecer las iniciativas.<\/p>\n<p>&nbsp;<\/p>\n<p>Los grupos, agreg\u00f3, tienen el fin de que sus integrantes se aboquen a estudiar un asunto en particular no legislativo o bien, a realizar estudios, investigaciones, opiniones o trabajos de campo que la comisi\u00f3n requiera realizar, agreg\u00f3.<\/p>\n","protected":false},"excerpt":{"rendered":"<p>CIUDAD DE M\u00c9XICO, 02 de marzo, (POLITIQUER\u00cdAS \/ C\u00cdRCULO DIGITAL).-\u00a0La Comisi\u00f3n Especial contra la Trata de Personas que preside la&#8230;<\/p>\n","protected":false},"author":1,"featured_media":0,"comment_status":"closed","ping_status":"closed","sticky":false,"template":"","format":"standard","meta":{"footnotes":""},"categories":[1796,73],"tags":[332,77],"class_list":["post-52378","post","type-post","status-publish","format-standard","hentry","category-circulodigital","category-principal","tag-mexico","tag-principal"],"yoast_head":"<!-- This site is optimized with the Yoast SEO plugin v26.5 - https:\/\/yoast.com\/wordpress\/plugins\/seo\/ -->\n<title>Aprueba Comisi\u00f3n opini\u00f3n sobre Ley General para Prevenir, Sancionar y Erradicar delitos en materia de trata de personas - NOTICIAS<\/title>\n<meta name=\"robots\" content=\"index, follow, max-snippet:-1, max-image-preview:large, max-video-preview:-1\" \/>\n<link rel=\"canonical\" href=\"https:\/\/laredsocial-noticias.com\/wp\/aprueba-comision-opinion-sobre-ley-general-para-prevenir-sancionar-y-erradicar-delitos-en-materia-de-trata-de-personas\/\" \/>\n<meta property=\"og:locale\" content=\"es_ES\" \/>\n<meta property=\"og:type\" content=\"article\" \/>\n<meta property=\"og:title\" content=\"Aprueba Comisi\u00f3n opini\u00f3n sobre Ley General para Prevenir, Sancionar y Erradicar delitos en materia de trata de personas - NOTICIAS\" \/>\n<meta property=\"og:description\" content=\"CIUDAD DE M\u00c9XICO, 02 de marzo, (POLITIQUER\u00cdAS \/ C\u00cdRCULO DIGITAL).-\u00a0La Comisi\u00f3n Especial contra la Trata de Personas que preside la...\" \/>\n<meta property=\"og:url\" content=\"https:\/\/laredsocial-noticias.com\/wp\/aprueba-comision-opinion-sobre-ley-general-para-prevenir-sancionar-y-erradicar-delitos-en-materia-de-trata-de-personas\/\" \/>\n<meta property=\"og:site_name\" content=\"NOTICIAS\" \/>\n<meta property=\"article:published_time\" content=\"2017-03-03T00:30:52+00:00\" \/>\n<meta property=\"og:image\" content=\"https:\/\/laredsocial-noticias.com\/wp\/wp-content\/uploads\/2017\/03\/Trata_de_personas.jpg\" \/>\n\t<meta property=\"og:image:width\" content=\"600\" \/>\n\t<meta property=\"og:image:height\" content=\"400\" \/>\n\t<meta property=\"og:image:type\" content=\"image\/jpeg\" \/>\n<meta name=\"author\" content=\"Editor en Jefe\" \/>\n<meta name=\"twitter:card\" content=\"summary_large_image\" \/>\n<meta name=\"twitter:label1\" content=\"Escrito por\" \/>\n\t<meta name=\"twitter:data1\" content=\"Editor en Jefe\" \/>\n\t<meta name=\"twitter:label2\" content=\"Tiempo de lectura\" \/>\n\t<meta name=\"twitter:data2\" content=\"2 minutos\" \/>\n<!-- \/ Yoast SEO plugin. -->","yoast_head_json":{"title":"Aprueba Comisi\u00f3n opini\u00f3n sobre Ley General para Prevenir, Sancionar y Erradicar delitos en materia de trata de personas - NOTICIAS","robots":{"index":"index","follow":"follow","max-snippet":"max-snippet:-1","max-image-preview":"max-image-preview:large","max-video-preview":"max-video-preview:-1"},"canonical":"https:\/\/laredsocial-noticias.com\/wp\/aprueba-comision-opinion-sobre-ley-general-para-prevenir-sancionar-y-erradicar-delitos-en-materia-de-trata-de-personas\/","og_locale":"es_ES","og_type":"article","og_title":"Aprueba Comisi\u00f3n opini\u00f3n sobre Ley General para Prevenir, Sancionar y Erradicar delitos en materia de trata de personas - NOTICIAS","og_description":"CIUDAD DE M\u00c9XICO, 02 de marzo, (POLITIQUER\u00cdAS \/ C\u00cdRCULO DIGITAL).-\u00a0La Comisi\u00f3n Especial contra la Trata de Personas que preside la...","og_url":"https:\/\/laredsocial-noticias.com\/wp\/aprueba-comision-opinion-sobre-ley-general-para-prevenir-sancionar-y-erradicar-delitos-en-materia-de-trata-de-personas\/","og_site_name":"NOTICIAS","article_published_time":"2017-03-03T00:30:52+00:00","og_image":[{"width":600,"height":400,"url":"https:\/\/laredsocial-noticias.com\/wp\/wp-content\/uploads\/2017\/03\/Trata_de_personas.jpg","type":"image\/jpeg"}],"author":"Editor en Jefe","twitter_card":"summary_large_image","twitter_misc":{"Escrito por":"Editor en Jefe","Tiempo de lectura":"2 minutos"},"schema":{"@context":"https:\/\/schema.org","@graph":[{"@type":"WebPage","@id":"https:\/\/laredsocial-noticias.com\/wp\/aprueba-comision-opinion-sobre-ley-general-para-prevenir-sancionar-y-erradicar-delitos-en-materia-de-trata-de-personas\/","url":"https:\/\/laredsocial-noticias.com\/wp\/aprueba-comision-opinion-sobre-ley-general-para-prevenir-sancionar-y-erradicar-delitos-en-materia-de-trata-de-personas\/","name":"Aprueba Comisi\u00f3n opini\u00f3n sobre Ley General para Prevenir, Sancionar y Erradicar delitos en materia de trata de personas - NOTICIAS","isPartOf":{"@id":"https:\/\/laredsocial-noticias.com\/wp\/#website"},"datePublished":"2017-03-03T00:30:52+00:00","author":{"@id":"https:\/\/laredsocial-noticias.com\/wp\/#\/schema\/person\/0ce78643f2de7aae6f6ef10e8453a6e0"},"breadcrumb":{"@id":"https:\/\/laredsocial-noticias.com\/wp\/aprueba-comision-opinion-sobre-ley-general-para-prevenir-sancionar-y-erradicar-delitos-en-materia-de-trata-de-personas\/#breadcrumb"},"inLanguage":"es","potentialAction":[{"@type":"ReadAction","target":["https:\/\/laredsocial-noticias.com\/wp\/aprueba-comision-opinion-sobre-ley-general-para-prevenir-sancionar-y-erradicar-delitos-en-materia-de-trata-de-personas\/"]}]},{"@type":"BreadcrumbList","@id":"https:\/\/laredsocial-noticias.com\/wp\/aprueba-comision-opinion-sobre-ley-general-para-prevenir-sancionar-y-erradicar-delitos-en-materia-de-trata-de-personas\/#breadcrumb","itemListElement":[{"@type":"ListItem","position":1,"name":"Portada","item":"https:\/\/laredsocial-noticias.com\/wp\/"},{"@type":"ListItem","position":2,"name":"Aprueba Comisi\u00f3n opini\u00f3n sobre Ley General para Prevenir, Sancionar y Erradicar delitos en materia de trata de personas"}]},{"@type":"WebSite","@id":"https:\/\/laredsocial-noticias.com\/wp\/#website","url":"https:\/\/laredsocial-noticias.com\/wp\/","name":"NOTICIAS","description":"Lo que se ve y se dice en las redes sociales","potentialAction":[{"@type":"SearchAction","target":{"@type":"EntryPoint","urlTemplate":"https:\/\/laredsocial-noticias.com\/wp\/?s={search_term_string}"},"query-input":{"@type":"PropertyValueSpecification","valueRequired":true,"valueName":"search_term_string"}}],"inLanguage":"es"},{"@type":"Person","@id":"https:\/\/laredsocial-noticias.com\/wp\/#\/schema\/person\/0ce78643f2de7aae6f6ef10e8453a6e0","name":"Editor en Jefe","url":"https:\/\/laredsocial-noticias.com\/wp\/author\/jorgeochoa\/"}]}},"_links":{"self":[{"href":"https:\/\/laredsocial-noticias.com\/wp\/wp-json\/wp\/v2\/posts\/52378","targetHints":{"allow":["GET"]}}],"collection":[{"href":"https:\/\/laredsocial-noticias.com\/wp\/wp-json\/wp\/v2\/posts"}],"about":[{"href":"https:\/\/laredsocial-noticias.com\/wp\/wp-json\/wp\/v2\/types\/post"}],"author":[{"embeddable":true,"href":"https:\/\/laredsocial-noticias.com\/wp\/wp-json\/wp\/v2\/users\/1"}],"replies":[{"embeddable":true,"href":"https:\/\/laredsocial-noticias.com\/wp\/wp-json\/wp\/v2\/comments?post=52378"}],"version-history":[{"count":1,"href":"https:\/\/laredsocial-noticias.com\/wp\/wp-json\/wp\/v2\/posts\/52378\/revisions"}],"predecessor-version":[{"id":52379,"href":"https:\/\/laredsocial-noticias.com\/wp\/wp-json\/wp\/v2\/posts\/52378\/revisions\/52379"}],"wp:attachment":[{"href":"https:\/\/laredsocial-noticias.com\/wp\/wp-json\/wp\/v2\/media?parent=52378"}],"wp:term":[{"taxonomy":"category","embeddable":true,"href":"https:\/\/laredsocial-noticias.com\/wp\/wp-json\/wp\/v2\/categories?post=52378"},{"taxonomy":"post_tag","embeddable":true,"href":"https:\/\/laredsocial-noticias.com\/wp\/wp-json\/wp\/v2\/tags?post=52378"}],"curies":[{"name":"wp","href":"https:\/\/api.w.org\/{rel}","templated":true}]}}