{"id":53320,"date":"2017-03-09T13:30:33","date_gmt":"2017-03-09T19:30:33","guid":{"rendered":"http:\/\/laredsocial-noticias.com\/wp\/?p=53320"},"modified":"2017-03-09T13:43:26","modified_gmt":"2017-03-09T18:43:26","slug":"luis-videgaray-realiza-gira-de-trabajo-por-washington-y-la-habana","status":"publish","type":"post","link":"https:\/\/laredsocial-noticias.com\/wp\/luis-videgaray-realiza-gira-de-trabajo-por-washington-y-la-habana\/","title":{"rendered":"Luis Videgaray realiza gira de trabajo por Washington y La Habana"},"content":{"rendered":"<p><strong>CIUDAD DE M\u00c9XICO, 09 de marzo, (VIBRACIONES CAPITAL\/C\u00cdRCULO DIGITAL).\u2014<\/strong>El canciller Luis Videgaray Caso, realiza este 9 y 10 de marzo visitas de trabajo a Washington, D.C. en Estados Unidos de Am\u00e9rica y har\u00e1 lo mismo a La Habana, en la Rep\u00fablica de Cuba.<\/p>\n<p>En la primera parada el titular de la Secretar\u00eda de Relaciones Exteriores (SRE), sostiene reuniones de trabajo con el director del Consejo Nacional Econ\u00f3mico de la Casa Blanca, Gary Cohn; con el Asesor de Seguridad Nacional, Herbert Raymond McMaster; y con Jared Kuschner, Asesor Senior del Presidente.<\/p>\n<p>En un comunicado, la canciller\u00eda destac\u00f3 que con estas reuniones se busca fortalecer el di\u00e1logo con funcionarios de alto nivel de la Uni\u00f3n Americana conforme a lo acordado entre los presidentes Enrique Pe\u00f1a Nieto y Donald Trump, en su conversaci\u00f3n telef\u00f3nica, del pasado 27 de enero.<\/p>\n<p>Posterior a los encuentros, Luis Videgaray Caso viajar\u00e1 a La Habana para participar en los trabajos de la XXII Reuni\u00f3n Ordinaria del Consejo de Ministros de la Asociaci\u00f3n de Estados del Caribe (AEC), que se realiza en dicha ciudad bajo la presidencia del canciller cubano, Bruno Rodr\u00edguez Parrilla.<\/p>\n<p>\u00c9ste es\u00a0el \u00fanico organismo que concentra a todos los pa\u00edses insulares caribe\u00f1os, los pa\u00edses de Centroam\u00e9rica, M\u00e9xico, Colombia y Venezuela.<\/p>\n","protected":false},"excerpt":{"rendered":"<p>CIUDAD DE M\u00c9XICO, 09 de marzo, (VIBRACIONES CAPITAL\/C\u00cdRCULO DIGITAL).\u2014El canciller Luis Videgaray Caso, realiza este 9 y 10 de marzo&#8230;<\/p>\n","protected":false},"author":1,"featured_media":0,"comment_status":"closed","ping_status":"closed","sticky":false,"template":"","format":"standard","meta":{"footnotes":""},"categories":[1796,73],"tags":[332,77],"class_list":["post-53320","post","type-post","status-publish","format-standard","hentry","category-circulodigital","category-principal","tag-mexico","tag-principal"],"yoast_head":"<!-- This site is optimized with the Yoast SEO plugin v26.5 - https:\/\/yoast.com\/wordpress\/plugins\/seo\/ -->\n<title>Luis Videgaray realiza gira de trabajo por Washington y La Habana - NOTICIAS<\/title>\n<meta name=\"robots\" content=\"index, follow, max-snippet:-1, max-image-preview:large, max-video-preview:-1\" \/>\n<link rel=\"canonical\" href=\"https:\/\/laredsocial-noticias.com\/wp\/luis-videgaray-realiza-gira-de-trabajo-por-washington-y-la-habana\/\" \/>\n<meta property=\"og:locale\" content=\"es_ES\" \/>\n<meta property=\"og:type\" content=\"article\" \/>\n<meta property=\"og:title\" content=\"Luis Videgaray realiza gira de trabajo por Washington y La Habana - NOTICIAS\" \/>\n<meta property=\"og:description\" content=\"CIUDAD DE M\u00c9XICO, 09 de marzo, (VIBRACIONES CAPITAL\/C\u00cdRCULO DIGITAL).\u2014El canciller Luis Videgaray Caso, realiza este 9 y 10 de marzo...\" \/>\n<meta property=\"og:url\" content=\"https:\/\/laredsocial-noticias.com\/wp\/luis-videgaray-realiza-gira-de-trabajo-por-washington-y-la-habana\/\" \/>\n<meta property=\"og:site_name\" content=\"NOTICIAS\" \/>\n<meta property=\"article:published_time\" content=\"2017-03-09T19:30:33+00:00\" \/>\n<meta property=\"og:image\" content=\"https:\/\/laredsocial-noticias.com\/wp\/wp-content\/uploads\/2017\/03\/Luis-Videgaray1.jpg\" \/>\n\t<meta property=\"og:image:width\" content=\"600\" \/>\n\t<meta property=\"og:image:height\" content=\"342\" \/>\n\t<meta property=\"og:image:type\" content=\"image\/jpeg\" \/>\n<meta name=\"author\" content=\"Editor en Jefe\" \/>\n<meta name=\"twitter:card\" content=\"summary_large_image\" \/>\n<meta name=\"twitter:label1\" content=\"Escrito por\" \/>\n\t<meta name=\"twitter:data1\" content=\"Editor en Jefe\" \/>\n\t<meta name=\"twitter:label2\" content=\"Tiempo de lectura\" \/>\n\t<meta name=\"twitter:data2\" content=\"1 minuto\" \/>\n<!-- \/ Yoast SEO plugin. -->","yoast_head_json":{"title":"Luis Videgaray realiza gira de trabajo por Washington y La Habana - NOTICIAS","robots":{"index":"index","follow":"follow","max-snippet":"max-snippet:-1","max-image-preview":"max-image-preview:large","max-video-preview":"max-video-preview:-1"},"canonical":"https:\/\/laredsocial-noticias.com\/wp\/luis-videgaray-realiza-gira-de-trabajo-por-washington-y-la-habana\/","og_locale":"es_ES","og_type":"article","og_title":"Luis Videgaray realiza gira de trabajo por Washington y La Habana - NOTICIAS","og_description":"CIUDAD DE M\u00c9XICO, 09 de marzo, (VIBRACIONES CAPITAL\/C\u00cdRCULO DIGITAL).\u2014El canciller Luis Videgaray Caso, realiza este 9 y 10 de marzo...","og_url":"https:\/\/laredsocial-noticias.com\/wp\/luis-videgaray-realiza-gira-de-trabajo-por-washington-y-la-habana\/","og_site_name":"NOTICIAS","article_published_time":"2017-03-09T19:30:33+00:00","og_image":[{"width":600,"height":342,"url":"https:\/\/laredsocial-noticias.com\/wp\/wp-content\/uploads\/2017\/03\/Luis-Videgaray1.jpg","type":"image\/jpeg"}],"author":"Editor en Jefe","twitter_card":"summary_large_image","twitter_misc":{"Escrito por":"Editor en Jefe","Tiempo de lectura":"1 minuto"},"schema":{"@context":"https:\/\/schema.org","@graph":[{"@type":"WebPage","@id":"https:\/\/laredsocial-noticias.com\/wp\/luis-videgaray-realiza-gira-de-trabajo-por-washington-y-la-habana\/","url":"https:\/\/laredsocial-noticias.com\/wp\/luis-videgaray-realiza-gira-de-trabajo-por-washington-y-la-habana\/","name":"Luis Videgaray realiza gira de trabajo por Washington y La Habana - NOTICIAS","isPartOf":{"@id":"https:\/\/laredsocial-noticias.com\/wp\/#website"},"datePublished":"2017-03-09T19:30:33+00:00","author":{"@id":"https:\/\/laredsocial-noticias.com\/wp\/#\/schema\/person\/0ce78643f2de7aae6f6ef10e8453a6e0"},"breadcrumb":{"@id":"https:\/\/laredsocial-noticias.com\/wp\/luis-videgaray-realiza-gira-de-trabajo-por-washington-y-la-habana\/#breadcrumb"},"inLanguage":"es","potentialAction":[{"@type":"ReadAction","target":["https:\/\/laredsocial-noticias.com\/wp\/luis-videgaray-realiza-gira-de-trabajo-por-washington-y-la-habana\/"]}]},{"@type":"BreadcrumbList","@id":"https:\/\/laredsocial-noticias.com\/wp\/luis-videgaray-realiza-gira-de-trabajo-por-washington-y-la-habana\/#breadcrumb","itemListElement":[{"@type":"ListItem","position":1,"name":"Portada","item":"https:\/\/laredsocial-noticias.com\/wp\/"},{"@type":"ListItem","position":2,"name":"Luis Videgaray realiza gira de trabajo por Washington y La Habana"}]},{"@type":"WebSite","@id":"https:\/\/laredsocial-noticias.com\/wp\/#website","url":"https:\/\/laredsocial-noticias.com\/wp\/","name":"NOTICIAS","description":"Lo que se ve y se dice en las redes sociales","potentialAction":[{"@type":"SearchAction","target":{"@type":"EntryPoint","urlTemplate":"https:\/\/laredsocial-noticias.com\/wp\/?s={search_term_string}"},"query-input":{"@type":"PropertyValueSpecification","valueRequired":true,"valueName":"search_term_string"}}],"inLanguage":"es"},{"@type":"Person","@id":"https:\/\/laredsocial-noticias.com\/wp\/#\/schema\/person\/0ce78643f2de7aae6f6ef10e8453a6e0","name":"Editor en Jefe","url":"https:\/\/laredsocial-noticias.com\/wp\/author\/jorgeochoa\/"}]}},"_links":{"self":[{"href":"https:\/\/laredsocial-noticias.com\/wp\/wp-json\/wp\/v2\/posts\/53320","targetHints":{"allow":["GET"]}}],"collection":[{"href":"https:\/\/laredsocial-noticias.com\/wp\/wp-json\/wp\/v2\/posts"}],"about":[{"href":"https:\/\/laredsocial-noticias.com\/wp\/wp-json\/wp\/v2\/types\/post"}],"author":[{"embeddable":true,"href":"https:\/\/laredsocial-noticias.com\/wp\/wp-json\/wp\/v2\/users\/1"}],"replies":[{"embeddable":true,"href":"https:\/\/laredsocial-noticias.com\/wp\/wp-json\/wp\/v2\/comments?post=53320"}],"version-history":[{"count":1,"href":"https:\/\/laredsocial-noticias.com\/wp\/wp-json\/wp\/v2\/posts\/53320\/revisions"}],"predecessor-version":[{"id":53321,"href":"https:\/\/laredsocial-noticias.com\/wp\/wp-json\/wp\/v2\/posts\/53320\/revisions\/53321"}],"wp:attachment":[{"href":"https:\/\/laredsocial-noticias.com\/wp\/wp-json\/wp\/v2\/media?parent=53320"}],"wp:term":[{"taxonomy":"category","embeddable":true,"href":"https:\/\/laredsocial-noticias.com\/wp\/wp-json\/wp\/v2\/categories?post=53320"},{"taxonomy":"post_tag","embeddable":true,"href":"https:\/\/laredsocial-noticias.com\/wp\/wp-json\/wp\/v2\/tags?post=53320"}],"curies":[{"name":"wp","href":"https:\/\/api.w.org\/{rel}","templated":true}]}}