{"id":53420,"date":"2017-03-09T19:20:38","date_gmt":"2017-03-10T01:20:38","guid":{"rendered":"http:\/\/laredsocial-noticias.com\/wp\/?p=53420"},"modified":"2017-03-09T20:20:45","modified_gmt":"2017-03-10T01:20:45","slug":"cultura-une-a-las-naciones-mas-alla-de-fronteras-y-muros-garcia-cepeda","status":"publish","type":"post","link":"https:\/\/laredsocial-noticias.com\/wp\/cultura-une-a-las-naciones-mas-alla-de-fronteras-y-muros-garcia-cepeda\/","title":{"rendered":"Cultura une a las naciones m\u00e1s all\u00e1 de fronteras y muros: Garc\u00eda Cepeda"},"content":{"rendered":"<p><strong>DALLAS, 09 de marzo, (AGENCIAS \/ C\u00cdRCULO DIGITAL).-\u00a0<\/strong><strong>Por Francisco Trujillo.\u00a0<\/strong>La cultura une a las naciones m\u00e1s all\u00e1 de las fronteras y contrario a los muros, es un puente de entendimiento al constituir el di\u00e1logo m\u00e1s fruct\u00edfero y efectivo entre los pueblos, se\u00f1al\u00f3 hoy aqu\u00ed la secretaria de Cultura de M\u00e9xico, Mar\u00eda Cristina Garc\u00eda Cepeda.<\/p>\n<div class=\"desarrollo\">\n<p>\u201cEl arte y la cultura son los mejores caminos para la comunicaci\u00f3n humana y el entendimiento global\u201d, asegur\u00f3 Garc\u00eda Cepeda al inaugurar este jueves en el Museo de Arte de Dallas (DMA), la exposici\u00f3n \u201cM\u00e9xico 1900\u20131950: Diego Rivera, Frida Kahlo, Jos\u00e9 Clemente Orozco, and the Avant-Garde\u201d.<\/p>\n<p>En la muestra se exhiben m\u00e1s de 200 obras de pintura, escultura, fotograf\u00eda y dibujos que documentan el renacimiento art\u00edstico de M\u00e9xico en la primera mitad del siglo XX.<\/p>\n<p>Garc\u00eda Cepeda dijo que esta exposici\u00f3n es una embajadora cultural que \u201crepresenta precisamente ese di\u00e1logo con respeto, con dignidad, con libertad que la cultura establece con las diversas naciones del mundo\u201d.<\/p>\n<p>\u201cEsta exhibici\u00f3n es una muestra de nuestro profundo inter\u00e9s en fortalecer la relaci\u00f3n bilateral que establecemos con otras naciones\u201d, se\u00f1alo. \u201cEsto es mostrar la grandeza de M\u00e9xico, la grandeza del pueblo mexicano a trav\u00e9s de la cultura\u201d, expres\u00f3.<\/p>\n<p>\u201cM\u00e9xico es orgullo, M\u00e9xico es libertad, M\u00e9xico es di\u00e1logo, M\u00e9xico es identidad y con esta exposici\u00f3n estamos fortaleciendo ese di\u00e1logo, en esta ocasi\u00f3n con Estados Unidos, un di\u00e1logo y una colaboraci\u00f3n que hemos tenido de hace muchos a\u00f1os\u201d, asever\u00f3.<\/p>\n<p>Garc\u00eda Cepeda inaugur\u00f3 la muestra acompa\u00f1ada del director del DMA, el mexicano Agust\u00edn Arteaga, en una ceremonia efectuada al pie del mural transportable \u201cEl Hombre\u201d pintado en 1953 por Rufino Tamayo, y que de manera permanente engalana el lobby del Museo de Arte de Dallas.<\/p>\n<p>En el evento, estuvo presente el c\u00f3nsul de M\u00e9xico en Dallas, Francisco de la Torre Galindo. \u201cEsta exhibici\u00f3n nos ense\u00f1a claramente que los muros, solo fueron hechos para hacer murales\u201d, coment\u00f3 De la Torre.<\/p>\n<p>Arteaga, quien en julio pasado fue nombrado director del DMA, dijo por su parte que el Museo de Arte de Dallas tiene una rica historia de recolecci\u00f3n y presentaci\u00f3n de arte mexicano al haber hospedado 30 exhibiciones desde la d\u00e9cada de los a\u00f1os 30.<\/p>\n<p>Destaco que el DMA es una de las instituciones con m\u00e1s arte mexicano en Estados Unidos e indic\u00f3 que esta exposici\u00f3n ofrece la oportunidad de descubrir y explorar en profundidad las voces diversas y vibrantes que distinguen al arte mexicano durante la primera mitad del siglo XX.<\/p>\n<p>Arteaga expres\u00f3 que esta exposici\u00f3n \u201cmuestra no s\u00f3lo a los grandes del arte mexicano, sino tambi\u00e9n a aquellos que pudieron haber sido eclipsados a nivel internacional por nombres como Rivera y Kahlo.<\/p>\n<p>La exposici\u00f3n \u201cayuda a ampliar nuestra comprensi\u00f3n de lo que significa el arte mexicano moderno y a diversificar las narrativas art\u00edsticas atribuidas al pa\u00eds &#8220;, se\u00f1al\u00f3.<\/p>\n<p>La muestra incluye obras reconocidas mundialmente como \u201cLas Dos Fridas\u201d de Frida Khalo, \u201cLas soldaderas\u201d de Jos\u00e9 Clemente Orozco; \u201cEl Coronelazo\u201d (autorretrato) de David Alfaro Siqueiros; \u201cLa vendedora de Frutas\u201d de Olga Costa y \u201cR\u00edo Juchit\u00e1n\u201d de Diego Rivera\u201d, entre otros.<\/p>\n<p>En la exposici\u00f3n destacan tambi\u00e9n obras del escultor German Cueto, de los pintores Manuel Rodr\u00edguez Lozano, Abraham \u00c1ngel, Roberto Montenegro y Rufino Tamayo.<\/p>\n<p>El DMA explic\u00f3 en un comunicado que \u201cM\u00e9xico 1900-1950 revela c\u00f3mo el arte mexicano del siglo XXI est\u00e1 directamente vinculado a la vanguardia internacional y se distingue por una incre\u00edble singularidad, forjada en parte por el trastorno y la transformaci\u00f3n causados por la Revoluci\u00f3n Mexicana&#8221;.<\/p>\n<p>Agrego que la exposici\u00f3n \u201ccomienza con una introducci\u00f3n a las im\u00e1genes y tradiciones del siglo XIX que precedieron y, a su vez, inspiraron el modernismo mexicano, e incluyen obras producidas por artistas mexicanos que vivieron y trabajaron en Par\u00eds a principios de siglo\u201d.<\/p>\n<p>A trav\u00e9s de la exposici\u00f3n tambi\u00e9n se examina c\u00f3mo la Revoluci\u00f3n ayud\u00f3 a consolidar una nueva identidad nacional y una cultura visual en M\u00e9xico, como encarnan los murales de Rivera, Orozco y David Alfaro Siqueiros.<\/p>\n<p>La muestra ha sido organizada tem\u00e1ticamente y est\u00e1 presentada con material explicativo en ingl\u00e9s y espa\u00f1ol.<\/p>\n<p>La exposici\u00f3n, que en meses pasados se exhibi\u00f3 en el \u201cGrand Palais\u201d en Par\u00eds, fue tra\u00edda a Dallas mediante un esfuerzo de colaboraci\u00f3n entre el DMA, la Secretaria de Cultura de M\u00e9xico, el Instituto Nacional de las Bellas Artes (INBA) y el Centro para el Liderazgo y Desarrollo Latino de Dallas.<\/p>\n<p>Dallas ser\u00e1 la \u00fanica ciudad de Estados Unidos donde se montar\u00e1 la exposici\u00f3n, que abrir\u00e1 oficialmente al p\u00fablico este domingo y permanecer\u00e1 abierta hasta el 16 de julio\u00a0pr\u00f3ximo.<\/p>\n<\/div>\n<p>&nbsp;<\/p>\n","protected":false},"excerpt":{"rendered":"<p>DALLAS, 09 de marzo, (AGENCIAS \/ C\u00cdRCULO DIGITAL).-\u00a0Por Francisco Trujillo.\u00a0La cultura une a las naciones m\u00e1s all\u00e1 de las fronteras&#8230;<\/p>\n","protected":false},"author":1,"featured_media":0,"comment_status":"closed","ping_status":"closed","sticky":false,"template":"","format":"standard","meta":{"footnotes":""},"categories":[1796,73],"tags":[332,77],"class_list":["post-53420","post","type-post","status-publish","format-standard","hentry","category-circulodigital","category-principal","tag-mexico","tag-principal"],"yoast_head":"<!-- This site is optimized with the Yoast SEO plugin v26.5 - https:\/\/yoast.com\/wordpress\/plugins\/seo\/ -->\n<title>Cultura une a las naciones m\u00e1s all\u00e1 de fronteras y muros: Garc\u00eda Cepeda - NOTICIAS<\/title>\n<meta name=\"robots\" content=\"index, follow, max-snippet:-1, max-image-preview:large, max-video-preview:-1\" \/>\n<link rel=\"canonical\" href=\"https:\/\/laredsocial-noticias.com\/wp\/cultura-une-a-las-naciones-mas-alla-de-fronteras-y-muros-garcia-cepeda\/\" \/>\n<meta property=\"og:locale\" content=\"es_ES\" \/>\n<meta property=\"og:type\" content=\"article\" \/>\n<meta property=\"og:title\" content=\"Cultura une a las naciones m\u00e1s all\u00e1 de fronteras y muros: Garc\u00eda Cepeda - NOTICIAS\" \/>\n<meta property=\"og:description\" content=\"DALLAS, 09 de marzo, (AGENCIAS \/ C\u00cdRCULO DIGITAL).-\u00a0Por Francisco Trujillo.\u00a0La cultura une a las naciones m\u00e1s all\u00e1 de las fronteras...\" \/>\n<meta property=\"og:url\" content=\"https:\/\/laredsocial-noticias.com\/wp\/cultura-une-a-las-naciones-mas-alla-de-fronteras-y-muros-garcia-cepeda\/\" \/>\n<meta property=\"og:site_name\" content=\"NOTICIAS\" \/>\n<meta property=\"article:published_time\" content=\"2017-03-10T01:20:38+00:00\" \/>\n<meta property=\"article:modified_time\" content=\"2017-03-10T01:20:45+00:00\" \/>\n<meta property=\"og:image\" content=\"https:\/\/laredsocial-noticias.com\/wp\/wp-content\/uploads\/2017\/03\/expo.jpg\" \/>\n\t<meta property=\"og:image:width\" content=\"650\" \/>\n\t<meta property=\"og:image:height\" content=\"432\" \/>\n\t<meta property=\"og:image:type\" content=\"image\/jpeg\" \/>\n<meta name=\"author\" content=\"Editor en Jefe\" \/>\n<meta name=\"twitter:card\" content=\"summary_large_image\" \/>\n<meta name=\"twitter:label1\" content=\"Escrito por\" \/>\n\t<meta name=\"twitter:data1\" content=\"Editor en Jefe\" \/>\n\t<meta name=\"twitter:label2\" content=\"Tiempo de lectura\" \/>\n\t<meta name=\"twitter:data2\" content=\"4 minutos\" \/>\n<!-- \/ Yoast SEO plugin. -->","yoast_head_json":{"title":"Cultura une a las naciones m\u00e1s all\u00e1 de fronteras y muros: Garc\u00eda Cepeda - NOTICIAS","robots":{"index":"index","follow":"follow","max-snippet":"max-snippet:-1","max-image-preview":"max-image-preview:large","max-video-preview":"max-video-preview:-1"},"canonical":"https:\/\/laredsocial-noticias.com\/wp\/cultura-une-a-las-naciones-mas-alla-de-fronteras-y-muros-garcia-cepeda\/","og_locale":"es_ES","og_type":"article","og_title":"Cultura une a las naciones m\u00e1s all\u00e1 de fronteras y muros: Garc\u00eda Cepeda - NOTICIAS","og_description":"DALLAS, 09 de marzo, (AGENCIAS \/ C\u00cdRCULO DIGITAL).-\u00a0Por Francisco Trujillo.\u00a0La cultura une a las naciones m\u00e1s all\u00e1 de las fronteras...","og_url":"https:\/\/laredsocial-noticias.com\/wp\/cultura-une-a-las-naciones-mas-alla-de-fronteras-y-muros-garcia-cepeda\/","og_site_name":"NOTICIAS","article_published_time":"2017-03-10T01:20:38+00:00","article_modified_time":"2017-03-10T01:20:45+00:00","og_image":[{"width":650,"height":432,"url":"https:\/\/laredsocial-noticias.com\/wp\/wp-content\/uploads\/2017\/03\/expo.jpg","type":"image\/jpeg"}],"author":"Editor en Jefe","twitter_card":"summary_large_image","twitter_misc":{"Escrito por":"Editor en Jefe","Tiempo de lectura":"4 minutos"},"schema":{"@context":"https:\/\/schema.org","@graph":[{"@type":"WebPage","@id":"https:\/\/laredsocial-noticias.com\/wp\/cultura-une-a-las-naciones-mas-alla-de-fronteras-y-muros-garcia-cepeda\/","url":"https:\/\/laredsocial-noticias.com\/wp\/cultura-une-a-las-naciones-mas-alla-de-fronteras-y-muros-garcia-cepeda\/","name":"Cultura une a las naciones m\u00e1s all\u00e1 de fronteras y muros: Garc\u00eda Cepeda - NOTICIAS","isPartOf":{"@id":"https:\/\/laredsocial-noticias.com\/wp\/#website"},"datePublished":"2017-03-10T01:20:38+00:00","dateModified":"2017-03-10T01:20:45+00:00","author":{"@id":"https:\/\/laredsocial-noticias.com\/wp\/#\/schema\/person\/0ce78643f2de7aae6f6ef10e8453a6e0"},"breadcrumb":{"@id":"https:\/\/laredsocial-noticias.com\/wp\/cultura-une-a-las-naciones-mas-alla-de-fronteras-y-muros-garcia-cepeda\/#breadcrumb"},"inLanguage":"es","potentialAction":[{"@type":"ReadAction","target":["https:\/\/laredsocial-noticias.com\/wp\/cultura-une-a-las-naciones-mas-alla-de-fronteras-y-muros-garcia-cepeda\/"]}]},{"@type":"BreadcrumbList","@id":"https:\/\/laredsocial-noticias.com\/wp\/cultura-une-a-las-naciones-mas-alla-de-fronteras-y-muros-garcia-cepeda\/#breadcrumb","itemListElement":[{"@type":"ListItem","position":1,"name":"Portada","item":"https:\/\/laredsocial-noticias.com\/wp\/"},{"@type":"ListItem","position":2,"name":"Cultura une a las naciones m\u00e1s all\u00e1 de fronteras y muros: Garc\u00eda Cepeda"}]},{"@type":"WebSite","@id":"https:\/\/laredsocial-noticias.com\/wp\/#website","url":"https:\/\/laredsocial-noticias.com\/wp\/","name":"NOTICIAS","description":"Lo que se ve y se dice en las redes sociales","potentialAction":[{"@type":"SearchAction","target":{"@type":"EntryPoint","urlTemplate":"https:\/\/laredsocial-noticias.com\/wp\/?s={search_term_string}"},"query-input":{"@type":"PropertyValueSpecification","valueRequired":true,"valueName":"search_term_string"}}],"inLanguage":"es"},{"@type":"Person","@id":"https:\/\/laredsocial-noticias.com\/wp\/#\/schema\/person\/0ce78643f2de7aae6f6ef10e8453a6e0","name":"Editor en Jefe","url":"https:\/\/laredsocial-noticias.com\/wp\/author\/jorgeochoa\/"}]}},"_links":{"self":[{"href":"https:\/\/laredsocial-noticias.com\/wp\/wp-json\/wp\/v2\/posts\/53420","targetHints":{"allow":["GET"]}}],"collection":[{"href":"https:\/\/laredsocial-noticias.com\/wp\/wp-json\/wp\/v2\/posts"}],"about":[{"href":"https:\/\/laredsocial-noticias.com\/wp\/wp-json\/wp\/v2\/types\/post"}],"author":[{"embeddable":true,"href":"https:\/\/laredsocial-noticias.com\/wp\/wp-json\/wp\/v2\/users\/1"}],"replies":[{"embeddable":true,"href":"https:\/\/laredsocial-noticias.com\/wp\/wp-json\/wp\/v2\/comments?post=53420"}],"version-history":[{"count":1,"href":"https:\/\/laredsocial-noticias.com\/wp\/wp-json\/wp\/v2\/posts\/53420\/revisions"}],"predecessor-version":[{"id":53421,"href":"https:\/\/laredsocial-noticias.com\/wp\/wp-json\/wp\/v2\/posts\/53420\/revisions\/53421"}],"wp:attachment":[{"href":"https:\/\/laredsocial-noticias.com\/wp\/wp-json\/wp\/v2\/media?parent=53420"}],"wp:term":[{"taxonomy":"category","embeddable":true,"href":"https:\/\/laredsocial-noticias.com\/wp\/wp-json\/wp\/v2\/categories?post=53420"},{"taxonomy":"post_tag","embeddable":true,"href":"https:\/\/laredsocial-noticias.com\/wp\/wp-json\/wp\/v2\/tags?post=53420"}],"curies":[{"name":"wp","href":"https:\/\/api.w.org\/{rel}","templated":true}]}}