{"id":54060,"date":"2017-03-14T16:42:33","date_gmt":"2017-03-14T22:42:33","guid":{"rendered":"http:\/\/laredsocial-noticias.com\/wp\/?p=54060"},"modified":"2017-03-14T17:42:47","modified_gmt":"2017-03-14T22:42:47","slug":"texaco-pospone-apertura-de-gasolineras-en-mexico","status":"publish","type":"post","link":"https:\/\/laredsocial-noticias.com\/wp\/texaco-pospone-apertura-de-gasolineras-en-mexico\/","title":{"rendered":"Texaco pospone apertura de gasolineras en M\u00e9xico"},"content":{"rendered":"<p><strong>CIUDAD DE M\u00c9XICO, 14 de marzo, (ESFERA EMPRESARIAL\/C\u00cdRCULO DIGITAL).\u2014 \u00a0<\/strong>El director de Operaciones de la empresa, Jes\u00fas Montoya, dijo que este 2017 ha sido muy movido por el tema de los precios y los cambios diarios, adem\u00e1s de que su zona es la \u00faltima en terminar el proceso de manera completa de liberalizaci\u00f3n.<\/p>\n<p>\u201cHasta que no tengamos bien aterrizadas esas ideas que est\u00e1n pendientes. Preferimos reorganizarnos, para que cuando nos atrevamos a lanzar otro proyecto comience s\u00f3lido\u201d, afirm\u00f3.<\/p>\n<p>En opini\u00f3n del directivo de la cadena de estaciones de servicio, la reorganizaci\u00f3n del plan para traer la marca se refiere a tiempos y c\u00f3mos, referente a la infraestructura, pero la idea no est\u00e1 descartada.<\/p>\n<p>\u201cNosotros preferimos ser un poco m\u00e1s prudentes a ser los primeros, hay mucha gente que cree que llegar primero es mejor, nosotros creemos que no hay que llegar primero, sino hay que saber llegar\u201d, precis\u00f3 Jes\u00fas Montoya.<\/p>\n<p>Y es que, detall\u00f3, prefieren esperar a que \u201clas cosas se vayan aterrizando\u201d, para que cuando lancen sus pr\u00f3ximos proyectos sea en los tiempos adecuados, donde ya existan las condiciones comerciales y funcionar con mucha velocidad.<\/p>\n<p>\u201cQuiz\u00e1 ahora si nos precipitamos ganamos un poco de presencia, pero perdemos eficiencia y velocidad\u2026 de nada sirve ahora adelantarnos a cambiar im\u00e1genes, nombres, cuando el producto que vas a tener es id\u00e9ntico a los dem\u00e1s y no hay diferenciaci\u00f3n\u201d, agreg\u00f3.<\/p>\n<p>En octubre del a\u00f1o pasado, FullGas anunci\u00f3 que traer\u00eda al pa\u00eds la marca Chevron-Texaco para el segundo semestre de 2017, con la transformaci\u00f3n de sus estaciones de servicio que cumplan con los par\u00e1metros y la comercializaci\u00f3n de combustible de tecnolog\u00eda m\u00e1s eficiente.<\/p>\n<p>En su momento, el CEO de la empresa, Sebasti\u00e1n Figueroa, dijo que estaban en un proceso de estudios de mercado, valoraci\u00f3n del perfil de la gasolinera actual de M\u00e9xico y las que est\u00e1n en construcci\u00f3n para ver cu\u00e1les califican para representar la marca Texaco y aquellas que no cumplan con los est\u00e1ndares seguir\u00e1n como Pemex.<\/p>\n<p>En la actualidad, la compa\u00f1\u00eda cuenta con 50 estaciones en M\u00e9xico, adem\u00e1s de 30 distribuidas en Guatemala y Honduras; sin embargo, a mediano plazo, buscar\u00e1n incrementar su presencia en el pa\u00eds y llegar a las 200 gasolineras.<\/p>\n","protected":false},"excerpt":{"rendered":"<p>CIUDAD DE M\u00c9XICO, 14 de marzo, (ESFERA EMPRESARIAL\/C\u00cdRCULO DIGITAL).\u2014 \u00a0El director de Operaciones de la empresa, Jes\u00fas Montoya, dijo que&#8230;<\/p>\n","protected":false},"author":1,"featured_media":0,"comment_status":"closed","ping_status":"closed","sticky":false,"template":"","format":"standard","meta":{"footnotes":""},"categories":[1796,1996,73],"tags":[222,77],"class_list":["post-54060","post","type-post","status-publish","format-standard","hentry","category-circulodigital","category-finanzas","category-principal","tag-finanzas","tag-principal"],"yoast_head":"<!-- This site is optimized with the Yoast SEO plugin v26.5 - https:\/\/yoast.com\/wordpress\/plugins\/seo\/ -->\n<title>Texaco pospone apertura de gasolineras en M\u00e9xico - NOTICIAS<\/title>\n<meta name=\"robots\" content=\"index, follow, max-snippet:-1, max-image-preview:large, max-video-preview:-1\" \/>\n<link rel=\"canonical\" href=\"https:\/\/laredsocial-noticias.com\/wp\/texaco-pospone-apertura-de-gasolineras-en-mexico\/\" \/>\n<meta property=\"og:locale\" content=\"es_ES\" \/>\n<meta property=\"og:type\" content=\"article\" \/>\n<meta property=\"og:title\" content=\"Texaco pospone apertura de gasolineras en M\u00e9xico - NOTICIAS\" \/>\n<meta property=\"og:description\" content=\"CIUDAD DE M\u00c9XICO, 14 de marzo, (ESFERA EMPRESARIAL\/C\u00cdRCULO DIGITAL).\u2014 \u00a0El director de Operaciones de la empresa, Jes\u00fas Montoya, dijo que...\" \/>\n<meta property=\"og:url\" content=\"https:\/\/laredsocial-noticias.com\/wp\/texaco-pospone-apertura-de-gasolineras-en-mexico\/\" \/>\n<meta property=\"og:site_name\" content=\"NOTICIAS\" \/>\n<meta property=\"article:published_time\" content=\"2017-03-14T22:42:33+00:00\" \/>\n<meta property=\"article:modified_time\" content=\"2017-03-14T22:42:47+00:00\" \/>\n<meta property=\"og:image\" content=\"https:\/\/laredsocial-noticias.com\/wp\/wp-content\/uploads\/2017\/03\/Texaco.jpg\" \/>\n\t<meta property=\"og:image:width\" content=\"600\" \/>\n\t<meta property=\"og:image:height\" content=\"338\" \/>\n\t<meta property=\"og:image:type\" content=\"image\/jpeg\" \/>\n<meta name=\"author\" content=\"Editor en Jefe\" \/>\n<meta name=\"twitter:card\" content=\"summary_large_image\" \/>\n<meta name=\"twitter:label1\" content=\"Escrito por\" \/>\n\t<meta name=\"twitter:data1\" content=\"Editor en Jefe\" \/>\n\t<meta name=\"twitter:label2\" content=\"Tiempo de lectura\" \/>\n\t<meta name=\"twitter:data2\" content=\"2 minutos\" \/>\n<!-- \/ Yoast SEO plugin. -->","yoast_head_json":{"title":"Texaco pospone apertura de gasolineras en M\u00e9xico - NOTICIAS","robots":{"index":"index","follow":"follow","max-snippet":"max-snippet:-1","max-image-preview":"max-image-preview:large","max-video-preview":"max-video-preview:-1"},"canonical":"https:\/\/laredsocial-noticias.com\/wp\/texaco-pospone-apertura-de-gasolineras-en-mexico\/","og_locale":"es_ES","og_type":"article","og_title":"Texaco pospone apertura de gasolineras en M\u00e9xico - NOTICIAS","og_description":"CIUDAD DE M\u00c9XICO, 14 de marzo, (ESFERA EMPRESARIAL\/C\u00cdRCULO DIGITAL).\u2014 \u00a0El director de Operaciones de la empresa, Jes\u00fas Montoya, dijo que...","og_url":"https:\/\/laredsocial-noticias.com\/wp\/texaco-pospone-apertura-de-gasolineras-en-mexico\/","og_site_name":"NOTICIAS","article_published_time":"2017-03-14T22:42:33+00:00","article_modified_time":"2017-03-14T22:42:47+00:00","og_image":[{"width":600,"height":338,"url":"https:\/\/laredsocial-noticias.com\/wp\/wp-content\/uploads\/2017\/03\/Texaco.jpg","type":"image\/jpeg"}],"author":"Editor en Jefe","twitter_card":"summary_large_image","twitter_misc":{"Escrito por":"Editor en Jefe","Tiempo de lectura":"2 minutos"},"schema":{"@context":"https:\/\/schema.org","@graph":[{"@type":"WebPage","@id":"https:\/\/laredsocial-noticias.com\/wp\/texaco-pospone-apertura-de-gasolineras-en-mexico\/","url":"https:\/\/laredsocial-noticias.com\/wp\/texaco-pospone-apertura-de-gasolineras-en-mexico\/","name":"Texaco pospone apertura de gasolineras en M\u00e9xico - NOTICIAS","isPartOf":{"@id":"https:\/\/laredsocial-noticias.com\/wp\/#website"},"datePublished":"2017-03-14T22:42:33+00:00","dateModified":"2017-03-14T22:42:47+00:00","author":{"@id":"https:\/\/laredsocial-noticias.com\/wp\/#\/schema\/person\/0ce78643f2de7aae6f6ef10e8453a6e0"},"breadcrumb":{"@id":"https:\/\/laredsocial-noticias.com\/wp\/texaco-pospone-apertura-de-gasolineras-en-mexico\/#breadcrumb"},"inLanguage":"es","potentialAction":[{"@type":"ReadAction","target":["https:\/\/laredsocial-noticias.com\/wp\/texaco-pospone-apertura-de-gasolineras-en-mexico\/"]}]},{"@type":"BreadcrumbList","@id":"https:\/\/laredsocial-noticias.com\/wp\/texaco-pospone-apertura-de-gasolineras-en-mexico\/#breadcrumb","itemListElement":[{"@type":"ListItem","position":1,"name":"Portada","item":"https:\/\/laredsocial-noticias.com\/wp\/"},{"@type":"ListItem","position":2,"name":"Texaco pospone apertura de gasolineras en M\u00e9xico"}]},{"@type":"WebSite","@id":"https:\/\/laredsocial-noticias.com\/wp\/#website","url":"https:\/\/laredsocial-noticias.com\/wp\/","name":"NOTICIAS","description":"Lo que se ve y se dice en las redes sociales","potentialAction":[{"@type":"SearchAction","target":{"@type":"EntryPoint","urlTemplate":"https:\/\/laredsocial-noticias.com\/wp\/?s={search_term_string}"},"query-input":{"@type":"PropertyValueSpecification","valueRequired":true,"valueName":"search_term_string"}}],"inLanguage":"es"},{"@type":"Person","@id":"https:\/\/laredsocial-noticias.com\/wp\/#\/schema\/person\/0ce78643f2de7aae6f6ef10e8453a6e0","name":"Editor en Jefe","url":"https:\/\/laredsocial-noticias.com\/wp\/author\/jorgeochoa\/"}]}},"_links":{"self":[{"href":"https:\/\/laredsocial-noticias.com\/wp\/wp-json\/wp\/v2\/posts\/54060","targetHints":{"allow":["GET"]}}],"collection":[{"href":"https:\/\/laredsocial-noticias.com\/wp\/wp-json\/wp\/v2\/posts"}],"about":[{"href":"https:\/\/laredsocial-noticias.com\/wp\/wp-json\/wp\/v2\/types\/post"}],"author":[{"embeddable":true,"href":"https:\/\/laredsocial-noticias.com\/wp\/wp-json\/wp\/v2\/users\/1"}],"replies":[{"embeddable":true,"href":"https:\/\/laredsocial-noticias.com\/wp\/wp-json\/wp\/v2\/comments?post=54060"}],"version-history":[{"count":1,"href":"https:\/\/laredsocial-noticias.com\/wp\/wp-json\/wp\/v2\/posts\/54060\/revisions"}],"predecessor-version":[{"id":54061,"href":"https:\/\/laredsocial-noticias.com\/wp\/wp-json\/wp\/v2\/posts\/54060\/revisions\/54061"}],"wp:attachment":[{"href":"https:\/\/laredsocial-noticias.com\/wp\/wp-json\/wp\/v2\/media?parent=54060"}],"wp:term":[{"taxonomy":"category","embeddable":true,"href":"https:\/\/laredsocial-noticias.com\/wp\/wp-json\/wp\/v2\/categories?post=54060"},{"taxonomy":"post_tag","embeddable":true,"href":"https:\/\/laredsocial-noticias.com\/wp\/wp-json\/wp\/v2\/tags?post=54060"}],"curies":[{"name":"wp","href":"https:\/\/api.w.org\/{rel}","templated":true}]}}