{"id":54202,"date":"2017-03-15T11:12:39","date_gmt":"2017-03-15T17:12:39","guid":{"rendered":"http:\/\/laredsocial-noticias.com\/wp\/?p=54202"},"modified":"2017-03-15T12:12:46","modified_gmt":"2017-03-15T17:12:46","slug":"al-filo-de-2","status":"publish","type":"post","link":"https:\/\/laredsocial-noticias.com\/wp\/al-filo-de-2\/","title":{"rendered":"Al filo de\u2026"},"content":{"rendered":"<h2 style=\"text-align: center;\"><strong>Por la Espiral<\/strong><\/h2>\n<h4><strong>*Claudia Luna Palencia<\/strong><\/h4>\n<p class=\"x_MsoNormal\">\u00a0 \u00a0 \u00a0 \u00a0 \u00a0 \u00a0 Cerca del filo de las 10.30 de la ma\u00f1ana hora de Nevada, el equipo de Donald Trump denunci\u00f3 irregularidades electorales en un condado de dicho estado ubicado al oeste de Estados Unidos.<\/p>\n<p class=\"x_MsoNormal\">\u00a0\u00a0\u00a0\u00a0\u00a0\u00a0\u00a0\u00a0\u00a0\u00a0\u00a0 El mismo estado en el que d\u00edas previos al cierre de su campa\u00f1a sali\u00f3 huyendo de un \u00a0templete ante el temor de un atentado con arma de fuego; y el mismo en el que el presidente Barack Obama gan\u00f3 \u00a0las elecciones \u2013las dos veces-\u00a0 para liderar el destino de la Uni\u00f3n Americana.<\/p>\n<p class=\"x_MsoNormal\">\u00a0\u00a0\u00a0\u00a0\u00a0\u00a0\u00a0\u00a0\u00a0\u00a0\u00a0 \u00a1Vaya elecciones m\u00e1s re\u00f1idas! Estamos atestiguando lo dif\u00edcil que en cada elecci\u00f3n es parir democracia sobre todo por la polarizaci\u00f3n de los votantes pero primordialmente por la creciente apat\u00eda, el ostracismo ciudadano y el abstencionismo.<\/p>\n<p class=\"x_MsoNormal\">\u00a0\u00a0\u00a0\u00a0\u00a0\u00a0\u00a0\u00a0\u00a0\u00a0\u00a0 Entre m\u00e1s ensancha el desencanto ciudadano traducido en abstencionismo puro y duro m\u00e1s incrementan los m\u00e1rgenes de la polarizaci\u00f3n ciudadana haciendo huecos para que en unos casos emerjan con fuerza pol\u00edticas extremas y en otros, con arrojadizos resultados electorales tan controvertidos por la \u00ednfima diferencia de votos entre los candidatos punteros que el proceso de parto democr\u00e1tico se convierte en una odisea de f\u00f3rceps.<\/p>\n<p class=\"x_MsoNormal\">\u00a0\u00a0\u00a0\u00a0\u00a0\u00a0\u00a0\u00a0\u00a0\u00a0\u00a0 Observemos bien los procesos electorales recientes: en los pa\u00edses en los que existe una menor proclividad hacia la democracia m\u00e1s acostumbrados a los reg\u00edmenes populistas, incluso con una historia de gobiernos militares o golpistas el proceso no es tan cuestionado como acontece en democracias m\u00e1s maduras.<\/p>\n<p class=\"x_MsoNormal\">\u00a0\u00a0\u00a0\u00a0\u00a0\u00a0\u00a0\u00a0\u00a0\u00a0\u00a0 Nadie le ha increpado al sandinista Daniel Ortega, su tercer periodo al hilo al frente de la Presidencia en Nicaragua, \u00a0o impidi\u00f3 le perpetuaci\u00f3n en el poder de Hugo Ch\u00e1vez en Venezuela a tal grado que hasta moribundo le encarg\u00f3 \u00a0\u201csu patria chica\u201d a Nicol\u00e1s Maduro.<\/p>\n<p class=\"x_MsoNormal\">\u00a0\u00a0\u00a0\u00a0\u00a0\u00a0\u00a0\u00a0\u00a0\u00a0\u00a0 Sin embargo, donde las cosas se ponen m\u00e1s feas es en los pa\u00edses en los que la democracia se defiende desde las bases, las leyes y las instituciones; ah\u00ed es donde los rifirrafes est\u00e1n siendo m\u00e1s fuertes y en los que est\u00e1 costando m\u00e1s embridar toda la maquinaria democr\u00e1tica atenazada por muchos factores adem\u00e1s del aumento de la apat\u00eda, del abstencionismo tambi\u00e9n del populismo.<\/p>\n<p class=\"x_MsoNormal\">\u00a0\u00a0\u00a0\u00a0\u00a0\u00a0\u00a0\u00a0\u00a0\u00a0\u00a0 Una diferencia de medio punto porcentual entre un candidato y otro puede significar un escaso pu\u00f1ado de votos y eso pone a\u00a0 prueba la fortaleza de la democracia tanto de hecho como \u00a0institucional.<\/p>\n<p class=\"x_MsoNormal\">\u00a0\u00a0\u00a0\u00a0\u00a0\u00a0\u00a0\u00a0\u00a0\u00a0\u00a0 Al respecto, el portal de la Embajada de Estados Unidos en Espa\u00f1a representada por James Costos, recuerda que en el a\u00f1o 2000 entre George W. Bush y Al Gore existi\u00f3 una diferencia de 537 votos entonces \u201cGore gan\u00f3 el voto popular pero perdi\u00f3 en el colegio electoral\u201d.<\/p>\n<p class=\"x_MsoNormal\">\u00a0\u00a0\u00a0\u00a0\u00a0\u00a0\u00a0\u00a0\u00a0\u00a0\u00a0 Y en efecto, el Tribunal Supremo decidi\u00f3 qui\u00e9n de los dos era el candidato ganador, y se\u00f1al\u00f3 a Bush quien para su buena fortuna cont\u00f3 con un \u00a0contrincante que no quiso cuestionar la fiabilidad del entramado democr\u00e1tico norteamericano y entonces acept\u00f3 la derrota.<\/p>\n<p class=\"x_MsoNormal\"><b>A COLACI\u00d3N<\/b><\/p>\n<p class=\"x_MsoNormal\">\u00a0\u00a0\u00a0\u00a0\u00a0\u00a0\u00a0\u00a0\u00a0\u00a0\u00a0 Yo escribo esta columna sin saber qui\u00e9n \u2013Hillary Clinton o Donald Trump- lograr\u00e1 finalmente la victoria electoral para dirigir los destinos de la todav\u00eda naci\u00f3n m\u00e1s poderosa del mundo.<\/p>\n<p class=\"x_MsoNormal\">\u00a0\u00a0\u00a0\u00a0\u00a0\u00a0\u00a0\u00a0\u00a0\u00a0\u00a0 La moneda est\u00e1 en el aire y lo digo muy consciente despu\u00e9s de que TODAS las encuestas fallaron con el Brexit y en el refer\u00e9ndum de Colombia y las FARC.<\/p>\n<p class=\"x_MsoNormal\">\u00a0\u00a0\u00a0\u00a0\u00a0\u00a0\u00a0\u00a0\u00a0\u00a0\u00a0 Y tambi\u00e9n despu\u00e9s de descartar -como economista- que los mercados con su volubilidad sirvan de catalizadores para darnos respuestas fehacientes m\u00e1xime que son v\u00edctimas de la especulaci\u00f3n, el nerviosismo y la volatilidad.\u00a0 No nos sirven de term\u00f3metros, las bolsas europeas se ti\u00f1eron de rojo la semana pasada cuando el FBI dijo que segu\u00eda investigando a Clinton y vivieron un rally alcista el lunes 7 de noviembre gracias a que el mismo FBI dio por cerrada la pesquisa de los mails de la candidata dem\u00f3crata.<\/p>\n<p class=\"x_MsoNormal\">\u00a0\u00a0\u00a0\u00a0\u00a0\u00a0\u00a0\u00a0\u00a0\u00a0\u00a0 Lunes y martes los mercados burs\u00e1tiles europeos actuaron dando por descontado un triunfo de Clinton aunque la diferencia entre uno y otro candidato es marginal, m\u00ednima e irrisoria y el propio Trump lleva d\u00edas denunciando \u201cun fraude del sistema contra \u00e9l\u201d.<\/p>\n<p class=\"x_MsoNormal\">\u00a0\u00a0\u00a0\u00a0\u00a0\u00a0\u00a0\u00a0\u00a0\u00a0\u00a0 Por ende estamos al filo de todo lo posible y hasta de lo imposible, de lo blanco y lo negro\u2026 de los claroscuros; el primer impacto s\u00faper negativo que \u00a0sufrir\u00eda la Bolsa Mexicana de Valores (BMV) si gana Trump como aventura Pablo Gil, director de M\u00e9todo Trading, el IPyC podr\u00eda caer de golpe hasta los 45 mil puntos y despu\u00e9s llegar gradualmente hasta los 41 mil puntos; todo lo contrario acontecer\u00eda si es Hillary la que tiene la victoria porque el IPyC subir\u00eda hasta los 55 mil puntos.<\/p>\n<p class=\"x_MsoNormal\">\u00a0\u00a0\u00a0\u00a0\u00a0\u00a0\u00a0\u00a0\u00a0\u00a0\u00a0 \u00bfEl peso y el d\u00f3lar? \u00a1Abr\u00f3chense los cinturones! Si es Trump quien gobernar\u00e1, seg\u00fan Gil, la moneda azteca se devaluar\u00e1 hasta los 22 pesos por d\u00f3lar; y si es Hillary, el peso podr\u00eda regresar a los 17.30. \u00bfY si no hay ganador inmediato? \u00bfY si Trump cuestiona el sistema y es un candidato canalla que se resiste a perder? \u00a1Puff! Eso ser\u00eda estar al filo de\u2026<\/p>\n<h5 class=\"x_MsoNormal\"><strong>@claudialunapale<\/strong><\/h5>\n","protected":false},"excerpt":{"rendered":"<p>Cerca del filo de las 10.30 de la ma\u00f1ana hora de Nevada, el equipo de Donald Trump denunci\u00f3 irregularidades electorales en un condado de dicho estado ubicado al oeste de Estados Unidos.<\/p>\n","protected":false},"author":1,"featured_media":0,"comment_status":"closed","ping_status":"closed","sticky":false,"template":"","format":"standard","meta":{"footnotes":""},"categories":[1796,697,73],"tags":[696,1059,77],"class_list":["post-54202","post","type-post","status-publish","format-standard","hentry","category-circulodigital","category-opinion","category-principal","tag-columnas","tag-opinion","tag-principal"],"yoast_head":"<!-- This site is optimized with the Yoast SEO plugin v26.5 - https:\/\/yoast.com\/wordpress\/plugins\/seo\/ -->\n<title>Al filo de\u2026 - NOTICIAS<\/title>\n<meta name=\"robots\" content=\"index, follow, max-snippet:-1, max-image-preview:large, max-video-preview:-1\" \/>\n<link rel=\"canonical\" href=\"https:\/\/laredsocial-noticias.com\/wp\/al-filo-de-2\/\" \/>\n<meta property=\"og:locale\" content=\"es_ES\" \/>\n<meta property=\"og:type\" content=\"article\" \/>\n<meta property=\"og:title\" content=\"Al filo de\u2026 - NOTICIAS\" \/>\n<meta property=\"og:description\" content=\"Cerca del filo de las 10.30 de la ma\u00f1ana hora de Nevada, el equipo de Donald Trump denunci\u00f3 irregularidades electorales en un condado de dicho estado ubicado al oeste de Estados Unidos.\" \/>\n<meta property=\"og:url\" content=\"https:\/\/laredsocial-noticias.com\/wp\/al-filo-de-2\/\" \/>\n<meta property=\"og:site_name\" content=\"NOTICIAS\" \/>\n<meta property=\"article:published_time\" content=\"2017-03-15T17:12:39+00:00\" \/>\n<meta property=\"article:modified_time\" content=\"2017-03-15T17:12:46+00:00\" \/>\n<meta property=\"og:image\" content=\"https:\/\/laredsocial-noticias.com\/wp\/wp-content\/uploads\/2017\/03\/Donald-Trump2.jpg\" \/>\n\t<meta property=\"og:image:width\" content=\"600\" \/>\n\t<meta property=\"og:image:height\" content=\"337\" \/>\n\t<meta property=\"og:image:type\" content=\"image\/jpeg\" \/>\n<meta name=\"author\" content=\"Editor en Jefe\" \/>\n<meta name=\"twitter:card\" content=\"summary_large_image\" \/>\n<meta name=\"twitter:label1\" content=\"Escrito por\" \/>\n\t<meta name=\"twitter:data1\" content=\"Editor en Jefe\" \/>\n\t<meta name=\"twitter:label2\" content=\"Tiempo de lectura\" \/>\n\t<meta name=\"twitter:data2\" content=\"4 minutos\" \/>\n<!-- \/ Yoast SEO plugin. -->","yoast_head_json":{"title":"Al filo de\u2026 - NOTICIAS","robots":{"index":"index","follow":"follow","max-snippet":"max-snippet:-1","max-image-preview":"max-image-preview:large","max-video-preview":"max-video-preview:-1"},"canonical":"https:\/\/laredsocial-noticias.com\/wp\/al-filo-de-2\/","og_locale":"es_ES","og_type":"article","og_title":"Al filo de\u2026 - NOTICIAS","og_description":"Cerca del filo de las 10.30 de la ma\u00f1ana hora de Nevada, el equipo de Donald Trump denunci\u00f3 irregularidades electorales en un condado de dicho estado ubicado al oeste de Estados Unidos.","og_url":"https:\/\/laredsocial-noticias.com\/wp\/al-filo-de-2\/","og_site_name":"NOTICIAS","article_published_time":"2017-03-15T17:12:39+00:00","article_modified_time":"2017-03-15T17:12:46+00:00","og_image":[{"width":600,"height":337,"url":"https:\/\/laredsocial-noticias.com\/wp\/wp-content\/uploads\/2017\/03\/Donald-Trump2.jpg","type":"image\/jpeg"}],"author":"Editor en Jefe","twitter_card":"summary_large_image","twitter_misc":{"Escrito por":"Editor en Jefe","Tiempo de lectura":"4 minutos"},"schema":{"@context":"https:\/\/schema.org","@graph":[{"@type":"WebPage","@id":"https:\/\/laredsocial-noticias.com\/wp\/al-filo-de-2\/","url":"https:\/\/laredsocial-noticias.com\/wp\/al-filo-de-2\/","name":"Al filo de\u2026 - NOTICIAS","isPartOf":{"@id":"https:\/\/laredsocial-noticias.com\/wp\/#website"},"datePublished":"2017-03-15T17:12:39+00:00","dateModified":"2017-03-15T17:12:46+00:00","author":{"@id":"https:\/\/laredsocial-noticias.com\/wp\/#\/schema\/person\/0ce78643f2de7aae6f6ef10e8453a6e0"},"breadcrumb":{"@id":"https:\/\/laredsocial-noticias.com\/wp\/al-filo-de-2\/#breadcrumb"},"inLanguage":"es","potentialAction":[{"@type":"ReadAction","target":["https:\/\/laredsocial-noticias.com\/wp\/al-filo-de-2\/"]}]},{"@type":"BreadcrumbList","@id":"https:\/\/laredsocial-noticias.com\/wp\/al-filo-de-2\/#breadcrumb","itemListElement":[{"@type":"ListItem","position":1,"name":"Portada","item":"https:\/\/laredsocial-noticias.com\/wp\/"},{"@type":"ListItem","position":2,"name":"Al filo de\u2026"}]},{"@type":"WebSite","@id":"https:\/\/laredsocial-noticias.com\/wp\/#website","url":"https:\/\/laredsocial-noticias.com\/wp\/","name":"NOTICIAS","description":"Lo que se ve y se dice en las redes sociales","potentialAction":[{"@type":"SearchAction","target":{"@type":"EntryPoint","urlTemplate":"https:\/\/laredsocial-noticias.com\/wp\/?s={search_term_string}"},"query-input":{"@type":"PropertyValueSpecification","valueRequired":true,"valueName":"search_term_string"}}],"inLanguage":"es"},{"@type":"Person","@id":"https:\/\/laredsocial-noticias.com\/wp\/#\/schema\/person\/0ce78643f2de7aae6f6ef10e8453a6e0","name":"Editor en Jefe","url":"https:\/\/laredsocial-noticias.com\/wp\/author\/jorgeochoa\/"}]}},"_links":{"self":[{"href":"https:\/\/laredsocial-noticias.com\/wp\/wp-json\/wp\/v2\/posts\/54202","targetHints":{"allow":["GET"]}}],"collection":[{"href":"https:\/\/laredsocial-noticias.com\/wp\/wp-json\/wp\/v2\/posts"}],"about":[{"href":"https:\/\/laredsocial-noticias.com\/wp\/wp-json\/wp\/v2\/types\/post"}],"author":[{"embeddable":true,"href":"https:\/\/laredsocial-noticias.com\/wp\/wp-json\/wp\/v2\/users\/1"}],"replies":[{"embeddable":true,"href":"https:\/\/laredsocial-noticias.com\/wp\/wp-json\/wp\/v2\/comments?post=54202"}],"version-history":[{"count":1,"href":"https:\/\/laredsocial-noticias.com\/wp\/wp-json\/wp\/v2\/posts\/54202\/revisions"}],"predecessor-version":[{"id":54203,"href":"https:\/\/laredsocial-noticias.com\/wp\/wp-json\/wp\/v2\/posts\/54202\/revisions\/54203"}],"wp:attachment":[{"href":"https:\/\/laredsocial-noticias.com\/wp\/wp-json\/wp\/v2\/media?parent=54202"}],"wp:term":[{"taxonomy":"category","embeddable":true,"href":"https:\/\/laredsocial-noticias.com\/wp\/wp-json\/wp\/v2\/categories?post=54202"},{"taxonomy":"post_tag","embeddable":true,"href":"https:\/\/laredsocial-noticias.com\/wp\/wp-json\/wp\/v2\/tags?post=54202"}],"curies":[{"name":"wp","href":"https:\/\/api.w.org\/{rel}","templated":true}]}}