{"id":5429,"date":"2016-04-13T11:49:01","date_gmt":"2016-04-13T16:49:01","guid":{"rendered":"http:\/\/laredsocial-noticias.com\/wp\/?p=5429"},"modified":"2016-04-13T11:52:05","modified_gmt":"2016-04-13T16:52:05","slug":"necesario-fortalecer-a-la-procuraduria-agraria-ante-el-nuevo-escenario-de-la-reforma-energetica-zambrano-grijalva","status":"publish","type":"post","link":"https:\/\/laredsocial-noticias.com\/wp\/necesario-fortalecer-a-la-procuraduria-agraria-ante-el-nuevo-escenario-de-la-reforma-energetica-zambrano-grijalva\/","title":{"rendered":"Necesario fortalecer a la Procuradur\u00eda Agraria ante el nuevo escenario de la Reforma Energ\u00e9tica: Zambrano Grijalva"},"content":{"rendered":"<p><strong>CIUDAD DE M\u00c9XICO, 13 de abril, (MOMENTO CIUDADANO \/ C\u00cdRCULO DIGITAL).&#8211;<\/strong>El presidente de la C\u00e1mara de Diputados, Jes\u00fas Zambrano Grijalva, advirti\u00f3 que -ante el escenario que plantea la Reforma Energ\u00e9tica- ser\u00e1 necesario fortalecer a la Procuradur\u00eda Agraria para defender a las y los peque\u00f1os propietarios que, explic\u00f3, podr\u00e1n ser despojados de sus predios con base en aquel ordenamiento que da acceso a compa\u00f1\u00edas privadas, a la explotaci\u00f3n de yacimientos petroleros o energ\u00e9ticos en territorio nacional.<\/p>\n<p>\u201cComo se ve, no parece haber vuelta de hoja. Los productores y campesinos perder\u00edan sus tierras en manos de la inversi\u00f3n privada extranjera que es la que principalmente est\u00e1 viniendo a hacer este tipo de trabajos, ya que despu\u00e9s de haber sido explotadas, quedar\u00e1n inservibles despu\u00e9s de haber hecho las extracciones correspondientes\u201d.<\/p>\n<p>\u201cHay que decir tambi\u00e9n que con la Reforma Energ\u00e9tica -publicada el pasado 20 de diciembre de 2013- y sus leyes secundarias, se vulner\u00f3, desde nuestro punto de vista, una parte importante de esa justicia legal\u201d, subray\u00f3.<\/p>\n<p>El legislador precis\u00f3 que en el Art\u00edculo 100 de la Ley de Hidrocarburos (relacionada con la contraprestaci\u00f3n, t\u00e9rminos y condiciones para el uso, goce o afectaci\u00f3n de los terrenos, bienes o derechos necesarios para realizar actividades de Exploraci\u00f3n y Extracci\u00f3n de Hidrocarburos), se estableci\u00f3 la figura de \u201cOcupaci\u00f3n Temporal\u201d.<\/p>\n<p>Dijo que con esta figura, los productores y campesinos tendr\u00edan que ceder voluntariamente sus tierras bajo un contrato y un pago por la ocupaci\u00f3n de las mismas y, en el caso de que en un plazo de 180 d\u00edas no hubiera arreglo entre el campesino y el contratista,\u00a0 \u00e9ste \u00faltimo podr\u00e1 acudir al Tribunal Agrario o a un juzgado de Distrito en materia civil para iniciar un proceso de servidumbre voluntaria en la que el \u00f3rgano jurisdiccional fijar\u00e1 al contratista una renta fija a favor del propietario.<\/p>\n<p>Zambrano Grijalva a\u00f1adi\u00f3 que siguen pendientes diversas resoluciones de juicios en varias partes del pa\u00eds, en favor de reclamantes ejidales y comunales que, \u201cpareciera que no van a alcanzar una soluci\u00f3n visible para la propia gente reclamante\u201d.<\/p>\n<p>\u201cCelebro que nos demos cita para analizar los temas de procuraci\u00f3n e impartici\u00f3n de justicia agraria en nuestro pa\u00eds. Y es preciso que nos respondamos la pregunta de -a 100 a\u00f1os de la Ley Agraria- cu\u00e1nto hemos avanzado y qu\u00e9 tanto nos hace falta\u201d, concret\u00f3.<\/p>\n<p>Por su parte, el secretario de la Comisi\u00f3n de Reforma Agraria, diputado \u00d3scar Garc\u00eda Barr\u00f3n, se\u00f1al\u00f3 la urgencia de discutir el tema de la tenencia de la tierra, ya que \u201cno puede seguirse dejando en la incertidumbre a las miles de familias ejidatarias\u201d.<\/p>\n<p>Asegur\u00f3 que los tribunales agrarios a\u00fan tienen muchos pendientes debido los casos de miles de ejidatarios y comuneros que han visto agraviados sus derechos de posesi\u00f3n a causa de supuestas obras de utilidad p\u00fablica y sin que hayan recibido la indemnizaci\u00f3n correspondiente.<\/p>\n<p>\u201cTenemos 5 millones de comuneros y ejidatarios que deben mejorar sus circunstancias de vida para ellos y sus familias; en el campo no debe haber mexicanos de segunda o tercera\u201d, subray\u00f3.<\/p>\n<p>La senadora Luisa Mar\u00eda Calder\u00f3n Hinojosa, presidenta de la Comisi\u00f3n de Reforma Agraria, lament\u00f3 que a\u00fan hoy en d\u00eda las mujeres parcelarias no son tomadas en cuenta dentro de los consejos de los n\u00facleos agrarios, a pesar de contar con derechos de posesi\u00f3n sobre sus terrenos.<\/p>\n<p>A esto, dijo, se suma que los padrones agrarios son poco confiables y a pesar de que existen consejos ejidales, en realidad es poca la gente que toma las decisiones respecto a los temas que competen a estos n\u00facleos.<\/p>\n<p>\u201cYa han pasado muchos a\u00f1os en que no se ha tocado el marco legal de la Reforma Agraria\u201d, abund\u00f3 la legisladora.<\/p>\n<p>Al realizarse la mesa Procuraci\u00f3n de Justicia, su moderador, el diputado Jos\u00e9 Hugo Cabrera Ruiz (PRI), explic\u00f3 que este foro tiene como prop\u00f3sito la aportaci\u00f3n de conocimiento e ideas que ayuden a la actualizaci\u00f3n del marco legal vigente para la procuraci\u00f3n de la justicia agraria.<\/p>\n<p>\u201cEs un tema en el que debemos reconocer que a\u00fan tenemos varios pendientes y sobre los cu\u00e1les los legisladores tenemos la responsabilidad de escuchar diversas perspectivas y generar un di\u00e1logo permanente, con el fin de construir un marco jur\u00eddico de la mejor manera y a favor de este sector tan importante para la vida econ\u00f3mica, social y pol\u00edtica de M\u00e9xico\u201d, destac\u00f3.<\/p>\n<p>Durante su exposici\u00f3n, el titular de la Procuradur\u00eda Agraria, Cruz L\u00f3pez Aguilar, consider\u00f3 necesario revisar el marco legal que rige a esta instituci\u00f3n, contenido en los art\u00edculos 134 al 147 de la Ley Agraria, con el objetivo de ayudar a consolidarla y que sus actos tengan mayor impacto en la protecci\u00f3n de los derechos agrarios y su defensa ante cualquier autoridad.<\/p>\n<p>\u201cLa Procuradur\u00eda Agraria es una instituci\u00f3n con profundas ra\u00edces en la cultura jur\u00eddica agraria en nuestro pa\u00eds y en su evoluci\u00f3n\u201d, destac\u00f3.<\/p>\n<p>Explic\u00f3 que el 26 de febrero de 1992, se expidi\u00f3 la Ley Agraria como respuesta a la demanda del campesinado mexicano, en la cual se reconoci\u00f3 a las asambleas ejidales y comunales como la autoridad m\u00e1xima de los n\u00facleos agrarios, cancelando la intervenci\u00f3n del gobierno en la vida interna de los mismos, sin renunciar a la obligaci\u00f3n de apoyarlos en caso de ser requerido.<\/p>\n<p>\u201cA 24 a\u00f1os de su creaci\u00f3n, confiamos plenamente en los medios alternativos de justicia agraria que ha aplicado la Procuradur\u00eda\u201d.<\/p>\n<p>Durante el foro, representantes de organizaciones campesinas, agrarias y ejidales pidieron reforzar el derecho de propiedad sobre los terrenos y territorios, ya que, expresaron, es el primer paso para consolidar la justicia agraria.<\/p>\n<p>&nbsp;<\/p>\n","protected":false},"excerpt":{"rendered":"<p>El presidente de la C\u00e1mara de Diputados, Jes\u00fas Zambrano Grijalva, advirti\u00f3 que -ante el escenario que plantea la Reforma Energ\u00e9tica- ser\u00e1 necesario fortalecer a la Procuradur\u00eda Agraria para defender a las y los peque\u00f1os propietarios que, explic\u00f3, podr\u00e1n ser despojados de sus predios con base en aquel ordenamiento que da acceso a compa\u00f1\u00edas privadas, a la explotaci\u00f3n de yacimientos petroleros o energ\u00e9ticos en territorio nacional.<\/p>\n","protected":false},"author":1,"featured_media":0,"comment_status":"closed","ping_status":"closed","sticky":false,"template":"","format":"standard","meta":{"footnotes":""},"categories":[73],"tags":[990,1161,77,1162,194],"class_list":["post-5429","post","type-post","status-publish","format-standard","hentry","category-principal","tag-agraria","tag-fortalecer","tag-principal","tag-procuraduria","tag-zambrano"],"yoast_head":"<!-- This site is optimized with the Yoast SEO plugin v26.5 - https:\/\/yoast.com\/wordpress\/plugins\/seo\/ -->\n<title>Necesario fortalecer a la Procuradur\u00eda Agraria ante el nuevo escenario de la Reforma Energ\u00e9tica: Zambrano Grijalva - NOTICIAS<\/title>\n<meta name=\"robots\" content=\"index, follow, max-snippet:-1, max-image-preview:large, max-video-preview:-1\" \/>\n<link rel=\"canonical\" href=\"https:\/\/laredsocial-noticias.com\/wp\/necesario-fortalecer-a-la-procuraduria-agraria-ante-el-nuevo-escenario-de-la-reforma-energetica-zambrano-grijalva\/\" \/>\n<meta property=\"og:locale\" content=\"es_ES\" \/>\n<meta property=\"og:type\" content=\"article\" \/>\n<meta property=\"og:title\" content=\"Necesario fortalecer a la Procuradur\u00eda Agraria ante el nuevo escenario de la Reforma Energ\u00e9tica: Zambrano Grijalva - NOTICIAS\" \/>\n<meta property=\"og:description\" content=\"El presidente de la C\u00e1mara de Diputados, Jes\u00fas Zambrano Grijalva, advirti\u00f3 que -ante el escenario que plantea la Reforma Energ\u00e9tica- ser\u00e1 necesario fortalecer a la Procuradur\u00eda Agraria para defender a las y los peque\u00f1os propietarios que, explic\u00f3, podr\u00e1n ser despojados de sus predios con base en aquel ordenamiento que da acceso a compa\u00f1\u00edas privadas, a la explotaci\u00f3n de yacimientos petroleros o energ\u00e9ticos en territorio nacional.\" \/>\n<meta property=\"og:url\" content=\"https:\/\/laredsocial-noticias.com\/wp\/necesario-fortalecer-a-la-procuraduria-agraria-ante-el-nuevo-escenario-de-la-reforma-energetica-zambrano-grijalva\/\" \/>\n<meta property=\"og:site_name\" content=\"NOTICIAS\" \/>\n<meta property=\"article:published_time\" content=\"2016-04-13T16:49:01+00:00\" \/>\n<meta property=\"article:modified_time\" content=\"2016-04-13T16:52:05+00:00\" \/>\n<meta name=\"author\" content=\"Editor en Jefe\" \/>\n<meta name=\"twitter:card\" content=\"summary_large_image\" \/>\n<meta name=\"twitter:label1\" content=\"Escrito por\" \/>\n\t<meta name=\"twitter:data1\" content=\"Editor en Jefe\" \/>\n\t<meta name=\"twitter:label2\" content=\"Tiempo de lectura\" \/>\n\t<meta name=\"twitter:data2\" content=\"5 minutos\" \/>\n<!-- \/ Yoast SEO plugin. -->","yoast_head_json":{"title":"Necesario fortalecer a la Procuradur\u00eda Agraria ante el nuevo escenario de la Reforma Energ\u00e9tica: Zambrano Grijalva - NOTICIAS","robots":{"index":"index","follow":"follow","max-snippet":"max-snippet:-1","max-image-preview":"max-image-preview:large","max-video-preview":"max-video-preview:-1"},"canonical":"https:\/\/laredsocial-noticias.com\/wp\/necesario-fortalecer-a-la-procuraduria-agraria-ante-el-nuevo-escenario-de-la-reforma-energetica-zambrano-grijalva\/","og_locale":"es_ES","og_type":"article","og_title":"Necesario fortalecer a la Procuradur\u00eda Agraria ante el nuevo escenario de la Reforma Energ\u00e9tica: Zambrano Grijalva - NOTICIAS","og_description":"El presidente de la C\u00e1mara de Diputados, Jes\u00fas Zambrano Grijalva, advirti\u00f3 que -ante el escenario que plantea la Reforma Energ\u00e9tica- ser\u00e1 necesario fortalecer a la Procuradur\u00eda Agraria para defender a las y los peque\u00f1os propietarios que, explic\u00f3, podr\u00e1n ser despojados de sus predios con base en aquel ordenamiento que da acceso a compa\u00f1\u00edas privadas, a la explotaci\u00f3n de yacimientos petroleros o energ\u00e9ticos en territorio nacional.","og_url":"https:\/\/laredsocial-noticias.com\/wp\/necesario-fortalecer-a-la-procuraduria-agraria-ante-el-nuevo-escenario-de-la-reforma-energetica-zambrano-grijalva\/","og_site_name":"NOTICIAS","article_published_time":"2016-04-13T16:49:01+00:00","article_modified_time":"2016-04-13T16:52:05+00:00","author":"Editor en Jefe","twitter_card":"summary_large_image","twitter_misc":{"Escrito por":"Editor en Jefe","Tiempo de lectura":"5 minutos"},"schema":{"@context":"https:\/\/schema.org","@graph":[{"@type":"WebPage","@id":"https:\/\/laredsocial-noticias.com\/wp\/necesario-fortalecer-a-la-procuraduria-agraria-ante-el-nuevo-escenario-de-la-reforma-energetica-zambrano-grijalva\/","url":"https:\/\/laredsocial-noticias.com\/wp\/necesario-fortalecer-a-la-procuraduria-agraria-ante-el-nuevo-escenario-de-la-reforma-energetica-zambrano-grijalva\/","name":"Necesario fortalecer a la Procuradur\u00eda Agraria ante el nuevo escenario de la Reforma Energ\u00e9tica: Zambrano Grijalva - NOTICIAS","isPartOf":{"@id":"https:\/\/laredsocial-noticias.com\/wp\/#website"},"datePublished":"2016-04-13T16:49:01+00:00","dateModified":"2016-04-13T16:52:05+00:00","author":{"@id":"https:\/\/laredsocial-noticias.com\/wp\/#\/schema\/person\/0ce78643f2de7aae6f6ef10e8453a6e0"},"breadcrumb":{"@id":"https:\/\/laredsocial-noticias.com\/wp\/necesario-fortalecer-a-la-procuraduria-agraria-ante-el-nuevo-escenario-de-la-reforma-energetica-zambrano-grijalva\/#breadcrumb"},"inLanguage":"es","potentialAction":[{"@type":"ReadAction","target":["https:\/\/laredsocial-noticias.com\/wp\/necesario-fortalecer-a-la-procuraduria-agraria-ante-el-nuevo-escenario-de-la-reforma-energetica-zambrano-grijalva\/"]}]},{"@type":"BreadcrumbList","@id":"https:\/\/laredsocial-noticias.com\/wp\/necesario-fortalecer-a-la-procuraduria-agraria-ante-el-nuevo-escenario-de-la-reforma-energetica-zambrano-grijalva\/#breadcrumb","itemListElement":[{"@type":"ListItem","position":1,"name":"Portada","item":"https:\/\/laredsocial-noticias.com\/wp\/"},{"@type":"ListItem","position":2,"name":"Necesario fortalecer a la Procuradur\u00eda Agraria ante el nuevo escenario de la Reforma Energ\u00e9tica: Zambrano Grijalva"}]},{"@type":"WebSite","@id":"https:\/\/laredsocial-noticias.com\/wp\/#website","url":"https:\/\/laredsocial-noticias.com\/wp\/","name":"NOTICIAS","description":"Lo que se ve y se dice en las redes sociales","potentialAction":[{"@type":"SearchAction","target":{"@type":"EntryPoint","urlTemplate":"https:\/\/laredsocial-noticias.com\/wp\/?s={search_term_string}"},"query-input":{"@type":"PropertyValueSpecification","valueRequired":true,"valueName":"search_term_string"}}],"inLanguage":"es"},{"@type":"Person","@id":"https:\/\/laredsocial-noticias.com\/wp\/#\/schema\/person\/0ce78643f2de7aae6f6ef10e8453a6e0","name":"Editor en Jefe","url":"https:\/\/laredsocial-noticias.com\/wp\/author\/jorgeochoa\/"}]}},"_links":{"self":[{"href":"https:\/\/laredsocial-noticias.com\/wp\/wp-json\/wp\/v2\/posts\/5429","targetHints":{"allow":["GET"]}}],"collection":[{"href":"https:\/\/laredsocial-noticias.com\/wp\/wp-json\/wp\/v2\/posts"}],"about":[{"href":"https:\/\/laredsocial-noticias.com\/wp\/wp-json\/wp\/v2\/types\/post"}],"author":[{"embeddable":true,"href":"https:\/\/laredsocial-noticias.com\/wp\/wp-json\/wp\/v2\/users\/1"}],"replies":[{"embeddable":true,"href":"https:\/\/laredsocial-noticias.com\/wp\/wp-json\/wp\/v2\/comments?post=5429"}],"version-history":[{"count":1,"href":"https:\/\/laredsocial-noticias.com\/wp\/wp-json\/wp\/v2\/posts\/5429\/revisions"}],"predecessor-version":[{"id":5430,"href":"https:\/\/laredsocial-noticias.com\/wp\/wp-json\/wp\/v2\/posts\/5429\/revisions\/5430"}],"wp:attachment":[{"href":"https:\/\/laredsocial-noticias.com\/wp\/wp-json\/wp\/v2\/media?parent=5429"}],"wp:term":[{"taxonomy":"category","embeddable":true,"href":"https:\/\/laredsocial-noticias.com\/wp\/wp-json\/wp\/v2\/categories?post=5429"},{"taxonomy":"post_tag","embeddable":true,"href":"https:\/\/laredsocial-noticias.com\/wp\/wp-json\/wp\/v2\/tags?post=5429"}],"curies":[{"name":"wp","href":"https:\/\/api.w.org\/{rel}","templated":true}]}}