{"id":5547,"date":"2016-04-13T16:14:51","date_gmt":"2016-04-13T21:14:51","guid":{"rendered":"http:\/\/laredsocial-noticias.com\/wp\/?p=5547"},"modified":"2016-04-13T16:17:40","modified_gmt":"2016-04-13T21:17:40","slug":"rinden-tributo-a-kobe-bryant","status":"publish","type":"post","link":"https:\/\/laredsocial-noticias.com\/wp\/rinden-tributo-a-kobe-bryant\/","title":{"rendered":"Rinden tributo a Kobe Bryant"},"content":{"rendered":"<p><strong>CIUDAD DE M\u00c9XICO, 13 de abril, (REVANCHA DEPORTIVA \/ C\u00cdRCULO DIGITAL).&#8211;<\/strong>En el d\u00eda de la despedida del basquetbolista Kobe Bryant de la duela, autoridades locales identificaron con su nombre y solo por hoy una estaci\u00f3n del metro de Los \u00c1ngeles.<\/p>\n<p>Este d\u00eda la estaci\u00f3n Pico tuvo la identificaci\u00f3n de estaci\u00f3n Kobe, nombre de uno de los mejores basquetbolistas de los \u00faltimos tiempos y quien se retira esta noche en su \u00faltimo partido como profesional.<\/p>\n<p>Para el partido, la reventa de los boletos est\u00e1 a niveles de locura, ya que para las partes m\u00e1s altas se consiguen hasta por mil d\u00f3lares y en la parte baja cerca de la duela por 27 mil d\u00f3lares.\u00a0\u00a0 Este d\u00eda, la Autoridad del Transporte Metropolitano del Condado de Los \u00c1ngeles (LACMTA, por sus siglas en ingl\u00e9s) efectu\u00f3 una ceremonia con el cambio temporal del nombre en uno de los tributos al deportista.<\/p>\n<p>Esta terminal est\u00e1 localizada en el bulevard Pico y la calle Flower y a dos calles del Staples Center, donde juegan los Lakers.\u00a0\u00a0 Las autoridades colocaron en la p\u00e1gina del metro una foto de Bryant y la leyenda \u201cGracias por los recuerdos y los anillos\u201d.<\/p>\n<p>Bryant se retira tras 20 a\u00f1os como deportista profesional, siempre como jugador de Los \u00c1ngeles Lakers con el que logr\u00f3 cinco t\u00edtulos.<\/p>\n<p>Bryant, quien tambi\u00e9n ha sido llamado \u201cBlack Mamba\u201d, logr\u00f3 ubicarse en su carrera en el tercero en la historia de los m\u00e1ximos anotadores de la liga, y en un partido logr\u00f3 anotar 81 tantos, el segundo m\u00e1s alto en la historia de la NBA.<\/p>\n<p>Previo a su juego de despedida, se ha programado frente al Staples Center una feria para los seguidores de Bryant y podr\u00e1n tomarse fotos con los cinco trofeos de campeonato que consigui\u00f3 el atleta.<\/p>\n<p>De igual forma en los tributos, una compa\u00f1\u00eda de tenis lanz\u00f3 el \u201cMamba day\u201d, con el que m\u00e1s de 200 de sus deportistas que tienen exclusividad con la marca portar\u00e1n este d\u00eda tenis negros con dorado en honor a Bryant.<\/p>\n<p><a href=\"https:\/\/www.youtube.com\/watch?v=OIv797lZZUs\">https:\/\/www.youtube.com\/watch?v=OIv797lZZUs<\/a><\/p>\n","protected":false},"excerpt":{"rendered":"<p>En el d\u00eda de la despedida del basquetbolista Kobe Bryant de la duela, autoridades locales identificaron con su nombre y solo por hoy una estaci\u00f3n del metro de Los \u00c1ngeles.<\/p>\n","protected":false},"author":1,"featured_media":0,"comment_status":"closed","ping_status":"closed","sticky":false,"template":"","format":"standard","meta":{"footnotes":""},"categories":[337,73],"tags":[1255,1253,1256,77,1254],"class_list":["post-5547","post","type-post","status-publish","format-standard","hentry","category-deportes","category-principal","tag-basquetbol","tag-kobe","tag-nba","tag-principal","tag-retiro"],"yoast_head":"<!-- This site is optimized with the Yoast SEO plugin v26.5 - https:\/\/yoast.com\/wordpress\/plugins\/seo\/ -->\n<title>Rinden tributo a Kobe Bryant - NOTICIAS<\/title>\n<meta name=\"robots\" content=\"index, follow, max-snippet:-1, max-image-preview:large, max-video-preview:-1\" \/>\n<link rel=\"canonical\" href=\"https:\/\/laredsocial-noticias.com\/wp\/rinden-tributo-a-kobe-bryant\/\" \/>\n<meta property=\"og:locale\" content=\"es_ES\" \/>\n<meta property=\"og:type\" content=\"article\" \/>\n<meta property=\"og:title\" content=\"Rinden tributo a Kobe Bryant - NOTICIAS\" \/>\n<meta property=\"og:description\" content=\"En el d\u00eda de la despedida del basquetbolista Kobe Bryant de la duela, autoridades locales identificaron con su nombre y solo por hoy una estaci\u00f3n del metro de Los \u00c1ngeles.\" \/>\n<meta property=\"og:url\" content=\"https:\/\/laredsocial-noticias.com\/wp\/rinden-tributo-a-kobe-bryant\/\" \/>\n<meta property=\"og:site_name\" content=\"NOTICIAS\" \/>\n<meta property=\"article:published_time\" content=\"2016-04-13T21:14:51+00:00\" \/>\n<meta property=\"article:modified_time\" content=\"2016-04-13T21:17:40+00:00\" \/>\n<meta name=\"author\" content=\"Editor en Jefe\" \/>\n<meta name=\"twitter:card\" content=\"summary_large_image\" \/>\n<meta name=\"twitter:label1\" content=\"Escrito por\" \/>\n\t<meta name=\"twitter:data1\" content=\"Editor en Jefe\" \/>\n\t<meta name=\"twitter:label2\" content=\"Tiempo de lectura\" \/>\n\t<meta name=\"twitter:data2\" content=\"2 minutos\" \/>\n<!-- \/ Yoast SEO plugin. -->","yoast_head_json":{"title":"Rinden tributo a Kobe Bryant - NOTICIAS","robots":{"index":"index","follow":"follow","max-snippet":"max-snippet:-1","max-image-preview":"max-image-preview:large","max-video-preview":"max-video-preview:-1"},"canonical":"https:\/\/laredsocial-noticias.com\/wp\/rinden-tributo-a-kobe-bryant\/","og_locale":"es_ES","og_type":"article","og_title":"Rinden tributo a Kobe Bryant - NOTICIAS","og_description":"En el d\u00eda de la despedida del basquetbolista Kobe Bryant de la duela, autoridades locales identificaron con su nombre y solo por hoy una estaci\u00f3n del metro de Los \u00c1ngeles.","og_url":"https:\/\/laredsocial-noticias.com\/wp\/rinden-tributo-a-kobe-bryant\/","og_site_name":"NOTICIAS","article_published_time":"2016-04-13T21:14:51+00:00","article_modified_time":"2016-04-13T21:17:40+00:00","author":"Editor en Jefe","twitter_card":"summary_large_image","twitter_misc":{"Escrito por":"Editor en Jefe","Tiempo de lectura":"2 minutos"},"schema":{"@context":"https:\/\/schema.org","@graph":[{"@type":"WebPage","@id":"https:\/\/laredsocial-noticias.com\/wp\/rinden-tributo-a-kobe-bryant\/","url":"https:\/\/laredsocial-noticias.com\/wp\/rinden-tributo-a-kobe-bryant\/","name":"Rinden tributo a Kobe Bryant - NOTICIAS","isPartOf":{"@id":"https:\/\/laredsocial-noticias.com\/wp\/#website"},"datePublished":"2016-04-13T21:14:51+00:00","dateModified":"2016-04-13T21:17:40+00:00","author":{"@id":"https:\/\/laredsocial-noticias.com\/wp\/#\/schema\/person\/0ce78643f2de7aae6f6ef10e8453a6e0"},"breadcrumb":{"@id":"https:\/\/laredsocial-noticias.com\/wp\/rinden-tributo-a-kobe-bryant\/#breadcrumb"},"inLanguage":"es","potentialAction":[{"@type":"ReadAction","target":["https:\/\/laredsocial-noticias.com\/wp\/rinden-tributo-a-kobe-bryant\/"]}]},{"@type":"BreadcrumbList","@id":"https:\/\/laredsocial-noticias.com\/wp\/rinden-tributo-a-kobe-bryant\/#breadcrumb","itemListElement":[{"@type":"ListItem","position":1,"name":"Portada","item":"https:\/\/laredsocial-noticias.com\/wp\/"},{"@type":"ListItem","position":2,"name":"Rinden tributo a Kobe Bryant"}]},{"@type":"WebSite","@id":"https:\/\/laredsocial-noticias.com\/wp\/#website","url":"https:\/\/laredsocial-noticias.com\/wp\/","name":"NOTICIAS","description":"Lo que se ve y se dice en las redes sociales","potentialAction":[{"@type":"SearchAction","target":{"@type":"EntryPoint","urlTemplate":"https:\/\/laredsocial-noticias.com\/wp\/?s={search_term_string}"},"query-input":{"@type":"PropertyValueSpecification","valueRequired":true,"valueName":"search_term_string"}}],"inLanguage":"es"},{"@type":"Person","@id":"https:\/\/laredsocial-noticias.com\/wp\/#\/schema\/person\/0ce78643f2de7aae6f6ef10e8453a6e0","name":"Editor en Jefe","url":"https:\/\/laredsocial-noticias.com\/wp\/author\/jorgeochoa\/"}]}},"_links":{"self":[{"href":"https:\/\/laredsocial-noticias.com\/wp\/wp-json\/wp\/v2\/posts\/5547","targetHints":{"allow":["GET"]}}],"collection":[{"href":"https:\/\/laredsocial-noticias.com\/wp\/wp-json\/wp\/v2\/posts"}],"about":[{"href":"https:\/\/laredsocial-noticias.com\/wp\/wp-json\/wp\/v2\/types\/post"}],"author":[{"embeddable":true,"href":"https:\/\/laredsocial-noticias.com\/wp\/wp-json\/wp\/v2\/users\/1"}],"replies":[{"embeddable":true,"href":"https:\/\/laredsocial-noticias.com\/wp\/wp-json\/wp\/v2\/comments?post=5547"}],"version-history":[{"count":1,"href":"https:\/\/laredsocial-noticias.com\/wp\/wp-json\/wp\/v2\/posts\/5547\/revisions"}],"predecessor-version":[{"id":5548,"href":"https:\/\/laredsocial-noticias.com\/wp\/wp-json\/wp\/v2\/posts\/5547\/revisions\/5548"}],"wp:attachment":[{"href":"https:\/\/laredsocial-noticias.com\/wp\/wp-json\/wp\/v2\/media?parent=5547"}],"wp:term":[{"taxonomy":"category","embeddable":true,"href":"https:\/\/laredsocial-noticias.com\/wp\/wp-json\/wp\/v2\/categories?post=5547"},{"taxonomy":"post_tag","embeddable":true,"href":"https:\/\/laredsocial-noticias.com\/wp\/wp-json\/wp\/v2\/tags?post=5547"}],"curies":[{"name":"wp","href":"https:\/\/api.w.org\/{rel}","templated":true}]}}