{"id":55711,"date":"2017-03-22T21:36:12","date_gmt":"2017-03-23T02:36:12","guid":{"rendered":"http:\/\/laredsocial-noticias.com\/wp\/?p=55711"},"modified":"2017-03-22T21:36:12","modified_gmt":"2017-03-23T02:36:12","slug":"a-la-banca-no-le-preocupa-que-un-populista-llegue-al-poder-abm","status":"publish","type":"post","link":"https:\/\/laredsocial-noticias.com\/wp\/a-la-banca-no-le-preocupa-que-un-populista-llegue-al-poder-abm\/","title":{"rendered":"A LA BANCA NO LE PREOCUPA QUE UN POPULISTA LLEGUE AL PODER: ABM"},"content":{"rendered":"<p><img loading=\"lazy\" decoding=\"async\" class=\"alignleft  wp-image-55712\" src=\"http:\/\/laredsocial-noticias.com\/wp\/wp-content\/uploads\/2017\/03\/AMB.jpg\" alt=\"\" width=\"376\" height=\"214\" data-wp-pid=\"55712\" \/>LA RED SOCIAL. ACAPULCO, Gro. 22 de marzo.- A la banca mexicana no le preocupa que un populista alcance la Presidencia de la Rep\u00fablica en las elecciones de 2018, ya que \u201clas instituciones est\u00e1n bien acotadas, con pesos y contrapesos\u201d.<\/p>\n<p>Lo que s\u00ed le preocupa son las situaciones externas, aquellas que M\u00e9xico no puede contener, como que en Francia gane la p<br \/>\nopulista Marine Le Pen (en abril o mayo de este a\u00f1o) y con ello, la eventual salida del pa\u00eds de la Uni\u00f3n Europea, \u201cser\u00eda un cambio geopol\u00edtico bestial, porque cambia totalmente la estructura mundial tal y como la conocemos\u201d.<\/p>\n<p>Que en Alemania, gane el populismo de extrema derecha (en septiembre pr\u00f3ximo), o que el conflicto entre China y Estados Unidos crezca precisamente en el Mar de China.<\/p>\n<p>Pero hasta \u201cpara enfrentar los choques externos de esa naturaleza, la banca mexicana est\u00e1 preparada, tiene el capital y la liquidez\u201d, afirm\u00f3 el presidente saliente de la Asociaci\u00f3n de Bancos de M\u00e9xico (ABM), Luis Robles Miaja.<\/p>\n<p>Asever\u00f3 que en M\u00e9xico el tema de derechas, izquierdas o centros \u201cya est\u00e1 superado\u201d, pues asegur\u00f3 que se han visto gobiernos autollamados de izquierda que tienen enorme\u00a0 responsabilidad en el manejo de las finanzas p\u00fablicas como gobiernos de derecha.<\/p>\n<p>Consider\u00f3 que las ideolog\u00edas no tienen un peso espec\u00edfico para definir las decisiones que toman los gobiernos, porque la econom\u00eda es una t\u00e9cnica social y aunque a veces es compleja, puede ser tan sencilla como las tres reglas b\u00e1sicas de la econom\u00eda familiar: no gastes m\u00e1s de lo que tienes, no te endeudes con lo que no puedes pagar y ahorra.<\/p>\n<p>\u201cEs la misma receta para todos los pa\u00edses y las ideolog\u00edas, por lo que no tengo ninguna preocupaci\u00f3n de que llegue un gobierno de izquierda, de centro, de derecha en la medida que sea responsable\u201d, se\u00f1al\u00f3 el tambi\u00e9n presidente del Consejo de Administraci\u00f3n de BBVA Bancomer.<\/p>\n<p>En su \u00faltima conferencia al frente de la ABM, Robles Miaja se\u00f1al\u00f3 que en los \u00faltimos 25 a\u00f1os M\u00e9xico ha construido poder judicial aut\u00f3nomo, tiene un Congreso de la Uni\u00f3n plural, una Presidencia de la Rep\u00fablica acotada, \u201cpor lo mismo no tenemos miedo de que llegue el PRI, el PAN, Morena o un independiente al Poder, confiamos en instituciones, y en los pesos y contrapesos\u201d.<\/p>\n<p>En espec\u00edfico, indic\u00f3 que si el ex priista y ex perredista L\u00f3pez Obrador llegara a ser el candidato presidencial de Morena y obtuviera el triunfo presidencial en 2018, la banca mexicana \u201ctrabajar\u00eda con \u00e9l de la mano, porque al final la banca tambi\u00e9n es una instituciones que trabaja con instituciones, y sea quien ocupe las instituciones, trabajaremos con ellas\u201d.<\/p>\n<p>Por ello, sostuvo que no se ven riesgos de inestabilidad financiera en nuestro pa\u00eds, pero s\u00ed de que se puedan tomar decisiones que vayan en contra de esa estabilidad.<\/p>\n<p>En lo que toca a la parte econ\u00f3mica del pa\u00eds, Luis Robles consider\u00f3 que, a pesar del entorno de incertidumbre y volatilidad, \u201ceste a\u00f1o puede ser una sorpresa\u201d, debido a que se observa un inicio de 2017 mucho m\u00e1s s\u00f3lido en cuanto a los indicadores de consumo y empleo, as\u00ed como en las cifras de la banca.<\/p>\n<p>Se\u00f1al\u00f3 que de disiparse la incertidumbre derivada del Tratado de Libre Comercio con Am\u00e9rica del Norte (TLCAN), la econom\u00eda podr\u00eda mejorar, y de hecho, observ\u00f3 que las exportaciones y la producci\u00f3n manufacturera muestran un avance.<\/p>\n<p>El a\u00fan l\u00edder de los bancos que operan en el pa\u00eds destac\u00f3 que las finanzas p\u00fablicas son sanas, a pesar del aumento en la deuda p\u00fablica de los \u00faltimos a\u00f1os, \u201cpero no nos preocupa la magnitud de la deuda\u201d y por el contrario, destac\u00f3 el compromiso del gobierno federal de lograr un super\u00e1vit primario.<\/p>\n<p>\u201cLa estabilidad es condici\u00f3n indispensable mas no necesaria para el crecimiento, pero todo el crecimiento que no est\u00e9 basado en la estabilidad econ\u00f3mica es ficticio, es una burbuja, es falso, y usualmente las burbujas se pinchan y la ca\u00edda es m\u00e1s dram\u00e1tica&#8221;, advirti\u00f3.<\/p>\n<p>En la conferencia previa a los trabajos de la 80 Convenci\u00f3n Bancaria \u201cEl dilema global: Globalismo vs Populismo\u201d, se\u00f1al\u00f3 que la estabilidad que se construy\u00f3 en m\u00e1s de dos d\u00e9cadas se puede perder en unos cuantos meses, por lo que \u201cse debe cuidar y defender\u201d, pues si bien no ve riesgos de que se pierda, s\u00ed podr\u00edan tomarse decisiones en contra de esa condici\u00f3n.<\/p>\n<p>Puntualiz\u00f3 que gracias a la estabilidad, el sector bancario puede crecer a tasas de doble d\u00edgito y dirigirse a segmentos de la poblaci\u00f3n que antes no atend\u00eda, adem\u00e1s de que los mexicanos ahora pueden destinar menos dinero al pago de deuda.<\/p>\n","protected":false},"excerpt":{"rendered":"<p>LA RED SOCIAL. ACAPULCO, Gro. 22 de marzo.- A la banca mexicana no le preocupa que un populista alcance la&#8230;<\/p>\n","protected":false},"author":1,"featured_media":0,"comment_status":"closed","ping_status":"open","sticky":false,"template":"","format":"standard","meta":{"footnotes":""},"categories":[1],"tags":[3945,3944,3625],"class_list":["post-55711","post","type-post","status-publish","format-standard","hentry","category-uncategorized","tag-amb","tag-asociacion-mexicana-de-bancos","tag-elecciones-2018"],"yoast_head":"<!-- This site is optimized with the Yoast SEO plugin v26.5 - https:\/\/yoast.com\/wordpress\/plugins\/seo\/ -->\n<title>A LA BANCA NO LE PREOCUPA QUE UN POPULISTA LLEGUE AL PODER: ABM - NOTICIAS<\/title>\n<meta name=\"robots\" content=\"index, follow, max-snippet:-1, max-image-preview:large, max-video-preview:-1\" \/>\n<link rel=\"canonical\" href=\"https:\/\/laredsocial-noticias.com\/wp\/a-la-banca-no-le-preocupa-que-un-populista-llegue-al-poder-abm\/\" \/>\n<meta property=\"og:locale\" content=\"es_ES\" \/>\n<meta property=\"og:type\" content=\"article\" \/>\n<meta property=\"og:title\" content=\"A LA BANCA NO LE PREOCUPA QUE UN POPULISTA LLEGUE AL PODER: ABM - NOTICIAS\" \/>\n<meta property=\"og:description\" content=\"LA RED SOCIAL. ACAPULCO, Gro. 22 de marzo.- A la banca mexicana no le preocupa que un populista alcance la...\" \/>\n<meta property=\"og:url\" content=\"https:\/\/laredsocial-noticias.com\/wp\/a-la-banca-no-le-preocupa-que-un-populista-llegue-al-poder-abm\/\" \/>\n<meta property=\"og:site_name\" content=\"NOTICIAS\" \/>\n<meta property=\"article:published_time\" content=\"2017-03-23T02:36:12+00:00\" \/>\n<meta property=\"og:image\" content=\"https:\/\/laredsocial-noticias.com\/wp\/wp-content\/uploads\/2017\/03\/AMB.jpg\" \/>\n\t<meta property=\"og:image:width\" content=\"650\" \/>\n\t<meta property=\"og:image:height\" content=\"370\" \/>\n\t<meta property=\"og:image:type\" content=\"image\/jpeg\" \/>\n<meta name=\"author\" content=\"Editor en Jefe\" \/>\n<meta name=\"twitter:card\" content=\"summary_large_image\" \/>\n<meta name=\"twitter:label1\" content=\"Escrito por\" \/>\n\t<meta name=\"twitter:data1\" content=\"Editor en Jefe\" \/>\n\t<meta name=\"twitter:label2\" content=\"Tiempo de lectura\" \/>\n\t<meta name=\"twitter:data2\" content=\"4 minutos\" \/>\n<!-- \/ Yoast SEO plugin. -->","yoast_head_json":{"title":"A LA BANCA NO LE PREOCUPA QUE UN POPULISTA LLEGUE AL PODER: ABM - NOTICIAS","robots":{"index":"index","follow":"follow","max-snippet":"max-snippet:-1","max-image-preview":"max-image-preview:large","max-video-preview":"max-video-preview:-1"},"canonical":"https:\/\/laredsocial-noticias.com\/wp\/a-la-banca-no-le-preocupa-que-un-populista-llegue-al-poder-abm\/","og_locale":"es_ES","og_type":"article","og_title":"A LA BANCA NO LE PREOCUPA QUE UN POPULISTA LLEGUE AL PODER: ABM - NOTICIAS","og_description":"LA RED SOCIAL. ACAPULCO, Gro. 22 de marzo.- A la banca mexicana no le preocupa que un populista alcance la...","og_url":"https:\/\/laredsocial-noticias.com\/wp\/a-la-banca-no-le-preocupa-que-un-populista-llegue-al-poder-abm\/","og_site_name":"NOTICIAS","article_published_time":"2017-03-23T02:36:12+00:00","og_image":[{"width":650,"height":370,"url":"https:\/\/laredsocial-noticias.com\/wp\/wp-content\/uploads\/2017\/03\/AMB.jpg","type":"image\/jpeg"}],"author":"Editor en Jefe","twitter_card":"summary_large_image","twitter_misc":{"Escrito por":"Editor en Jefe","Tiempo de lectura":"4 minutos"},"schema":{"@context":"https:\/\/schema.org","@graph":[{"@type":"WebPage","@id":"https:\/\/laredsocial-noticias.com\/wp\/a-la-banca-no-le-preocupa-que-un-populista-llegue-al-poder-abm\/","url":"https:\/\/laredsocial-noticias.com\/wp\/a-la-banca-no-le-preocupa-que-un-populista-llegue-al-poder-abm\/","name":"A LA BANCA NO LE PREOCUPA QUE UN POPULISTA LLEGUE AL PODER: ABM - NOTICIAS","isPartOf":{"@id":"https:\/\/laredsocial-noticias.com\/wp\/#website"},"primaryImageOfPage":{"@id":"https:\/\/laredsocial-noticias.com\/wp\/a-la-banca-no-le-preocupa-que-un-populista-llegue-al-poder-abm\/#primaryimage"},"image":{"@id":"https:\/\/laredsocial-noticias.com\/wp\/a-la-banca-no-le-preocupa-que-un-populista-llegue-al-poder-abm\/#primaryimage"},"thumbnailUrl":"http:\/\/laredsocial-noticias.com\/wp\/wp-content\/uploads\/2017\/03\/AMB.jpg","datePublished":"2017-03-23T02:36:12+00:00","author":{"@id":"https:\/\/laredsocial-noticias.com\/wp\/#\/schema\/person\/0ce78643f2de7aae6f6ef10e8453a6e0"},"breadcrumb":{"@id":"https:\/\/laredsocial-noticias.com\/wp\/a-la-banca-no-le-preocupa-que-un-populista-llegue-al-poder-abm\/#breadcrumb"},"inLanguage":"es","potentialAction":[{"@type":"ReadAction","target":["https:\/\/laredsocial-noticias.com\/wp\/a-la-banca-no-le-preocupa-que-un-populista-llegue-al-poder-abm\/"]}]},{"@type":"ImageObject","inLanguage":"es","@id":"https:\/\/laredsocial-noticias.com\/wp\/a-la-banca-no-le-preocupa-que-un-populista-llegue-al-poder-abm\/#primaryimage","url":"","contentUrl":""},{"@type":"BreadcrumbList","@id":"https:\/\/laredsocial-noticias.com\/wp\/a-la-banca-no-le-preocupa-que-un-populista-llegue-al-poder-abm\/#breadcrumb","itemListElement":[{"@type":"ListItem","position":1,"name":"Portada","item":"https:\/\/laredsocial-noticias.com\/wp\/"},{"@type":"ListItem","position":2,"name":"A LA BANCA NO LE PREOCUPA QUE UN POPULISTA LLEGUE AL PODER: ABM"}]},{"@type":"WebSite","@id":"https:\/\/laredsocial-noticias.com\/wp\/#website","url":"https:\/\/laredsocial-noticias.com\/wp\/","name":"NOTICIAS","description":"Lo que se ve y se dice en las redes sociales","potentialAction":[{"@type":"SearchAction","target":{"@type":"EntryPoint","urlTemplate":"https:\/\/laredsocial-noticias.com\/wp\/?s={search_term_string}"},"query-input":{"@type":"PropertyValueSpecification","valueRequired":true,"valueName":"search_term_string"}}],"inLanguage":"es"},{"@type":"Person","@id":"https:\/\/laredsocial-noticias.com\/wp\/#\/schema\/person\/0ce78643f2de7aae6f6ef10e8453a6e0","name":"Editor en Jefe","url":"https:\/\/laredsocial-noticias.com\/wp\/author\/jorgeochoa\/"}]}},"_links":{"self":[{"href":"https:\/\/laredsocial-noticias.com\/wp\/wp-json\/wp\/v2\/posts\/55711","targetHints":{"allow":["GET"]}}],"collection":[{"href":"https:\/\/laredsocial-noticias.com\/wp\/wp-json\/wp\/v2\/posts"}],"about":[{"href":"https:\/\/laredsocial-noticias.com\/wp\/wp-json\/wp\/v2\/types\/post"}],"author":[{"embeddable":true,"href":"https:\/\/laredsocial-noticias.com\/wp\/wp-json\/wp\/v2\/users\/1"}],"replies":[{"embeddable":true,"href":"https:\/\/laredsocial-noticias.com\/wp\/wp-json\/wp\/v2\/comments?post=55711"}],"version-history":[{"count":1,"href":"https:\/\/laredsocial-noticias.com\/wp\/wp-json\/wp\/v2\/posts\/55711\/revisions"}],"predecessor-version":[{"id":55713,"href":"https:\/\/laredsocial-noticias.com\/wp\/wp-json\/wp\/v2\/posts\/55711\/revisions\/55713"}],"wp:attachment":[{"href":"https:\/\/laredsocial-noticias.com\/wp\/wp-json\/wp\/v2\/media?parent=55711"}],"wp:term":[{"taxonomy":"category","embeddable":true,"href":"https:\/\/laredsocial-noticias.com\/wp\/wp-json\/wp\/v2\/categories?post=55711"},{"taxonomy":"post_tag","embeddable":true,"href":"https:\/\/laredsocial-noticias.com\/wp\/wp-json\/wp\/v2\/tags?post=55711"}],"curies":[{"name":"wp","href":"https:\/\/api.w.org\/{rel}","templated":true}]}}