{"id":56207,"date":"2017-03-24T17:30:34","date_gmt":"2017-03-24T23:30:34","guid":{"rendered":"http:\/\/laredsocial-noticias.com\/wp\/?p=56207"},"modified":"2017-03-24T18:13:31","modified_gmt":"2017-03-24T23:13:31","slug":"mancera-presenta-plataforma-ovie-para-apoyar-emprendedores-en-cdmx","status":"publish","type":"post","link":"https:\/\/laredsocial-noticias.com\/wp\/mancera-presenta-plataforma-ovie-para-apoyar-emprendedores-en-cdmx\/","title":{"rendered":"Mancera presenta plataforma OVIE para apoyar emprendedores en CDMX"},"content":{"rendered":"<p><strong>CIUDAD DE M\u00c9XICO, 24 de marzo, (AZCAPO NOTICIAS\/C\u00cdRCULO DIGITAL).\u2014<\/strong>La Oficina Virtual de Informaci\u00f3n Econ\u00f3mica (OVIE) se suma a la tarea de modernizaci\u00f3n de la Ciudad de M\u00e9xico y tiene como objetivo apoyar a la micro, mediana y gran empresa en sus decisiones de inversi\u00f3n en la capital del pa\u00eds.<\/p>\n<p>\u201cHoy estamos hablando de 85 capas de informaci\u00f3n que se comparten, m\u00e1s de 50 millones de datos en esta oficina virtual. Nunca la Ciudad de M\u00e9xico hab\u00eda tenido una herramienta as\u00ed, nunca. Es la primera vez que se tiene y se ir\u00e1 alimentando cada vez m\u00e1s\u201d, puntualiz\u00f3 el Jefe de Gobierno, Miguel \u00c1ngel Mancera Espinosa.<\/p>\n<p>En el Antiguo Palacio del Ayuntamiento, el mandatario capitalino firm\u00f3 el convenio de colaboraci\u00f3n con el Instituto Nacional de Estad\u00edstica y Geograf\u00eda (INEGI) y present\u00f3 esta plataforma de acceso gratuito capaz de brindar informaci\u00f3n sobre la actividad econ\u00f3mica en sus aspectos m\u00e1s relevantes (ventas promedio por giro, tipo de negocios, usos de suelo, valor agregado, remuneraciones e inversi\u00f3n, entre otros) en la CDMX, calle por calle. Podr\u00e1 consultarse en el portal: <a href=\"http:\/\/ovie.sedecodf.gob.mx\/OVIEWEB\/\">http:\/\/ovie.sedecodf.gob.mx\/OVIEWEB\/<\/a>.<\/p>\n<p>El secretario de Desarrollo Econ\u00f3mico (SEDECO) de la CDMX, Salom\u00f3n Chertorivski Woldenberg, asegur\u00f3 que la OVIE es la mejor del mundo en lo que se refiere a contenido para emprendedores.<\/p>\n<p>Destac\u00f3 que es un sistema para apoyar, sin distinciones, a las micro, peque\u00f1as, medianas y grandes empresas: \u201cNinguna ciudad del mundo tiene una herramienta parecida de acceso p\u00fablico y gratuita\u201d.<\/p>\n<p>Explic\u00f3 que esta herramienta es una valiosa gu\u00eda para que los emprendedores tomen decisiones para iniciar, expandir y consolidar sus negocios.<\/p>\n<p>Al consultar la OVIE se puede obtener informaci\u00f3n de cualquier lugar de la ciudad, ya sea una delegaci\u00f3n, una colonia o una cuadra y de cualquiera de los 900 giros de comercio, industrias o servicios.<\/p>\n<p>En su versi\u00f3n en l\u00ednea, detall\u00f3 el titular de la SEDECO, se puede acceder desde cualquier dispositivo m\u00f3vil con Internet y se pueden consultar nueve herramientas de an\u00e1lisis: territorial, econ\u00f3mica, buscador de proveedores, comparador de \u00e1reas, calculadora territorial, oferta inmobiliaria, oferta laboral, buscador de predios y mapas tem\u00e1ticos.<\/p>\n<p>El presidente del Consejo Consultivo del INEGI, Julio Alfonso Santaella Castell, indic\u00f3 que la CDMX es la entidad que contribuye a la actividad econ\u00f3mica a nivel nacional con 17 por ciento del Producto Interno Bruto.<\/p>\n<p>Detall\u00f3 que la OVIE presenta informaci\u00f3n referente a unidades econ\u00f3micas, l\u00edmites geogr\u00e1ficos, estad\u00edsticas ambientales, informaci\u00f3n del Censo de Poblaci\u00f3n y Vivienda y uso de suelo, entre otros.<\/p>\n","protected":false},"excerpt":{"rendered":"<p>CIUDAD DE M\u00c9XICO, 24 de marzo, (AZCAPO NOTICIAS\/C\u00cdRCULO DIGITAL).\u2014La Oficina Virtual de Informaci\u00f3n Econ\u00f3mica (OVIE) se suma a la tarea&#8230;<\/p>\n","protected":false},"author":1,"featured_media":0,"comment_status":"closed","ping_status":"closed","sticky":false,"template":"","format":"standard","meta":{"footnotes":""},"categories":[91,1796,73],"tags":[261,77],"class_list":["post-56207","post","type-post","status-publish","format-standard","hentry","category-cdmx","category-circulodigital","category-principal","tag-cdmx","tag-principal"],"yoast_head":"<!-- This site is optimized with the Yoast SEO plugin v26.5 - https:\/\/yoast.com\/wordpress\/plugins\/seo\/ -->\n<title>Mancera presenta plataforma OVIE para apoyar emprendedores en CDMX - NOTICIAS<\/title>\n<meta name=\"robots\" content=\"index, follow, max-snippet:-1, max-image-preview:large, max-video-preview:-1\" \/>\n<link rel=\"canonical\" href=\"https:\/\/laredsocial-noticias.com\/wp\/mancera-presenta-plataforma-ovie-para-apoyar-emprendedores-en-cdmx\/\" \/>\n<meta property=\"og:locale\" content=\"es_ES\" \/>\n<meta property=\"og:type\" content=\"article\" \/>\n<meta property=\"og:title\" content=\"Mancera presenta plataforma OVIE para apoyar emprendedores en CDMX - NOTICIAS\" \/>\n<meta property=\"og:description\" content=\"CIUDAD DE M\u00c9XICO, 24 de marzo, (AZCAPO NOTICIAS\/C\u00cdRCULO DIGITAL).\u2014La Oficina Virtual de Informaci\u00f3n Econ\u00f3mica (OVIE) se suma a la tarea...\" \/>\n<meta property=\"og:url\" content=\"https:\/\/laredsocial-noticias.com\/wp\/mancera-presenta-plataforma-ovie-para-apoyar-emprendedores-en-cdmx\/\" \/>\n<meta property=\"og:site_name\" content=\"NOTICIAS\" \/>\n<meta property=\"article:published_time\" content=\"2017-03-24T23:30:34+00:00\" \/>\n<meta property=\"og:image\" content=\"https:\/\/laredsocial-noticias.com\/wp\/wp-content\/uploads\/2017\/03\/Mancera-firma-convenio-con-INEGI.jpg\" \/>\n\t<meta property=\"og:image:width\" content=\"600\" \/>\n\t<meta property=\"og:image:height\" content=\"398\" \/>\n\t<meta property=\"og:image:type\" content=\"image\/jpeg\" \/>\n<meta name=\"author\" content=\"Editor en Jefe\" \/>\n<meta name=\"twitter:card\" content=\"summary_large_image\" \/>\n<meta name=\"twitter:label1\" content=\"Escrito por\" \/>\n\t<meta name=\"twitter:data1\" content=\"Editor en Jefe\" \/>\n\t<meta name=\"twitter:label2\" content=\"Tiempo de lectura\" \/>\n\t<meta name=\"twitter:data2\" content=\"2 minutos\" \/>\n<!-- \/ Yoast SEO plugin. -->","yoast_head_json":{"title":"Mancera presenta plataforma OVIE para apoyar emprendedores en CDMX - NOTICIAS","robots":{"index":"index","follow":"follow","max-snippet":"max-snippet:-1","max-image-preview":"max-image-preview:large","max-video-preview":"max-video-preview:-1"},"canonical":"https:\/\/laredsocial-noticias.com\/wp\/mancera-presenta-plataforma-ovie-para-apoyar-emprendedores-en-cdmx\/","og_locale":"es_ES","og_type":"article","og_title":"Mancera presenta plataforma OVIE para apoyar emprendedores en CDMX - NOTICIAS","og_description":"CIUDAD DE M\u00c9XICO, 24 de marzo, (AZCAPO NOTICIAS\/C\u00cdRCULO DIGITAL).\u2014La Oficina Virtual de Informaci\u00f3n Econ\u00f3mica (OVIE) se suma a la tarea...","og_url":"https:\/\/laredsocial-noticias.com\/wp\/mancera-presenta-plataforma-ovie-para-apoyar-emprendedores-en-cdmx\/","og_site_name":"NOTICIAS","article_published_time":"2017-03-24T23:30:34+00:00","og_image":[{"width":600,"height":398,"url":"https:\/\/laredsocial-noticias.com\/wp\/wp-content\/uploads\/2017\/03\/Mancera-firma-convenio-con-INEGI.jpg","type":"image\/jpeg"}],"author":"Editor en Jefe","twitter_card":"summary_large_image","twitter_misc":{"Escrito por":"Editor en Jefe","Tiempo de lectura":"2 minutos"},"schema":{"@context":"https:\/\/schema.org","@graph":[{"@type":"WebPage","@id":"https:\/\/laredsocial-noticias.com\/wp\/mancera-presenta-plataforma-ovie-para-apoyar-emprendedores-en-cdmx\/","url":"https:\/\/laredsocial-noticias.com\/wp\/mancera-presenta-plataforma-ovie-para-apoyar-emprendedores-en-cdmx\/","name":"Mancera presenta plataforma OVIE para apoyar emprendedores en CDMX - NOTICIAS","isPartOf":{"@id":"https:\/\/laredsocial-noticias.com\/wp\/#website"},"datePublished":"2017-03-24T23:30:34+00:00","author":{"@id":"https:\/\/laredsocial-noticias.com\/wp\/#\/schema\/person\/0ce78643f2de7aae6f6ef10e8453a6e0"},"breadcrumb":{"@id":"https:\/\/laredsocial-noticias.com\/wp\/mancera-presenta-plataforma-ovie-para-apoyar-emprendedores-en-cdmx\/#breadcrumb"},"inLanguage":"es","potentialAction":[{"@type":"ReadAction","target":["https:\/\/laredsocial-noticias.com\/wp\/mancera-presenta-plataforma-ovie-para-apoyar-emprendedores-en-cdmx\/"]}]},{"@type":"BreadcrumbList","@id":"https:\/\/laredsocial-noticias.com\/wp\/mancera-presenta-plataforma-ovie-para-apoyar-emprendedores-en-cdmx\/#breadcrumb","itemListElement":[{"@type":"ListItem","position":1,"name":"Portada","item":"https:\/\/laredsocial-noticias.com\/wp\/"},{"@type":"ListItem","position":2,"name":"Mancera presenta plataforma OVIE para apoyar emprendedores en CDMX"}]},{"@type":"WebSite","@id":"https:\/\/laredsocial-noticias.com\/wp\/#website","url":"https:\/\/laredsocial-noticias.com\/wp\/","name":"NOTICIAS","description":"Lo que se ve y se dice en las redes sociales","potentialAction":[{"@type":"SearchAction","target":{"@type":"EntryPoint","urlTemplate":"https:\/\/laredsocial-noticias.com\/wp\/?s={search_term_string}"},"query-input":{"@type":"PropertyValueSpecification","valueRequired":true,"valueName":"search_term_string"}}],"inLanguage":"es"},{"@type":"Person","@id":"https:\/\/laredsocial-noticias.com\/wp\/#\/schema\/person\/0ce78643f2de7aae6f6ef10e8453a6e0","name":"Editor en Jefe","url":"https:\/\/laredsocial-noticias.com\/wp\/author\/jorgeochoa\/"}]}},"_links":{"self":[{"href":"https:\/\/laredsocial-noticias.com\/wp\/wp-json\/wp\/v2\/posts\/56207","targetHints":{"allow":["GET"]}}],"collection":[{"href":"https:\/\/laredsocial-noticias.com\/wp\/wp-json\/wp\/v2\/posts"}],"about":[{"href":"https:\/\/laredsocial-noticias.com\/wp\/wp-json\/wp\/v2\/types\/post"}],"author":[{"embeddable":true,"href":"https:\/\/laredsocial-noticias.com\/wp\/wp-json\/wp\/v2\/users\/1"}],"replies":[{"embeddable":true,"href":"https:\/\/laredsocial-noticias.com\/wp\/wp-json\/wp\/v2\/comments?post=56207"}],"version-history":[{"count":1,"href":"https:\/\/laredsocial-noticias.com\/wp\/wp-json\/wp\/v2\/posts\/56207\/revisions"}],"predecessor-version":[{"id":56208,"href":"https:\/\/laredsocial-noticias.com\/wp\/wp-json\/wp\/v2\/posts\/56207\/revisions\/56208"}],"wp:attachment":[{"href":"https:\/\/laredsocial-noticias.com\/wp\/wp-json\/wp\/v2\/media?parent=56207"}],"wp:term":[{"taxonomy":"category","embeddable":true,"href":"https:\/\/laredsocial-noticias.com\/wp\/wp-json\/wp\/v2\/categories?post=56207"},{"taxonomy":"post_tag","embeddable":true,"href":"https:\/\/laredsocial-noticias.com\/wp\/wp-json\/wp\/v2\/tags?post=56207"}],"curies":[{"name":"wp","href":"https:\/\/api.w.org\/{rel}","templated":true}]}}