{"id":57059,"date":"2017-03-29T16:59:58","date_gmt":"2017-03-29T22:59:58","guid":{"rendered":"http:\/\/laredsocial-noticias.com\/wp\/?p=57059"},"modified":"2017-03-29T18:00:07","modified_gmt":"2017-03-29T23:00:07","slug":"se-pronuncian-senadores-por-un-nuevo-modelo-de-desarrollo-que-impulse-el-crecimiento-economico-en-el-pais","status":"publish","type":"post","link":"https:\/\/laredsocial-noticias.com\/wp\/se-pronuncian-senadores-por-un-nuevo-modelo-de-desarrollo-que-impulse-el-crecimiento-economico-en-el-pais\/","title":{"rendered":"Se pronuncian senadores por un nuevo modelo de desarrollo que impulse el crecimiento econ\u00f3mico en el pa\u00eds"},"content":{"rendered":"<p><strong>CIUDAD DE M\u00c9XICO, 29 de marzo, (ATIZAP\u00c1N HOY\/C\u00cdRCULO DIGITAL).\u2014\u00a0<\/strong>Senadores de diversos grupos parlamentarios coincidieron en la necesidad de impulsar un nuevo modelo de desarrollo, a fin de promover el crecimiento econ\u00f3mico en las regiones m\u00e1s pobres del pa\u00eds, que genere mejores empleos y salarios, as\u00ed como una mayor infraestructura.<\/p>\n<p><span lang=\"ES-TRAD\">Durante la reuni\u00f3n de trabajo de la Comisi\u00f3n Especial Sur-Sureste, el senador del Grupo Parlamentario del PRI, Humberto Mayans Canabal, resalt\u00f3 que esta regi\u00f3n est\u00e1 sumida en el atraso, sin educaci\u00f3n de calidad, sin investigaci\u00f3n cient\u00edfica ni tecnol\u00f3gica y sin infraestructura moderna; es decir, sin la posibilidad de competir con el centro y el norte industrial.<\/span><\/p>\n<p><span lang=\"ES-TRAD\">Al se\u00f1alar que los beneficios del Tratado de Libre Comercio (TLC) son muy claros, dijo que solamente el 11 por ciento de esos beneficios lleg\u00f3 al Sur-Sureste. Esta es la causa de dichas carencias y de que se haya generado un vac\u00edo, acot\u00f3.<\/span><\/p>\n<p><span lang=\"ES-TRAD\">Lo que se debe hacer, consider\u00f3, es repensar el modelo de desarrollo de M\u00e9xico, de fondo, un nuevo planteamiento para la realidad que se vive; y aprovechar el conflicto con Estados Unidos para diversificar mercados hacia Europa, Am\u00e9rica Latina y otras zonas.<\/span><\/p>\n<p><span lang=\"ES-TRAD\">El coordinador Nacional de la Comisi\u00f3n Nacional para el Conocimiento y uso de la biodiversidad (Conabio), Jos\u00e9 Sarukh\u00e1n Kermez, coment\u00f3 que la regi\u00f3n Sur-Sureste no s\u00f3lo debe beneficiar a unas cuantas empresas sino a la gente. Consider\u00f3 que ese es el problema central de un programa de desarrollo.<\/span><\/p>\n<p><span lang=\"ES-TRAD\">\u201cPueden venir muchas empresas transnacionales de fuera y pueden ubicarse aqu\u00ed y hacer un negocio; y lo m\u00e1s que se va a lograr, es que haya empleos. Lo que no vamos a lograr es cambiar el estatus de vida. Y, yo creo, que tenemos todas las posibilidades, si hay un programa de desarrollo adecuado, de hacer de muchas de esas personas empresarios de su propia riqueza, de reconocerla, de saberla usar, de saberla desarrollar adecuadamente y darles un sentimiento de empoderamiento\u201d, se\u00f1al\u00f3.<\/span><\/p>\n<p><span lang=\"ES-TRAD\">Advirti\u00f3 que si la gente no aprende a utilizar y aprovechar el patrimonio de la regi\u00f3n, que son hect\u00e1reas de bosques o de selva, se generar\u00e1 un doble problema, pues se perder\u00e1 la diversidad biol\u00f3gica, \u201cque es esencial para ellos y para todo el pa\u00eds\u201d.<\/span><\/p>\n<p><span lang=\"ES-TRAD\">Sarukh\u00e1n Kermez subray\u00f3 que la biodiversidad ha permitido la diversidad cultural de nuestro pa\u00eds. Debemos procurar, dijo, que esa riqueza se vuelva tal en el sentido de transformar elementos que le permitan a la gente vivir bien, mejorar, y llevar un manejo adecuado y sustentable, a fin de establecer el binomio riqueza biol\u00f3gica-riqueza cultural.<\/span><\/p>\n<p><span lang=\"ES-TRAD\">El senador Benjam\u00edn Robles Montoya refiri\u00f3 que en el Sur Sureste el deterioro ambiental ha sido grav\u00edsimo, y resulta indispensable conocer su estado actual, en aras de contribuir a la conservaci\u00f3n de la biodiversidad del pa\u00eds, as\u00ed como a su aprovechamiento sustentable.<\/span><\/p>\n<p><span lang=\"ES-TRAD\">Abund\u00f3 que se necesita ir a los estados de la regi\u00f3n, para concretar, junto con instancias estatales, municipales y acad\u00e9micas un modelo de desarrollo que permita una reconstrucci\u00f3n.<\/span><\/p>\n<p><span lang=\"ES-TRAD\">Por su parte, la senadora Luz Mar\u00eda Beristain Navarrete consider\u00f3 que la esencia del problema ha sido el modelo econ\u00f3mico de desarrollo. Tenemos que reinventar M\u00e9xico, esta es una coyuntura que los mexicanos debemos aprovechar para generar un cambio estructural en la regi\u00f3n Sur-Sureste, que es la parte m\u00e1s olvidada de la Rep\u00fablica, asever\u00f3.\u00a0<\/span><\/p>\n<p><span lang=\"ES-TRAD\">El senador del Grupo Parlamentario del PT, Carlos Manuel Merino Campos, coincidi\u00f3 en que es muy importante el aprovechamiento y el cuidado de los recursos, pues es algo que tiene que ver, incluso, con el tema de la seguridad nacional.<\/span><\/p>\n","protected":false},"excerpt":{"rendered":"<p>CIUDAD DE M\u00c9XICO, 29 de marzo, (ATIZAP\u00c1N HOY\/C\u00cdRCULO DIGITAL).\u2014\u00a0Senadores de diversos grupos parlamentarios coincidieron en la necesidad de impulsar un&#8230;<\/p>\n","protected":false},"author":1,"featured_media":0,"comment_status":"closed","ping_status":"closed","sticky":false,"template":"","format":"standard","meta":{"footnotes":""},"categories":[1796,73],"tags":[332,77],"class_list":["post-57059","post","type-post","status-publish","format-standard","hentry","category-circulodigital","category-principal","tag-mexico","tag-principal"],"yoast_head":"<!-- This site is optimized with the Yoast SEO plugin v26.5 - https:\/\/yoast.com\/wordpress\/plugins\/seo\/ -->\n<title>Se pronuncian senadores por un nuevo modelo de desarrollo que impulse el crecimiento econ\u00f3mico en el pa\u00eds - NOTICIAS<\/title>\n<meta name=\"robots\" content=\"index, follow, max-snippet:-1, max-image-preview:large, max-video-preview:-1\" \/>\n<link rel=\"canonical\" href=\"https:\/\/laredsocial-noticias.com\/wp\/se-pronuncian-senadores-por-un-nuevo-modelo-de-desarrollo-que-impulse-el-crecimiento-economico-en-el-pais\/\" \/>\n<meta property=\"og:locale\" content=\"es_ES\" \/>\n<meta property=\"og:type\" content=\"article\" \/>\n<meta property=\"og:title\" content=\"Se pronuncian senadores por un nuevo modelo de desarrollo que impulse el crecimiento econ\u00f3mico en el pa\u00eds - NOTICIAS\" \/>\n<meta property=\"og:description\" content=\"CIUDAD DE M\u00c9XICO, 29 de marzo, (ATIZAP\u00c1N HOY\/C\u00cdRCULO DIGITAL).\u2014\u00a0Senadores de diversos grupos parlamentarios coincidieron en la necesidad de impulsar un...\" \/>\n<meta property=\"og:url\" content=\"https:\/\/laredsocial-noticias.com\/wp\/se-pronuncian-senadores-por-un-nuevo-modelo-de-desarrollo-que-impulse-el-crecimiento-economico-en-el-pais\/\" \/>\n<meta property=\"og:site_name\" content=\"NOTICIAS\" \/>\n<meta property=\"article:published_time\" content=\"2017-03-29T22:59:58+00:00\" \/>\n<meta property=\"article:modified_time\" content=\"2017-03-29T23:00:07+00:00\" \/>\n<meta property=\"og:image\" content=\"https:\/\/laredsocial-noticias.com\/wp\/wp-content\/uploads\/2017\/03\/Comisi\u00f3n-Especial-Sur-Sureste.jpg\" \/>\n\t<meta property=\"og:image:width\" content=\"600\" \/>\n\t<meta property=\"og:image:height\" content=\"400\" \/>\n\t<meta property=\"og:image:type\" content=\"image\/jpeg\" \/>\n<meta name=\"author\" content=\"Editor en Jefe\" \/>\n<meta name=\"twitter:card\" content=\"summary_large_image\" \/>\n<meta name=\"twitter:label1\" content=\"Escrito por\" \/>\n\t<meta name=\"twitter:data1\" content=\"Editor en Jefe\" \/>\n\t<meta name=\"twitter:label2\" content=\"Tiempo de lectura\" \/>\n\t<meta name=\"twitter:data2\" content=\"3 minutos\" \/>\n<!-- \/ Yoast SEO plugin. -->","yoast_head_json":{"title":"Se pronuncian senadores por un nuevo modelo de desarrollo que impulse el crecimiento econ\u00f3mico en el pa\u00eds - NOTICIAS","robots":{"index":"index","follow":"follow","max-snippet":"max-snippet:-1","max-image-preview":"max-image-preview:large","max-video-preview":"max-video-preview:-1"},"canonical":"https:\/\/laredsocial-noticias.com\/wp\/se-pronuncian-senadores-por-un-nuevo-modelo-de-desarrollo-que-impulse-el-crecimiento-economico-en-el-pais\/","og_locale":"es_ES","og_type":"article","og_title":"Se pronuncian senadores por un nuevo modelo de desarrollo que impulse el crecimiento econ\u00f3mico en el pa\u00eds - NOTICIAS","og_description":"CIUDAD DE M\u00c9XICO, 29 de marzo, (ATIZAP\u00c1N HOY\/C\u00cdRCULO DIGITAL).\u2014\u00a0Senadores de diversos grupos parlamentarios coincidieron en la necesidad de impulsar un...","og_url":"https:\/\/laredsocial-noticias.com\/wp\/se-pronuncian-senadores-por-un-nuevo-modelo-de-desarrollo-que-impulse-el-crecimiento-economico-en-el-pais\/","og_site_name":"NOTICIAS","article_published_time":"2017-03-29T22:59:58+00:00","article_modified_time":"2017-03-29T23:00:07+00:00","og_image":[{"width":600,"height":400,"url":"https:\/\/laredsocial-noticias.com\/wp\/wp-content\/uploads\/2017\/03\/Comisi\u00f3n-Especial-Sur-Sureste.jpg","type":"image\/jpeg"}],"author":"Editor en Jefe","twitter_card":"summary_large_image","twitter_misc":{"Escrito por":"Editor en Jefe","Tiempo de lectura":"3 minutos"},"schema":{"@context":"https:\/\/schema.org","@graph":[{"@type":"WebPage","@id":"https:\/\/laredsocial-noticias.com\/wp\/se-pronuncian-senadores-por-un-nuevo-modelo-de-desarrollo-que-impulse-el-crecimiento-economico-en-el-pais\/","url":"https:\/\/laredsocial-noticias.com\/wp\/se-pronuncian-senadores-por-un-nuevo-modelo-de-desarrollo-que-impulse-el-crecimiento-economico-en-el-pais\/","name":"Se pronuncian senadores por un nuevo modelo de desarrollo que impulse el crecimiento econ\u00f3mico en el pa\u00eds - NOTICIAS","isPartOf":{"@id":"https:\/\/laredsocial-noticias.com\/wp\/#website"},"datePublished":"2017-03-29T22:59:58+00:00","dateModified":"2017-03-29T23:00:07+00:00","author":{"@id":"https:\/\/laredsocial-noticias.com\/wp\/#\/schema\/person\/0ce78643f2de7aae6f6ef10e8453a6e0"},"breadcrumb":{"@id":"https:\/\/laredsocial-noticias.com\/wp\/se-pronuncian-senadores-por-un-nuevo-modelo-de-desarrollo-que-impulse-el-crecimiento-economico-en-el-pais\/#breadcrumb"},"inLanguage":"es","potentialAction":[{"@type":"ReadAction","target":["https:\/\/laredsocial-noticias.com\/wp\/se-pronuncian-senadores-por-un-nuevo-modelo-de-desarrollo-que-impulse-el-crecimiento-economico-en-el-pais\/"]}]},{"@type":"BreadcrumbList","@id":"https:\/\/laredsocial-noticias.com\/wp\/se-pronuncian-senadores-por-un-nuevo-modelo-de-desarrollo-que-impulse-el-crecimiento-economico-en-el-pais\/#breadcrumb","itemListElement":[{"@type":"ListItem","position":1,"name":"Portada","item":"https:\/\/laredsocial-noticias.com\/wp\/"},{"@type":"ListItem","position":2,"name":"Se pronuncian senadores por un nuevo modelo de desarrollo que impulse el crecimiento econ\u00f3mico en el pa\u00eds"}]},{"@type":"WebSite","@id":"https:\/\/laredsocial-noticias.com\/wp\/#website","url":"https:\/\/laredsocial-noticias.com\/wp\/","name":"NOTICIAS","description":"Lo que se ve y se dice en las redes sociales","potentialAction":[{"@type":"SearchAction","target":{"@type":"EntryPoint","urlTemplate":"https:\/\/laredsocial-noticias.com\/wp\/?s={search_term_string}"},"query-input":{"@type":"PropertyValueSpecification","valueRequired":true,"valueName":"search_term_string"}}],"inLanguage":"es"},{"@type":"Person","@id":"https:\/\/laredsocial-noticias.com\/wp\/#\/schema\/person\/0ce78643f2de7aae6f6ef10e8453a6e0","name":"Editor en Jefe","url":"https:\/\/laredsocial-noticias.com\/wp\/author\/jorgeochoa\/"}]}},"_links":{"self":[{"href":"https:\/\/laredsocial-noticias.com\/wp\/wp-json\/wp\/v2\/posts\/57059","targetHints":{"allow":["GET"]}}],"collection":[{"href":"https:\/\/laredsocial-noticias.com\/wp\/wp-json\/wp\/v2\/posts"}],"about":[{"href":"https:\/\/laredsocial-noticias.com\/wp\/wp-json\/wp\/v2\/types\/post"}],"author":[{"embeddable":true,"href":"https:\/\/laredsocial-noticias.com\/wp\/wp-json\/wp\/v2\/users\/1"}],"replies":[{"embeddable":true,"href":"https:\/\/laredsocial-noticias.com\/wp\/wp-json\/wp\/v2\/comments?post=57059"}],"version-history":[{"count":1,"href":"https:\/\/laredsocial-noticias.com\/wp\/wp-json\/wp\/v2\/posts\/57059\/revisions"}],"predecessor-version":[{"id":57060,"href":"https:\/\/laredsocial-noticias.com\/wp\/wp-json\/wp\/v2\/posts\/57059\/revisions\/57060"}],"wp:attachment":[{"href":"https:\/\/laredsocial-noticias.com\/wp\/wp-json\/wp\/v2\/media?parent=57059"}],"wp:term":[{"taxonomy":"category","embeddable":true,"href":"https:\/\/laredsocial-noticias.com\/wp\/wp-json\/wp\/v2\/categories?post=57059"},{"taxonomy":"post_tag","embeddable":true,"href":"https:\/\/laredsocial-noticias.com\/wp\/wp-json\/wp\/v2\/tags?post=57059"}],"curies":[{"name":"wp","href":"https:\/\/api.w.org\/{rel}","templated":true}]}}