{"id":58532,"date":"2017-04-06T10:09:08","date_gmt":"2017-04-06T15:09:08","guid":{"rendered":"http:\/\/laredsocial-noticias.com\/wp\/?p=58532"},"modified":"2017-04-06T10:09:17","modified_gmt":"2017-04-06T15:09:17","slug":"protegerse-de-los-rayos-solares-no-solo-en-la-playa-tambien-en-la-ciudad-de-mexico","status":"publish","type":"post","link":"https:\/\/laredsocial-noticias.com\/wp\/protegerse-de-los-rayos-solares-no-solo-en-la-playa-tambien-en-la-ciudad-de-mexico\/","title":{"rendered":"Protegerse de los rayos solares no solo en la playa, tambi\u00e9n en la Ciudad de M\u00e9xico"},"content":{"rendered":"<p><strong>CIUDAD DE M\u00c9XICO, 06 de abril, (MOMENTO INFORMATIVO\u00a0\/ C\u00cdRCULO DIGITAL).-\u00a0<\/strong>El cuidado de la piel contra los rayos solares no s\u00f3lo debe darse durante las vacaciones en la playa, sino tambi\u00e9n en la Ciudad de M\u00e9xico porque, al ubicarse a dos mil metros de altura sobre el nivel del mar, est\u00e1 m\u00e1s cerca del sol y recibe m\u00e1s radiaci\u00f3n, dice el experto Rodrigo Rold\u00e1n Marin.<\/p>\n<p class=\"text\">El director de la Cl\u00ednica de Oncodermatolog\u00eda de la Facultad de Medicina de la Universidad Nacional Aut\u00f3noma de M\u00e9xico, explica que el c\u00e1ncer de piel es un problema de todos y desde 2001 es el segundo m\u00e1s frecuente en M\u00e9xico; diversos factores inciden en este problema de salud p\u00fablica.<\/p>\n<p class=\"text\">Se\u00f1ala que este mal es una manifestaci\u00f3n de da\u00f1o solar acumulado: la excesiva y recurrente exposici\u00f3n al Sol, desde la infancia y sin cuidados, es el factor n\u00famero uno; cuando la piel se pone roja despu\u00e9s de asolearse es se\u00f1al de alarma, pues en algunos a\u00f1os se podr\u00eda presentar esta enfermedad.<\/p>\n<p class=\"text\">&#8220;Si observamos las pinturas de los impresionistas, como Claude Monet, Edouard Manet o Paul C\u00e9zanne, en muchas de ellas retratan a mujeres en la campi\u00f1a o en la playa cubiertas con un sombrero, con mangas largas y muchas veces con una sombrilla que las protegen de los rayos solares.<\/p>\n<p class=\"text\">La raz\u00f3n era que en el siglo XIX la blancura de la piel estaba directamente relacionada con la belleza&#8221;; sin embargo ahora, el bronceado est\u00e1 de moda como un s\u00edmbolo de estatus, lo que ha aumentado notablemente la prevalencia de este mal.<\/p>\n<p class=\"text\">Mencion\u00f3 que aunque la piel de los mexicanos sea morena, no significa que resista m\u00e1s el sol y tenga menos posibilidades de desarrollar c\u00e1ncer; ser gen\u00e9ticamente mestizos nos hace portadores de genes cauc\u00e1sicos, susceptibles a padecerlo.<\/p>\n<p class=\"text\">Por ello, recomienda despu\u00e9s de los 40 a\u00f1os visitar al dermat\u00f3logo por lo menos una vez al a\u00f1o; el sol debe tomarse sin quemarse la piel, sin broncearse; por la ma\u00f1ana, antes de las 10:00, y despu\u00e9s de las 17:00; con ropa de algod\u00f3n o lino de manga larga, sombrero de ala ancha y lentes oscuros, &#8220;como artista de cine&#8221;.<\/p>\n<p class=\"text\">Media hora antes de exponerse a los rayos del sol se debe usar un bloqueador o filtro solar con un factor de protecci\u00f3n (FPS) m\u00ednimo de 30, o de 50 si es posible, y reaplicarlo cada cuatro horas; utilizarlo no s\u00f3lo en la playa, sino como rutina diaria.<\/p>\n<p class=\"text\">Adem\u00e1s, no usar camas de bronceado, que son m\u00e1s peligrosas que la radiaci\u00f3n solar natural.<\/p>\n<p class=\"text\">Destac\u00f3 que la Cl\u00ednica de Oncodermatolog\u00eda est\u00e1 abierta para todo p\u00fablico. Se encuentra en la Unidad de Atenci\u00f3n M\u00e9dica de Alta Especialidad, a un costado de la Direcci\u00f3n General de Atenci\u00f3n a la Salud y de la Direcci\u00f3n General del CCH, cerca de la Torre de Rector\u00eda, en Ciudad Universitaria.<\/p>\n<p class=\"text\">El horario de atenci\u00f3n es de lunes a viernes de 9:00 a 14:00; lunes, mi\u00e9rcoles y jueves de 15:00 a 19:00, y los s\u00e1bados de 10:00 a 14:00.<\/p>\n<div class=\"articleCredit\"><\/div>\n<p>&nbsp;<\/p>\n","protected":false},"excerpt":{"rendered":"<p>CIUDAD DE M\u00c9XICO, 06 de abril, (MOMENTO INFORMATIVO\u00a0\/ C\u00cdRCULO DIGITAL).-\u00a0El cuidado de la piel contra los rayos solares no s\u00f3lo&#8230;<\/p>\n","protected":false},"author":1,"featured_media":0,"comment_status":"closed","ping_status":"closed","sticky":false,"template":"","format":"standard","meta":{"footnotes":""},"categories":[1377,1796],"tags":[1525],"class_list":["post-58532","post","type-post","status-publish","format-standard","hentry","category-ciencia-y-tecnologia","category-circulodigital","tag-ciencia-y-tecnologia"],"yoast_head":"<!-- This site is optimized with the Yoast SEO plugin v26.5 - https:\/\/yoast.com\/wordpress\/plugins\/seo\/ -->\n<title>Protegerse de los rayos solares no solo en la playa, tambi\u00e9n en la Ciudad de M\u00e9xico - NOTICIAS<\/title>\n<meta name=\"robots\" content=\"index, follow, max-snippet:-1, max-image-preview:large, max-video-preview:-1\" \/>\n<link rel=\"canonical\" href=\"https:\/\/laredsocial-noticias.com\/wp\/protegerse-de-los-rayos-solares-no-solo-en-la-playa-tambien-en-la-ciudad-de-mexico\/\" \/>\n<meta property=\"og:locale\" content=\"es_ES\" \/>\n<meta property=\"og:type\" content=\"article\" \/>\n<meta property=\"og:title\" content=\"Protegerse de los rayos solares no solo en la playa, tambi\u00e9n en la Ciudad de M\u00e9xico - NOTICIAS\" \/>\n<meta property=\"og:description\" content=\"CIUDAD DE M\u00c9XICO, 06 de abril, (MOMENTO INFORMATIVO\u00a0\/ C\u00cdRCULO DIGITAL).-\u00a0El cuidado de la piel contra los rayos solares no s\u00f3lo...\" \/>\n<meta property=\"og:url\" content=\"https:\/\/laredsocial-noticias.com\/wp\/protegerse-de-los-rayos-solares-no-solo-en-la-playa-tambien-en-la-ciudad-de-mexico\/\" \/>\n<meta property=\"og:site_name\" content=\"NOTICIAS\" \/>\n<meta property=\"article:published_time\" content=\"2017-04-06T15:09:08+00:00\" \/>\n<meta property=\"article:modified_time\" content=\"2017-04-06T15:09:17+00:00\" \/>\n<meta property=\"og:image\" content=\"https:\/\/laredsocial-noticias.com\/wp\/wp-content\/uploads\/2017\/04\/Bloqueador.jpg\" \/>\n\t<meta property=\"og:image:width\" content=\"632\" \/>\n\t<meta property=\"og:image:height\" content=\"356\" \/>\n\t<meta property=\"og:image:type\" content=\"image\/jpeg\" \/>\n<meta name=\"author\" content=\"Editor en Jefe\" \/>\n<meta name=\"twitter:card\" content=\"summary_large_image\" \/>\n<meta name=\"twitter:label1\" content=\"Escrito por\" \/>\n\t<meta name=\"twitter:data1\" content=\"Editor en Jefe\" \/>\n\t<meta name=\"twitter:label2\" content=\"Tiempo de lectura\" \/>\n\t<meta name=\"twitter:data2\" content=\"3 minutos\" \/>\n<!-- \/ Yoast SEO plugin. -->","yoast_head_json":{"title":"Protegerse de los rayos solares no solo en la playa, tambi\u00e9n en la Ciudad de M\u00e9xico - NOTICIAS","robots":{"index":"index","follow":"follow","max-snippet":"max-snippet:-1","max-image-preview":"max-image-preview:large","max-video-preview":"max-video-preview:-1"},"canonical":"https:\/\/laredsocial-noticias.com\/wp\/protegerse-de-los-rayos-solares-no-solo-en-la-playa-tambien-en-la-ciudad-de-mexico\/","og_locale":"es_ES","og_type":"article","og_title":"Protegerse de los rayos solares no solo en la playa, tambi\u00e9n en la Ciudad de M\u00e9xico - NOTICIAS","og_description":"CIUDAD DE M\u00c9XICO, 06 de abril, (MOMENTO INFORMATIVO\u00a0\/ C\u00cdRCULO DIGITAL).-\u00a0El cuidado de la piel contra los rayos solares no s\u00f3lo...","og_url":"https:\/\/laredsocial-noticias.com\/wp\/protegerse-de-los-rayos-solares-no-solo-en-la-playa-tambien-en-la-ciudad-de-mexico\/","og_site_name":"NOTICIAS","article_published_time":"2017-04-06T15:09:08+00:00","article_modified_time":"2017-04-06T15:09:17+00:00","og_image":[{"width":632,"height":356,"url":"https:\/\/laredsocial-noticias.com\/wp\/wp-content\/uploads\/2017\/04\/Bloqueador.jpg","type":"image\/jpeg"}],"author":"Editor en Jefe","twitter_card":"summary_large_image","twitter_misc":{"Escrito por":"Editor en Jefe","Tiempo de lectura":"3 minutos"},"schema":{"@context":"https:\/\/schema.org","@graph":[{"@type":"WebPage","@id":"https:\/\/laredsocial-noticias.com\/wp\/protegerse-de-los-rayos-solares-no-solo-en-la-playa-tambien-en-la-ciudad-de-mexico\/","url":"https:\/\/laredsocial-noticias.com\/wp\/protegerse-de-los-rayos-solares-no-solo-en-la-playa-tambien-en-la-ciudad-de-mexico\/","name":"Protegerse de los rayos solares no solo en la playa, tambi\u00e9n en la Ciudad de M\u00e9xico - NOTICIAS","isPartOf":{"@id":"https:\/\/laredsocial-noticias.com\/wp\/#website"},"datePublished":"2017-04-06T15:09:08+00:00","dateModified":"2017-04-06T15:09:17+00:00","author":{"@id":"https:\/\/laredsocial-noticias.com\/wp\/#\/schema\/person\/0ce78643f2de7aae6f6ef10e8453a6e0"},"breadcrumb":{"@id":"https:\/\/laredsocial-noticias.com\/wp\/protegerse-de-los-rayos-solares-no-solo-en-la-playa-tambien-en-la-ciudad-de-mexico\/#breadcrumb"},"inLanguage":"es","potentialAction":[{"@type":"ReadAction","target":["https:\/\/laredsocial-noticias.com\/wp\/protegerse-de-los-rayos-solares-no-solo-en-la-playa-tambien-en-la-ciudad-de-mexico\/"]}]},{"@type":"BreadcrumbList","@id":"https:\/\/laredsocial-noticias.com\/wp\/protegerse-de-los-rayos-solares-no-solo-en-la-playa-tambien-en-la-ciudad-de-mexico\/#breadcrumb","itemListElement":[{"@type":"ListItem","position":1,"name":"Portada","item":"https:\/\/laredsocial-noticias.com\/wp\/"},{"@type":"ListItem","position":2,"name":"Protegerse de los rayos solares no solo en la playa, tambi\u00e9n en la Ciudad de M\u00e9xico"}]},{"@type":"WebSite","@id":"https:\/\/laredsocial-noticias.com\/wp\/#website","url":"https:\/\/laredsocial-noticias.com\/wp\/","name":"NOTICIAS","description":"Lo que se ve y se dice en las redes sociales","potentialAction":[{"@type":"SearchAction","target":{"@type":"EntryPoint","urlTemplate":"https:\/\/laredsocial-noticias.com\/wp\/?s={search_term_string}"},"query-input":{"@type":"PropertyValueSpecification","valueRequired":true,"valueName":"search_term_string"}}],"inLanguage":"es"},{"@type":"Person","@id":"https:\/\/laredsocial-noticias.com\/wp\/#\/schema\/person\/0ce78643f2de7aae6f6ef10e8453a6e0","name":"Editor en Jefe","url":"https:\/\/laredsocial-noticias.com\/wp\/author\/jorgeochoa\/"}]}},"_links":{"self":[{"href":"https:\/\/laredsocial-noticias.com\/wp\/wp-json\/wp\/v2\/posts\/58532","targetHints":{"allow":["GET"]}}],"collection":[{"href":"https:\/\/laredsocial-noticias.com\/wp\/wp-json\/wp\/v2\/posts"}],"about":[{"href":"https:\/\/laredsocial-noticias.com\/wp\/wp-json\/wp\/v2\/types\/post"}],"author":[{"embeddable":true,"href":"https:\/\/laredsocial-noticias.com\/wp\/wp-json\/wp\/v2\/users\/1"}],"replies":[{"embeddable":true,"href":"https:\/\/laredsocial-noticias.com\/wp\/wp-json\/wp\/v2\/comments?post=58532"}],"version-history":[{"count":1,"href":"https:\/\/laredsocial-noticias.com\/wp\/wp-json\/wp\/v2\/posts\/58532\/revisions"}],"predecessor-version":[{"id":58533,"href":"https:\/\/laredsocial-noticias.com\/wp\/wp-json\/wp\/v2\/posts\/58532\/revisions\/58533"}],"wp:attachment":[{"href":"https:\/\/laredsocial-noticias.com\/wp\/wp-json\/wp\/v2\/media?parent=58532"}],"wp:term":[{"taxonomy":"category","embeddable":true,"href":"https:\/\/laredsocial-noticias.com\/wp\/wp-json\/wp\/v2\/categories?post=58532"},{"taxonomy":"post_tag","embeddable":true,"href":"https:\/\/laredsocial-noticias.com\/wp\/wp-json\/wp\/v2\/tags?post=58532"}],"curies":[{"name":"wp","href":"https:\/\/api.w.org\/{rel}","templated":true}]}}