{"id":58744,"date":"2017-04-06T19:51:49","date_gmt":"2017-04-07T00:51:49","guid":{"rendered":"http:\/\/laredsocial-noticias.com\/wp\/?p=58744"},"modified":"2017-04-06T19:51:57","modified_gmt":"2017-04-07T00:51:57","slug":"promete-del-mazo-medicinas-suficientes-en-los-centros-de-salud","status":"publish","type":"post","link":"https:\/\/laredsocial-noticias.com\/wp\/promete-del-mazo-medicinas-suficientes-en-los-centros-de-salud\/","title":{"rendered":"Promete Del Mazo medicinas suficientes en los centros de salud"},"content":{"rendered":"<p><strong><span style=\"font-size: 13.5pt; color: #333333; background: white;\">SAN FELIPE DEL PROGRESO, Estado de M\u00e9xico, 06 de abril, (FRANCISCO MONTA\u00d1O \/ MENSAJE POL\u00cdTICO \/ C\u00cdRCULO DIGITAL).\u2014\u00a0<\/span><\/strong>En el coraz\u00f3n de la tierra mazahua en la entidad, Alfredo del Mazo, candidato al gobierno de la entidad por la coalici\u00f3n PRI, PVEM, Nueva Alianza y Encuentro Social, present\u00f3 sus propuestas para lograr que los centros de salud que existen en el territorio mexiquense tengan m\u00e1s m\u00e9dicos, enfermeras, medicinas suficientes y est\u00e9n abiertos para la atenci\u00f3n de la poblaci\u00f3n los siete d\u00edas de la semana.<\/p>\n<p dir=\"ltr\">En reuniones por separado, realizadas en la comunidad de San Pedro El Alto, en el municipio de San Felipe del Progreso,\u00a0 y m\u00e1s tarde en San Pedro de los Ba\u00f1os y en Concepci\u00f3n de los Ba\u00f1os, en Ixtlahuaca, reiter\u00f3 su compromiso por impulsar acciones para que las familias mexiquenses tengan m\u00e1s acceso a servicios de salud de calidad.<\/p>\n<p dir=\"ltr\">El candidato de la coalici\u00f3n al gobierno mexiquense se comprometi\u00f3 adem\u00e1s a impulsar unidades m\u00f3viles de atenci\u00f3n para las comunidades y cl\u00ednicas especializadas para atender a las mujeres.<\/p>\n<p dir=\"ltr\">Del Mazo reconoci\u00f3 que en la actual administraci\u00f3n estatal se han logrado grandes avances en materia de infraestructura, como la construcci\u00f3n de 122 centros m\u00e9dicos, pero tambi\u00e9n reconoci\u00f3 que es muy importante dotarlos de m\u00e9dicos, equipo y medicina necesarios para la demanda de la comunidad.<\/p>\n<p dir=\"ltr\">Luego de un recorrido, donde salud\u00f3 a los integrantes de estas comunidades de la \u201cgente del venado\u201d, Del Mazo record\u00f3 que una vez en el gobierno, no s\u00f3lo mantendr\u00e1 los programas sociales que hoy benefician a miles de familias de toda la entidad, sino que adem\u00e1s impulsar\u00e1 su crecimiento para que cada vez lleguen a m\u00e1s familias.<\/p>\n<p dir=\"ltr\">En este sitio, se comprometi\u00f3 adem\u00e1s a\u00a0 impulsar el apoyo necesario para conservar la riqueza de la lengua y la cultura de los pueblos originarios de la entidad, as\u00ed como la\u00a0 integraci\u00f3n de programas para comercializar, promover y vender las artesan\u00edas que producen.<\/p>\n<p dir=\"ltr\">Las frases de &#8220;Najo bi \u00f1ee ka in gumu joo bienje&#8221; (bienvenido a casa en mazahua) se o\u00edan y se le\u00edan en las cartulinas, entre los sombreros t\u00edpicos de la zona y las enaguas tableadas de colores vivos, las mejillas tostadas por el sol y los muchos mandiles\u00a0 que portaban las mujeres, como muestra de llevar las riendas de su hogar. &#8220;Van a tener m\u00e1s servicios de salud para que est\u00e9n tranquilas cuando sus hijos se enfermen&#8221;, les comentaba Del Mazo en su di\u00e1logo con estas afectivas comunidades.<\/p>\n<p dir=\"ltr\">En San Felipe El Alto la comunidad mazahua abraz\u00f3 a Alfredo Del Mazo, le regal\u00f3 un chaleco de lana y le puso un collar de flores, como signo de hospitalidad. El candidato escuch\u00f3 peticiones sobre servicios p\u00fablicos y de salud.<\/p>\n<p dir=\"ltr\">Al entrar a una tienda de abarrotes, do\u00f1a Rosa Gonz\u00e1lez le dijo, entre estambres e hilos de colores: &#8220;gracias a los priistas hemos tenido escuelas y hospitales, nosotros no miramos a ninguno m\u00e1s que a usted, porque los otras son unas desconocidas&#8221;. Les tomaron una foto y pronto la se\u00f1ora volte\u00f3 a decirle a las personas que la acompa\u00f1aban: &#8220;ahora me van a respetar eh? porque ya me abraz\u00f3 el candidato&#8221;. Risas de todos.<\/p>\n<p dir=\"ltr\">Y al grito de\u00a0 &#8220;mora toji&#8221; (vamos a ganar) en Ixtlahuaca le entregaron el bast\u00f3n de mando, mientras las mujeres le colocan un collar con pan t\u00edpico de la regi\u00f3n y le expresaban en mazahua &#8220;mizhokimi ra boski&#8221;(dios te bendiga).<\/p>\n","protected":false},"excerpt":{"rendered":"<p>SAN FELIPE DEL PROGRESO, Estado de M\u00e9xico, 06 de abril, (FRANCISCO MONTA\u00d1O \/ MENSAJE POL\u00cdTICO \/ C\u00cdRCULO DIGITAL).\u2014\u00a0En el coraz\u00f3n&#8230;<\/p>\n","protected":false},"author":1,"featured_media":0,"comment_status":"closed","ping_status":"closed","sticky":false,"template":"","format":"standard","meta":{"footnotes":""},"categories":[1796,4060,73],"tags":[77,4059],"class_list":["post-58744","post","type-post","status-publish","format-standard","hentry","category-circulodigital","category-eleccion-en-edomex","category-principal","tag-principal","tag-secciones"],"yoast_head":"<!-- This site is optimized with the Yoast SEO plugin v26.5 - https:\/\/yoast.com\/wordpress\/plugins\/seo\/ -->\n<title>Promete Del Mazo medicinas suficientes en los centros de salud - NOTICIAS<\/title>\n<meta name=\"robots\" content=\"index, follow, max-snippet:-1, max-image-preview:large, max-video-preview:-1\" \/>\n<link rel=\"canonical\" href=\"https:\/\/laredsocial-noticias.com\/wp\/promete-del-mazo-medicinas-suficientes-en-los-centros-de-salud\/\" \/>\n<meta property=\"og:locale\" content=\"es_ES\" \/>\n<meta property=\"og:type\" content=\"article\" \/>\n<meta property=\"og:title\" content=\"Promete Del Mazo medicinas suficientes en los centros de salud - NOTICIAS\" \/>\n<meta property=\"og:description\" content=\"SAN FELIPE DEL PROGRESO, Estado de M\u00e9xico, 06 de abril, (FRANCISCO MONTA\u00d1O \/ MENSAJE POL\u00cdTICO \/ C\u00cdRCULO DIGITAL).\u2014\u00a0En el coraz\u00f3n...\" \/>\n<meta property=\"og:url\" content=\"https:\/\/laredsocial-noticias.com\/wp\/promete-del-mazo-medicinas-suficientes-en-los-centros-de-salud\/\" \/>\n<meta property=\"og:site_name\" content=\"NOTICIAS\" \/>\n<meta property=\"article:published_time\" content=\"2017-04-07T00:51:49+00:00\" \/>\n<meta property=\"article:modified_time\" content=\"2017-04-07T00:51:57+00:00\" \/>\n<meta property=\"og:image\" content=\"https:\/\/laredsocial-noticias.com\/wp\/wp-content\/uploads\/2017\/04\/Del-Mazo1.jpg\" \/>\n\t<meta property=\"og:image:width\" content=\"600\" \/>\n\t<meta property=\"og:image:height\" content=\"400\" \/>\n\t<meta property=\"og:image:type\" content=\"image\/jpeg\" \/>\n<meta name=\"author\" content=\"Editor en Jefe\" \/>\n<meta name=\"twitter:card\" content=\"summary_large_image\" \/>\n<meta name=\"twitter:label1\" content=\"Escrito por\" \/>\n\t<meta name=\"twitter:data1\" content=\"Editor en Jefe\" \/>\n\t<meta name=\"twitter:label2\" content=\"Tiempo de lectura\" \/>\n\t<meta name=\"twitter:data2\" content=\"3 minutos\" \/>\n<!-- \/ Yoast SEO plugin. -->","yoast_head_json":{"title":"Promete Del Mazo medicinas suficientes en los centros de salud - NOTICIAS","robots":{"index":"index","follow":"follow","max-snippet":"max-snippet:-1","max-image-preview":"max-image-preview:large","max-video-preview":"max-video-preview:-1"},"canonical":"https:\/\/laredsocial-noticias.com\/wp\/promete-del-mazo-medicinas-suficientes-en-los-centros-de-salud\/","og_locale":"es_ES","og_type":"article","og_title":"Promete Del Mazo medicinas suficientes en los centros de salud - NOTICIAS","og_description":"SAN FELIPE DEL PROGRESO, Estado de M\u00e9xico, 06 de abril, (FRANCISCO MONTA\u00d1O \/ MENSAJE POL\u00cdTICO \/ C\u00cdRCULO DIGITAL).\u2014\u00a0En el coraz\u00f3n...","og_url":"https:\/\/laredsocial-noticias.com\/wp\/promete-del-mazo-medicinas-suficientes-en-los-centros-de-salud\/","og_site_name":"NOTICIAS","article_published_time":"2017-04-07T00:51:49+00:00","article_modified_time":"2017-04-07T00:51:57+00:00","og_image":[{"width":600,"height":400,"url":"https:\/\/laredsocial-noticias.com\/wp\/wp-content\/uploads\/2017\/04\/Del-Mazo1.jpg","type":"image\/jpeg"}],"author":"Editor en Jefe","twitter_card":"summary_large_image","twitter_misc":{"Escrito por":"Editor en Jefe","Tiempo de lectura":"3 minutos"},"schema":{"@context":"https:\/\/schema.org","@graph":[{"@type":"WebPage","@id":"https:\/\/laredsocial-noticias.com\/wp\/promete-del-mazo-medicinas-suficientes-en-los-centros-de-salud\/","url":"https:\/\/laredsocial-noticias.com\/wp\/promete-del-mazo-medicinas-suficientes-en-los-centros-de-salud\/","name":"Promete Del Mazo medicinas suficientes en los centros de salud - NOTICIAS","isPartOf":{"@id":"https:\/\/laredsocial-noticias.com\/wp\/#website"},"datePublished":"2017-04-07T00:51:49+00:00","dateModified":"2017-04-07T00:51:57+00:00","author":{"@id":"https:\/\/laredsocial-noticias.com\/wp\/#\/schema\/person\/0ce78643f2de7aae6f6ef10e8453a6e0"},"breadcrumb":{"@id":"https:\/\/laredsocial-noticias.com\/wp\/promete-del-mazo-medicinas-suficientes-en-los-centros-de-salud\/#breadcrumb"},"inLanguage":"es","potentialAction":[{"@type":"ReadAction","target":["https:\/\/laredsocial-noticias.com\/wp\/promete-del-mazo-medicinas-suficientes-en-los-centros-de-salud\/"]}]},{"@type":"BreadcrumbList","@id":"https:\/\/laredsocial-noticias.com\/wp\/promete-del-mazo-medicinas-suficientes-en-los-centros-de-salud\/#breadcrumb","itemListElement":[{"@type":"ListItem","position":1,"name":"Portada","item":"https:\/\/laredsocial-noticias.com\/wp\/"},{"@type":"ListItem","position":2,"name":"Promete Del Mazo medicinas suficientes en los centros de salud"}]},{"@type":"WebSite","@id":"https:\/\/laredsocial-noticias.com\/wp\/#website","url":"https:\/\/laredsocial-noticias.com\/wp\/","name":"NOTICIAS","description":"Lo que se ve y se dice en las redes sociales","potentialAction":[{"@type":"SearchAction","target":{"@type":"EntryPoint","urlTemplate":"https:\/\/laredsocial-noticias.com\/wp\/?s={search_term_string}"},"query-input":{"@type":"PropertyValueSpecification","valueRequired":true,"valueName":"search_term_string"}}],"inLanguage":"es"},{"@type":"Person","@id":"https:\/\/laredsocial-noticias.com\/wp\/#\/schema\/person\/0ce78643f2de7aae6f6ef10e8453a6e0","name":"Editor en Jefe","url":"https:\/\/laredsocial-noticias.com\/wp\/author\/jorgeochoa\/"}]}},"_links":{"self":[{"href":"https:\/\/laredsocial-noticias.com\/wp\/wp-json\/wp\/v2\/posts\/58744","targetHints":{"allow":["GET"]}}],"collection":[{"href":"https:\/\/laredsocial-noticias.com\/wp\/wp-json\/wp\/v2\/posts"}],"about":[{"href":"https:\/\/laredsocial-noticias.com\/wp\/wp-json\/wp\/v2\/types\/post"}],"author":[{"embeddable":true,"href":"https:\/\/laredsocial-noticias.com\/wp\/wp-json\/wp\/v2\/users\/1"}],"replies":[{"embeddable":true,"href":"https:\/\/laredsocial-noticias.com\/wp\/wp-json\/wp\/v2\/comments?post=58744"}],"version-history":[{"count":1,"href":"https:\/\/laredsocial-noticias.com\/wp\/wp-json\/wp\/v2\/posts\/58744\/revisions"}],"predecessor-version":[{"id":58745,"href":"https:\/\/laredsocial-noticias.com\/wp\/wp-json\/wp\/v2\/posts\/58744\/revisions\/58745"}],"wp:attachment":[{"href":"https:\/\/laredsocial-noticias.com\/wp\/wp-json\/wp\/v2\/media?parent=58744"}],"wp:term":[{"taxonomy":"category","embeddable":true,"href":"https:\/\/laredsocial-noticias.com\/wp\/wp-json\/wp\/v2\/categories?post=58744"},{"taxonomy":"post_tag","embeddable":true,"href":"https:\/\/laredsocial-noticias.com\/wp\/wp-json\/wp\/v2\/tags?post=58744"}],"curies":[{"name":"wp","href":"https:\/\/api.w.org\/{rel}","templated":true}]}}