{"id":59092,"date":"2017-04-08T13:30:53","date_gmt":"2017-04-08T18:30:53","guid":{"rendered":"http:\/\/laredsocial-noticias.com\/wp\/?p=59092"},"modified":"2017-04-08T11:33:56","modified_gmt":"2017-04-08T16:33:56","slug":"necesarias-experiencia-y-capacidad-para-gobernar-al-estado-de-mexico-zamora-jimenez","status":"publish","type":"post","link":"https:\/\/laredsocial-noticias.com\/wp\/necesarias-experiencia-y-capacidad-para-gobernar-al-estado-de-mexico-zamora-jimenez\/","title":{"rendered":"Necesarias experiencia y capacidad para gobernar al Estado de M\u00e9xico: Zamora Jim\u00e9nez"},"content":{"rendered":"<p><strong>CIUDAD DE M\u00c9XICO, 08 de abril, \u00a0(AZCAPO NOTICIAS \/ C\u00cdRCULO DIGITAL).-\u00a0<\/strong>Para gobernar una entidad con la grandeza, la complejidad y el tama\u00f1o del Estado de M\u00e9xico se requiere preparaci\u00f3n, experiencia y capacidad, sostuvo el secretario general de la Confederaci\u00f3n Nacional de Organizaciones Populares (CNOP), Arturo Zamora Jim\u00e9nez.<\/p>\n<p class=\"text\">En un encuentro con estructuras cenopistas y la dirigencia mexiquense del PRI destac\u00f3 que el abanderado priista a la gubernatura, Alfredo del Mazo, tiene origen y pertenencia en el estado; ha dado resultados en lo municipal, estatal y federal, y como diputado federal promovi\u00f3 iniciativas en favor de la gente.<\/p>\n<p class=\"text\">Se\u00f1al\u00f3 que el candidato Alfredo del Mazo reconoce que es necesario un cambio para mejorar la seguridad de los mexiquenses, los problemas de movilidad, la salud y la educaci\u00f3n de la gente. Adem\u00e1s, dijo,\u00a0s\u00ed tiene un proyecto de gobierno, de cambio responsable, cuyo centro de atenci\u00f3n son las condiciones de vida de las mujeres mexiquenses.<\/p>\n<p class=\"text\">&#8220;Nuestro candidato est\u00e1 haciendo propuestas concretas para garantizar la vida, el patrimonio y la libertad de las mujeres y de todos los mexiquenses&#8221;, refiri\u00f3.<\/p>\n<p class=\"text\">Ante ello, dijo, la soluci\u00f3n en el Estado de M\u00e9xico no est\u00e1 en las candidaturas improvisadas de la izquierda y de la derecha extremas.<\/p>\n<div class=\"articleCredit\"><\/div>\n<p>&nbsp;<\/p>\n","protected":false},"excerpt":{"rendered":"<p>CIUDAD DE M\u00c9XICO, 08 de abril, \u00a0(AZCAPO NOTICIAS \/ C\u00cdRCULO DIGITAL).-\u00a0Para gobernar una entidad con la grandeza, la complejidad y&#8230;<\/p>\n","protected":false},"author":1,"featured_media":0,"comment_status":"closed","ping_status":"closed","sticky":false,"template":"","format":"standard","meta":{"footnotes":""},"categories":[1796,73],"tags":[332,77],"class_list":["post-59092","post","type-post","status-publish","format-standard","hentry","category-circulodigital","category-principal","tag-mexico","tag-principal"],"yoast_head":"<!-- This site is optimized with the Yoast SEO plugin v26.5 - https:\/\/yoast.com\/wordpress\/plugins\/seo\/ -->\n<title>Necesarias experiencia y capacidad para gobernar al Estado de M\u00e9xico: Zamora Jim\u00e9nez - NOTICIAS<\/title>\n<meta name=\"robots\" content=\"index, follow, max-snippet:-1, max-image-preview:large, max-video-preview:-1\" \/>\n<link rel=\"canonical\" href=\"https:\/\/laredsocial-noticias.com\/wp\/necesarias-experiencia-y-capacidad-para-gobernar-al-estado-de-mexico-zamora-jimenez\/\" \/>\n<meta property=\"og:locale\" content=\"es_ES\" \/>\n<meta property=\"og:type\" content=\"article\" \/>\n<meta property=\"og:title\" content=\"Necesarias experiencia y capacidad para gobernar al Estado de M\u00e9xico: Zamora Jim\u00e9nez - NOTICIAS\" \/>\n<meta property=\"og:description\" content=\"CIUDAD DE M\u00c9XICO, 08 de abril, \u00a0(AZCAPO NOTICIAS \/ C\u00cdRCULO DIGITAL).-\u00a0Para gobernar una entidad con la grandeza, la complejidad y...\" \/>\n<meta property=\"og:url\" content=\"https:\/\/laredsocial-noticias.com\/wp\/necesarias-experiencia-y-capacidad-para-gobernar-al-estado-de-mexico-zamora-jimenez\/\" \/>\n<meta property=\"og:site_name\" content=\"NOTICIAS\" \/>\n<meta property=\"article:published_time\" content=\"2017-04-08T18:30:53+00:00\" \/>\n<meta property=\"og:image\" content=\"https:\/\/laredsocial-noticias.com\/wp\/wp-content\/uploads\/2017\/04\/Arturo-Zamora-Jim\u00e9nez-e1491669207669.jpg\" \/>\n\t<meta property=\"og:image:width\" content=\"600\" \/>\n\t<meta property=\"og:image:height\" content=\"398\" \/>\n\t<meta property=\"og:image:type\" content=\"image\/jpeg\" \/>\n<meta name=\"author\" content=\"Editor en Jefe\" \/>\n<meta name=\"twitter:card\" content=\"summary_large_image\" \/>\n<meta name=\"twitter:label1\" content=\"Escrito por\" \/>\n\t<meta name=\"twitter:data1\" content=\"Editor en Jefe\" \/>\n\t<meta name=\"twitter:label2\" content=\"Tiempo de lectura\" \/>\n\t<meta name=\"twitter:data2\" content=\"1 minuto\" \/>\n<!-- \/ Yoast SEO plugin. -->","yoast_head_json":{"title":"Necesarias experiencia y capacidad para gobernar al Estado de M\u00e9xico: Zamora Jim\u00e9nez - NOTICIAS","robots":{"index":"index","follow":"follow","max-snippet":"max-snippet:-1","max-image-preview":"max-image-preview:large","max-video-preview":"max-video-preview:-1"},"canonical":"https:\/\/laredsocial-noticias.com\/wp\/necesarias-experiencia-y-capacidad-para-gobernar-al-estado-de-mexico-zamora-jimenez\/","og_locale":"es_ES","og_type":"article","og_title":"Necesarias experiencia y capacidad para gobernar al Estado de M\u00e9xico: Zamora Jim\u00e9nez - NOTICIAS","og_description":"CIUDAD DE M\u00c9XICO, 08 de abril, \u00a0(AZCAPO NOTICIAS \/ C\u00cdRCULO DIGITAL).-\u00a0Para gobernar una entidad con la grandeza, la complejidad y...","og_url":"https:\/\/laredsocial-noticias.com\/wp\/necesarias-experiencia-y-capacidad-para-gobernar-al-estado-de-mexico-zamora-jimenez\/","og_site_name":"NOTICIAS","article_published_time":"2017-04-08T18:30:53+00:00","og_image":[{"width":600,"height":398,"url":"https:\/\/laredsocial-noticias.com\/wp\/wp-content\/uploads\/2017\/04\/Arturo-Zamora-Jim\u00e9nez-e1491669207669.jpg","type":"image\/jpeg"}],"author":"Editor en Jefe","twitter_card":"summary_large_image","twitter_misc":{"Escrito por":"Editor en Jefe","Tiempo de lectura":"1 minuto"},"schema":{"@context":"https:\/\/schema.org","@graph":[{"@type":"WebPage","@id":"https:\/\/laredsocial-noticias.com\/wp\/necesarias-experiencia-y-capacidad-para-gobernar-al-estado-de-mexico-zamora-jimenez\/","url":"https:\/\/laredsocial-noticias.com\/wp\/necesarias-experiencia-y-capacidad-para-gobernar-al-estado-de-mexico-zamora-jimenez\/","name":"Necesarias experiencia y capacidad para gobernar al Estado de M\u00e9xico: Zamora Jim\u00e9nez - NOTICIAS","isPartOf":{"@id":"https:\/\/laredsocial-noticias.com\/wp\/#website"},"datePublished":"2017-04-08T18:30:53+00:00","author":{"@id":"https:\/\/laredsocial-noticias.com\/wp\/#\/schema\/person\/0ce78643f2de7aae6f6ef10e8453a6e0"},"breadcrumb":{"@id":"https:\/\/laredsocial-noticias.com\/wp\/necesarias-experiencia-y-capacidad-para-gobernar-al-estado-de-mexico-zamora-jimenez\/#breadcrumb"},"inLanguage":"es","potentialAction":[{"@type":"ReadAction","target":["https:\/\/laredsocial-noticias.com\/wp\/necesarias-experiencia-y-capacidad-para-gobernar-al-estado-de-mexico-zamora-jimenez\/"]}]},{"@type":"BreadcrumbList","@id":"https:\/\/laredsocial-noticias.com\/wp\/necesarias-experiencia-y-capacidad-para-gobernar-al-estado-de-mexico-zamora-jimenez\/#breadcrumb","itemListElement":[{"@type":"ListItem","position":1,"name":"Portada","item":"https:\/\/laredsocial-noticias.com\/wp\/"},{"@type":"ListItem","position":2,"name":"Necesarias experiencia y capacidad para gobernar al Estado de M\u00e9xico: Zamora Jim\u00e9nez"}]},{"@type":"WebSite","@id":"https:\/\/laredsocial-noticias.com\/wp\/#website","url":"https:\/\/laredsocial-noticias.com\/wp\/","name":"NOTICIAS","description":"Lo que se ve y se dice en las redes sociales","potentialAction":[{"@type":"SearchAction","target":{"@type":"EntryPoint","urlTemplate":"https:\/\/laredsocial-noticias.com\/wp\/?s={search_term_string}"},"query-input":{"@type":"PropertyValueSpecification","valueRequired":true,"valueName":"search_term_string"}}],"inLanguage":"es"},{"@type":"Person","@id":"https:\/\/laredsocial-noticias.com\/wp\/#\/schema\/person\/0ce78643f2de7aae6f6ef10e8453a6e0","name":"Editor en Jefe","url":"https:\/\/laredsocial-noticias.com\/wp\/author\/jorgeochoa\/"}]}},"_links":{"self":[{"href":"https:\/\/laredsocial-noticias.com\/wp\/wp-json\/wp\/v2\/posts\/59092","targetHints":{"allow":["GET"]}}],"collection":[{"href":"https:\/\/laredsocial-noticias.com\/wp\/wp-json\/wp\/v2\/posts"}],"about":[{"href":"https:\/\/laredsocial-noticias.com\/wp\/wp-json\/wp\/v2\/types\/post"}],"author":[{"embeddable":true,"href":"https:\/\/laredsocial-noticias.com\/wp\/wp-json\/wp\/v2\/users\/1"}],"replies":[{"embeddable":true,"href":"https:\/\/laredsocial-noticias.com\/wp\/wp-json\/wp\/v2\/comments?post=59092"}],"version-history":[{"count":1,"href":"https:\/\/laredsocial-noticias.com\/wp\/wp-json\/wp\/v2\/posts\/59092\/revisions"}],"predecessor-version":[{"id":59093,"href":"https:\/\/laredsocial-noticias.com\/wp\/wp-json\/wp\/v2\/posts\/59092\/revisions\/59093"}],"wp:attachment":[{"href":"https:\/\/laredsocial-noticias.com\/wp\/wp-json\/wp\/v2\/media?parent=59092"}],"wp:term":[{"taxonomy":"category","embeddable":true,"href":"https:\/\/laredsocial-noticias.com\/wp\/wp-json\/wp\/v2\/categories?post=59092"},{"taxonomy":"post_tag","embeddable":true,"href":"https:\/\/laredsocial-noticias.com\/wp\/wp-json\/wp\/v2\/tags?post=59092"}],"curies":[{"name":"wp","href":"https:\/\/api.w.org\/{rel}","templated":true}]}}