{"id":59475,"date":"2017-04-11T10:12:31","date_gmt":"2017-04-11T15:12:31","guid":{"rendered":"http:\/\/laredsocial-noticias.com\/wp\/?p=59475"},"modified":"2017-04-11T10:12:38","modified_gmt":"2017-04-11T15:12:38","slug":"ex-gobernador-mexicano-cae-en-italia-mexico-y-eu-se-lo-disputan","status":"publish","type":"post","link":"https:\/\/laredsocial-noticias.com\/wp\/ex-gobernador-mexicano-cae-en-italia-mexico-y-eu-se-lo-disputan\/","title":{"rendered":"Ex gobernador mexicano cae en Italia; M\u00e9xico y EU se lo disputan"},"content":{"rendered":"<h2 style=\"text-align: center;\"><strong>Opini\u00f3n<\/strong><\/h2>\n<h4><strong>*Efr\u00e9n Mayorga<\/strong><\/h4>\n<p><strong><\/strong><\/p>\n<p><strong>+ Justo hace un mes, el 9 de marzo, la PGR capturo en Tamaulipas y entrego a Italia al capo italiano Giulio Perrone.<\/strong><br \/>\n<strong>+ El gobierno de Italia decidir\u00e1 destino de Tomas Yarrington , Estados Unidos tiene mano en penas del crimen organizado, hasta hoy en d\u00eda.<\/strong><\/p>\n<p>Coincidencia o no pero hace un mes La PGR capturo en Tamaulipas a un famoso capo de la mafia italiana Giulio Perrone y lo entreg\u00f3 de inmediato al gobierno de Italia y una semana despu\u00e9s tambi\u00e9n la misma Procuradur\u00eda General de la Rep\u00fablica arresto a otro mafioso italiano en playas de Cancun y para pronto lo envi\u00f3 a Italia.<\/p>\n<p><strong>Sin duda que Tomas Yarrington sabe o supo de ambos casos y claro que lo debe de recordar Italia<\/strong><\/p>\n<p>El gobierno mexicano y el gobierno estadounidense se disputar\u00e1n la entrega del ex gobernador de Tamaulipas, Tom\u00e1s Jes\u00fas Yarrington Ruvalcaba, y ser\u00e1 el gobierno de Italia el que decida a qu\u00e9 pa\u00eds ser\u00e1 extraditado.<\/p>\n<p><strong>Ambas naciones solicitaron Noticaci\u00f3n<\/strong><br \/>\nRoja de b\u00fasqueda y localizaci\u00f3n a la Interpol para que el ex mandatario sea presentado ante sus autoridades, seg\u00fan detall\u00f3 Alberto El\u00edas Beltr\u00e1n, de subprocurador Jur\u00eddico y de Asuntos Internacionales.<\/p>\n<p>El gobierno de Italia tomar\u00e1 en cuenta seis factores, de los cuales M\u00e9xico s\u00f3lo tiene dos a favor, a la hora de tomar su decisi\u00f3n de entrega.<\/p>\n<p>Entre estos factores est\u00e1 la gravedad de los delitos: en M\u00e9xico se le solicita por un delito que tiene una pena de 20 a\u00f1os y Estados Unidos lo solicita por dos cadenas perpetuas y una pena de 90 a\u00f1os.<\/p>\n<p>El gobierno de Italia tendr\u00e1 que considerar el tiempo en el que se cometieron los delitos; en M\u00e9xico se le busca por delitos presumiblemente cometidos entre 1998 y 2005, mientras que en Estados Unidos se le busca por il\u00edcitos registrados entre 1998 y 2013.<\/p>\n<p>M\u00e9xico lo busca por delitos contra la salud cometidos en Tamaulipas y la Uni\u00f3n Americana lo reclama por importaci\u00f3n y distribuci\u00f3n de drogas, lavado de dinero, fraude bancario y estructuraci\u00f3n de operaciones de dinero.<\/p>\n<p>Autoridades italianas tambi\u00e9n tomar\u00e1n en cuenta la nacionalidad y lugar de residencia del imputado, en este caso Yarrington s\u00f3lo es ciudadano mexicano.<\/p>\n<p><strong>M\u00e9xico solicit\u00f3 la ficha roja a la Interpol el 17 de diciembre de 2012 y Estados Unidos el 1 de marzo de 2016.<\/strong><\/p>\n<p>Alberto El\u00edas Beltr\u00e1n, Subprocurador Jur\u00eddico y de Asuntos Internacionales de la Procuradur\u00eda General de la Rep\u00fablica (PGR) inform\u00f3 en conferencia de prensa que el gobierno mexicano ha requerido las solicitudes de detenci\u00f3n provisional con fines de extradici\u00f3n y cuenta con 60 d\u00edas para solicitar formalmente la extradici\u00f3n en contra de Yarrington.<\/p>\n<p><ins><strong>++ Nacido en Matamoros, Tamaulipas, Tom\u00e1s Yarrington se desempe\u00f1\u00f3 como alcalde de ese municipio entre 1993 y 1995.<\/strong><\/ins> Cuatro a\u00f1os despu\u00e9s gobern\u00f3 esa entidad fronteriza y con ello surgieron sus presuntos nexos con el C\u00e1rtel del Golfo y Los Zetas, catalogados como los m\u00e1s sanguinarios en esos tiempos.<\/p>\n<p>Durante ese periodo estuvo en la mira de agencias estadounidenses como el FBI y la DEA; no hab\u00eda duda, Yarrington Ruvalcaba estaba relacionado con los c\u00e1rteles de la droga.<\/p>\n<p>Se hizo de casas, joyas, incluso se menciona una isla en Veracruz, todo con dinero del crimen organizado. Adem\u00e1s, la investigaci\u00f3n de Estados Unidos indica que la campa\u00f1a para gobernador de Tamaulipas fue financiada por el C\u00e1rtel del Golfo. A cambio, el pri\u00edsta dejar\u00eda operar el trasiego de droga.<\/p>\n<p>Aunque por medio de sus abogados asegura que todo eso era mentira, al terminar su mandato se fue, abandon\u00f3 M\u00e9xico. Ante los se\u00f1alamientos, la Procuradur\u00eda General de la Rep\u00fablica (PGR) comenz\u00f3 a investigarlo desde 2004, cuando a\u00fan era gobernador. En 2012 el PRI se deslind\u00f3 de Yarrington Ruvalcaba y el 23 de mayo suspendi\u00f3 su militancia. Dej\u00f3 de ser pri\u00edsta y no se supo de \u00e9l.<\/p>\n<p>El 22 de noviembre de 2016, la PGR puso precio a su captura, 15 millones de pesos por el exgobernador.<\/p>\n<p><strong>++ \u00bfQuien delat\u00f3 a Yarrington?<\/strong><br \/>\nExist\u00eda la posibilidad de que el ex mandatario se hubiera realizado una cirug\u00eda pl\u00e1stica para ocultar su identidad.<\/p>\n<p>Autoridades estadounidenses fueron quienes notificaron a la polic\u00eda italiana sobre indicios para dar con el paradero de Tom\u00e1s Yarrington Ruvalcaba, ex gobernador de Tamaulipas.<\/p>\n<p>Un comunicado de prensa de la Jefatura de Polic\u00eda de Cosenza inform\u00f3 que Yarrington hab\u00eda logrado eludir dos controles de las autoridades italianas al presentar documentos falsos que lo identificaban como un empresario de apellidos Morales P\u00e9rez.<\/p>\n<p>El bolet\u00edn detalla que exist\u00eda la posibilidad de que el ex mandatario se hubiera realizado una cirug\u00eda pl\u00e1stica para ocultar su identidad, pero labores de inteligencia establecieron la ubicaci\u00f3n de Yarrington en la ciudad de Paola, donde llevaba meses establecido.<\/p>\n<p>La informaci\u00f3n difundida por autoridades italianas destaca la detenci\u00f3n emitida por Estados Unidos, sin mencionar a M\u00e9xico.<\/p>\n<p>Incluso destaca que fue la notificaci\u00f3n estadounidense la que moviliz\u00f3 a los equipos de Cosenza y el Servicio Central Operativo a realizar los servicios de observaci\u00f3n y espionaje.<\/p>\n<p>Los agentes italianos dieron con Yarrington Ruvalcaba despu\u00e9s de varios d\u00edas de acecho y estudio.<\/p>\n<p>Al ser detenido por los agentes italianos, Yarrington neg\u00f3 su identidad y s\u00f3lo se corrobor\u00f3 hasta despu\u00e9s de analizar sus huellas dactilares.<\/p>\n<p>El comunicado dice que en la operaci\u00f3n de detenci\u00f3n participaron funcionarios del Departamento de Seguridad Nacional de Interpol.<\/p>\n<p>La Jefatura de Polic\u00eda de Cosenza explica que el ex mandatario pri\u00edsta fue gobernador de Tamaulipas de 1999 a 2005 y se encuentra fugitivo desde 2012.<\/p>\n<p>Ampli\u00f3 que recibi\u00f3 altos sobornos por parte del C\u00e1rtel del Golfo para favorecer el trasiego de grandes cantidades de coca\u00edna y marihuana a los Estados Unidos, con lo que gan\u00f3 millones de pesos. (Con informaci\u00f3n de El Universal).<br \/>\nhttps:\/\/www.debate.com.mx\/politica\/Quien-delato-a-Yarrington-20170410-0342.html<\/p>\n<p><ins><strong>++ Yarrington viv\u00eda \u201ctranquilo\u201d, como un jubilado, dice jefe de la Polic\u00eda de Italia.<\/strong><\/ins> Nota informativa de IRENE SAVIO, 10 DE ABRIL DE 2017, para la revista Proceso.<br \/>\nROMA (apro).- Tom\u00e1s Yarrington \u2013exgobernador de Tamaulipas que fue arrestado el domingo 9 en Florencia\u2013 llevaba en Italia una vida \u201ctranquila\u201d, a plena luz del d\u00eda y sin apenas esconderse, cont\u00f3 Luigi Rinella, el agente de la Polic\u00eda italiana que coordin\u00f3 la operaci\u00f3n de localizaci\u00f3n y captura del pr\u00f3fugo mexicano.<\/p>\n<p>\u201cViv\u00eda tranquilamente, no se imaginaba que lo observ\u00e1bamos, no hac\u00eda una vida de pr\u00f3fugo, ten\u00eda ese documento (un carnet de conducir falso) y se sent\u00eda tranquilo\u201d, indic\u00f3 Rinella en entrevista con Apro.<\/p>\n<p>\u201cNo se comportaba como alguien que debe esconderse (\u2026) en un pa\u00eds multi\u00e9tnico como Italia, pasaba desapercibido, como un jubilado m\u00e1s, una persona que habla espa\u00f1ol como tantos\u201d, puntualiz\u00f3.<\/p>\n<p>\u201cEso s\u00ed, se mov\u00eda mucho y ten\u00eda contactos\u201d, precis\u00f3 el agente, director de la segunda unidad del Departamento Central Operativo de la Polic\u00eda de Italia (SCO, por sus siglas en italiano), un organismo que coordina la actividad de las unidades operativas que luchan contra el crimen organizado.<\/p>\n<p>Precis\u00f3 que la unidad de polic\u00eda que coordin\u00f3 el operativo localiz\u00f3 a Yarrington en tres regiones italianas: Toscana (centro), Calabria (sur) y el Lacio, cuya capital es Roma.<\/p>\n<p>La Polic\u00eda localiz\u00f3 a Yarrington en la plaza de la Se\u00f1or\u00eda, la explanada m\u00e1s c\u00e9ntrica de Florencia y uno de los sitios m\u00e1s concurridos de esa ciudad, que es tambi\u00e9n una de las m\u00e1s visitadas de Italia, y luego lo detuvo cuando caminaba a unas cuadras de distancia de dicho lugar.<\/p>\n<p>\u201cProbablemente (Yarrington) no se imaginaba que los estadunidenses le seguir\u00edan hasta Italia y que nosotros lograr\u00edamos localizarle\u201d, indic\u00f3 Rinella.<\/p>\n<p>De acuerdo con el relato de este importante funcionario policiaco, el operativo en Italia comenz\u00f3 en febrero pasado despu\u00e9s de que la Divisi\u00f3n de Cooperaci\u00f3n Internacional, el \u00f3rgano de la Polic\u00eda italiana que gestiona la relaci\u00f3n con las polic\u00edas de otros pa\u00edses, recibi\u00f3 una alerta de Interpol.<\/p>\n<p>\u201cLa operaci\u00f3n naci\u00f3 despu\u00e9s de un aviso de Interpol, la cual, a trav\u00e9s de Divisi\u00f3n de Cooperaci\u00f3n Internacional, nos coment\u00f3 informaciones procedentes del Departamento de Seguridad Nacional de los Estados Unidos, en particular del Servicio de Inmigraci\u00f3n y Control de Aduanas\u201d, explic\u00f3.<\/p>\n<p>\u201cB\u00e1sicamente nos avisaban que ten\u00edan informaciones que indicaban que el pr\u00f3fugo estaba en Italia y pasaba su tiempo en nuestro pa\u00eds\u201d, detall\u00f3.<\/p>\n<p>Asimismo se\u00f1al\u00f3 que cuando fue detenido la Polic\u00eda italiana ya llevaba algo m\u00e1s de un mes siguiendo el rastro de Yarrington.<\/p>\n<p>\u00bfQu\u00e9 hac\u00eda en italia?<\/p>\n<p>De acuerdo con Rinella, de momento no hay pruebas de que Yarrington tenga contactos con las mafias italianas. Sin embargo, inform\u00f3 que se iniciar\u00e1 otra investigaci\u00f3n para saber por qu\u00e9 Yarrington eligi\u00f3 a Italia para instalarse.<\/p>\n<p>\u201cQueremos saber por qu\u00e9 decidi\u00f3 venir y quedarse en Italia, qui\u00e9nes eran sus contactos, qui\u00e9nes le proporcionaron los documentos falsos. Necesitamos entender qu\u00e9 hac\u00eda en nuestro pa\u00eds, c\u00f3mo se manten\u00eda econ\u00f3micamente, de d\u00f3nde le llegaba el dinero\u201d, dijo.<\/p>\n<p>\u201cNo lo sabemos con certeza absoluta, pero creemos que llevaba en Italia ya un a\u00f1o, a\u00f1o y medio\u201d, dijo. No obstante se\u00f1al\u00f3 que el exgobernador no ingres\u00f3 a la Uni\u00f3n Europea (UE) directamente por Italia, sino por alg\u00fan otro pa\u00eds del espacio Schengen y que luego se desplaz\u00f3 a Italia, benefici\u00e1ndose de los acuerdos de libre circulaci\u00f3n de personas dentro de la UE.<\/p>\n<p>Adem\u00e1s de ello, precis\u00f3 que las autoridades italianas presentaron una denuncia contra Yarrington por el delito de \u201cuso de documento falso\u201d, pues cuando la polic\u00eda lo detuvo mostr\u00f3 un documento de identificaci\u00f3n ap\u00f3crifo.<\/p>\n<p>Rinella dijo que la identidad del exgobernador se verific\u00f3 a partir de sus huellas digitales que Estados Unidos les hizo llegar.<\/p>\n<p>Coment\u00f3 que cuando a Yarrigton se le pregunt\u00f3 si quer\u00eda recibir asistencia consular, \u00e9ste la rechaz\u00f3. \u201cNo, no pidi\u00f3 asistencia consular, por lo que le asignamos un abogado de oficio, pues dijo no tener uno suyo\u201d, indic\u00f3 Rinella, quien explic\u00f3 tambi\u00e9n que Yarrington se encuentra en este momento detenido en una c\u00e1rcel de Florencia.<\/p>\n<p>En esta l\u00ednea, refiri\u00f3 que el hombre de nacionalidad polaca que se encontraba con Yarrington en el momento de la detenci\u00f3n fue puesto en libertad, puesto que no hab\u00eda cometido delito alguno y result\u00f3 que no tiene antecedentes penales en Italia.<\/p>\n<p>Explic\u00f3 que, a pesar de que se trat\u00f3 de una operaci\u00f3n \u201cde rutina\u201d, Yarrington fue considerado por la Polic\u00eda italiana como un sujeto peligroso.<\/p>\n<p>Rinella confirm\u00f3 asimismo que, durante la investigaci\u00f3n para descubrir el paradero de Yarrington en Italia, los agentes italianos no entraron en contacto con la Polic\u00eda mexicana.<\/p>\n<p>Con todo, dijo que ahora se espera que avancen los procesos de extradici\u00f3n tanto de Estados Unidos como de M\u00e9xico, tema sobre el que deber\u00e1n decidir en el futuro los jueces italianos, pues eso ya no es competencia de la Polic\u00eda italiana.<\/p>\n<p>\u201c(La extradici\u00f3n) es un procedimiento simple, s\u00f3lo depende de la burocracia; esto, si no se descubre algo m\u00e1s\u201d, argument\u00f3 y precis\u00f3 que parte de la informaci\u00f3n sobre el caso a\u00fan se encuentra bajo secreto pues la investigaci\u00f3n se encuentra en curso. <a href=\"http:\/\/app.proceso.com.mx\/mz\/nota\/481746\">http:\/\/app.proceso.com.mx\/mz\/nota\/481746<\/a><\/p>\n<p><ins><strong>++Detienen en Tamaulipas a integrante de la mafia italiana<\/strong><\/ins><br \/>\nGiulio Perrone cuenta con una Notificaci\u00f3n Roja de INTERPOL y forma parte de la lista de los fugitivos m\u00e1s buscados por el gobierno italiano<\/p>\n<p>Elementos de la Agencia de Investigaci\u00f3n Criminal (AIC), capturaron en Tamaulipas a Giulio Perrone por su probable responsabilidad en el tr\u00e1fico internacional de coca\u00edna.<\/p>\n<p>Perrone es considerado miembro de &#8220;primer nivel&#8221; de la mafia italiana de N\u00e1poles y cuenta con una notificaci\u00f3n roja de INTERPOL.<\/p>\n<p>El detenido, de 64 a\u00f1os de edad, es originario de la provincia de Gragnano, Italia, cuenta con una sentencia por 20 a\u00f1os, 11 meses y ocho d\u00edas de prisi\u00f3n, otorgada por el Tribunal de N\u00e1poles; adem\u00e1s de ser referido en la lista de los fugitivos m\u00e1s buscados por el gobierno italiano desde hace m\u00e1s de 10 a\u00f1os.<\/p>\n<p>La Procuradur\u00eda General de la Rep\u00fablica (PGR) mencion\u00f3 que la situaci\u00f3n migratoria de Giulio Perrone en M\u00e9xico era irregular, por lo que, al momento de su detenci\u00f3n, en el municipio de Ciudad Madero, Tamaulipas, se le aseguraron dos identificaciones falsas, mismas que exhib\u00edan fotograf\u00edas con las caracter\u00edsticas f\u00edsicas de este individuo. Con informaci\u00f3n de NOTIMEX, publicada el 10\/03\/2017 12:22.<a href=\"http:\/\/www.excelsior.com.mx\/nacional\/2017\/03\/10\/1151276\">http:\/\/www.excelsior.com.mx\/nacional\/2017\/03\/10\/1151276<\/a><\/p>\n","protected":false},"excerpt":{"rendered":"<p>Coincidencia o no pero hace un mes La PGR capturo en Tamaulipas a un famoso capo de la mafia italiana Giulio Perrone y lo entreg\u00f3 de inmediato al gobierno de Italia y una semana despu\u00e9s tambi\u00e9n la misma Procuradur\u00eda General de la Rep\u00fablica arresto a otro mafioso italiano en playas de Cancun y para pronto lo envi\u00f3 a Italia.<\/p>\n","protected":false},"author":1,"featured_media":0,"comment_status":"closed","ping_status":"closed","sticky":false,"template":"","format":"standard","meta":{"footnotes":""},"categories":[1796,697,73],"tags":[696,1059,77],"class_list":["post-59475","post","type-post","status-publish","format-standard","hentry","category-circulodigital","category-opinion","category-principal","tag-columnas","tag-opinion","tag-principal"],"yoast_head":"<!-- This site is optimized with the Yoast SEO plugin v26.5 - https:\/\/yoast.com\/wordpress\/plugins\/seo\/ -->\n<title>Ex gobernador mexicano cae en Italia; M\u00e9xico y EU se lo disputan - NOTICIAS<\/title>\n<meta name=\"robots\" content=\"index, follow, max-snippet:-1, max-image-preview:large, max-video-preview:-1\" \/>\n<link rel=\"canonical\" href=\"https:\/\/laredsocial-noticias.com\/wp\/ex-gobernador-mexicano-cae-en-italia-mexico-y-eu-se-lo-disputan\/\" \/>\n<meta property=\"og:locale\" content=\"es_ES\" \/>\n<meta property=\"og:type\" content=\"article\" \/>\n<meta property=\"og:title\" content=\"Ex gobernador mexicano cae en Italia; M\u00e9xico y EU se lo disputan - NOTICIAS\" \/>\n<meta property=\"og:description\" content=\"Coincidencia o no pero hace un mes La PGR capturo en Tamaulipas a un famoso capo de la mafia italiana Giulio Perrone y lo entreg\u00f3 de inmediato al gobierno de Italia y una semana despu\u00e9s tambi\u00e9n la misma Procuradur\u00eda General de la Rep\u00fablica arresto a otro mafioso italiano en playas de Cancun y para pronto lo envi\u00f3 a Italia.\" \/>\n<meta property=\"og:url\" content=\"https:\/\/laredsocial-noticias.com\/wp\/ex-gobernador-mexicano-cae-en-italia-mexico-y-eu-se-lo-disputan\/\" \/>\n<meta property=\"og:site_name\" content=\"NOTICIAS\" \/>\n<meta property=\"article:published_time\" content=\"2017-04-11T15:12:31+00:00\" \/>\n<meta property=\"article:modified_time\" content=\"2017-04-11T15:12:38+00:00\" \/>\n<meta name=\"author\" content=\"Editor en Jefe\" \/>\n<meta name=\"twitter:card\" content=\"summary_large_image\" \/>\n<meta name=\"twitter:label1\" content=\"Escrito por\" \/>\n\t<meta name=\"twitter:data1\" content=\"Editor en Jefe\" \/>\n\t<meta name=\"twitter:label2\" content=\"Tiempo de lectura\" \/>\n\t<meta name=\"twitter:data2\" content=\"11 minutos\" \/>\n<!-- \/ Yoast SEO plugin. -->","yoast_head_json":{"title":"Ex gobernador mexicano cae en Italia; M\u00e9xico y EU se lo disputan - NOTICIAS","robots":{"index":"index","follow":"follow","max-snippet":"max-snippet:-1","max-image-preview":"max-image-preview:large","max-video-preview":"max-video-preview:-1"},"canonical":"https:\/\/laredsocial-noticias.com\/wp\/ex-gobernador-mexicano-cae-en-italia-mexico-y-eu-se-lo-disputan\/","og_locale":"es_ES","og_type":"article","og_title":"Ex gobernador mexicano cae en Italia; M\u00e9xico y EU se lo disputan - NOTICIAS","og_description":"Coincidencia o no pero hace un mes La PGR capturo en Tamaulipas a un famoso capo de la mafia italiana Giulio Perrone y lo entreg\u00f3 de inmediato al gobierno de Italia y una semana despu\u00e9s tambi\u00e9n la misma Procuradur\u00eda General de la Rep\u00fablica arresto a otro mafioso italiano en playas de Cancun y para pronto lo envi\u00f3 a Italia.","og_url":"https:\/\/laredsocial-noticias.com\/wp\/ex-gobernador-mexicano-cae-en-italia-mexico-y-eu-se-lo-disputan\/","og_site_name":"NOTICIAS","article_published_time":"2017-04-11T15:12:31+00:00","article_modified_time":"2017-04-11T15:12:38+00:00","author":"Editor en Jefe","twitter_card":"summary_large_image","twitter_misc":{"Escrito por":"Editor en Jefe","Tiempo de lectura":"11 minutos"},"schema":{"@context":"https:\/\/schema.org","@graph":[{"@type":"WebPage","@id":"https:\/\/laredsocial-noticias.com\/wp\/ex-gobernador-mexicano-cae-en-italia-mexico-y-eu-se-lo-disputan\/","url":"https:\/\/laredsocial-noticias.com\/wp\/ex-gobernador-mexicano-cae-en-italia-mexico-y-eu-se-lo-disputan\/","name":"Ex gobernador mexicano cae en Italia; M\u00e9xico y EU se lo disputan - NOTICIAS","isPartOf":{"@id":"https:\/\/laredsocial-noticias.com\/wp\/#website"},"datePublished":"2017-04-11T15:12:31+00:00","dateModified":"2017-04-11T15:12:38+00:00","author":{"@id":"https:\/\/laredsocial-noticias.com\/wp\/#\/schema\/person\/0ce78643f2de7aae6f6ef10e8453a6e0"},"breadcrumb":{"@id":"https:\/\/laredsocial-noticias.com\/wp\/ex-gobernador-mexicano-cae-en-italia-mexico-y-eu-se-lo-disputan\/#breadcrumb"},"inLanguage":"es","potentialAction":[{"@type":"ReadAction","target":["https:\/\/laredsocial-noticias.com\/wp\/ex-gobernador-mexicano-cae-en-italia-mexico-y-eu-se-lo-disputan\/"]}]},{"@type":"BreadcrumbList","@id":"https:\/\/laredsocial-noticias.com\/wp\/ex-gobernador-mexicano-cae-en-italia-mexico-y-eu-se-lo-disputan\/#breadcrumb","itemListElement":[{"@type":"ListItem","position":1,"name":"Portada","item":"https:\/\/laredsocial-noticias.com\/wp\/"},{"@type":"ListItem","position":2,"name":"Ex gobernador mexicano cae en Italia; M\u00e9xico y EU se lo disputan"}]},{"@type":"WebSite","@id":"https:\/\/laredsocial-noticias.com\/wp\/#website","url":"https:\/\/laredsocial-noticias.com\/wp\/","name":"NOTICIAS","description":"Lo que se ve y se dice en las redes sociales","potentialAction":[{"@type":"SearchAction","target":{"@type":"EntryPoint","urlTemplate":"https:\/\/laredsocial-noticias.com\/wp\/?s={search_term_string}"},"query-input":{"@type":"PropertyValueSpecification","valueRequired":true,"valueName":"search_term_string"}}],"inLanguage":"es"},{"@type":"Person","@id":"https:\/\/laredsocial-noticias.com\/wp\/#\/schema\/person\/0ce78643f2de7aae6f6ef10e8453a6e0","name":"Editor en Jefe","url":"https:\/\/laredsocial-noticias.com\/wp\/author\/jorgeochoa\/"}]}},"_links":{"self":[{"href":"https:\/\/laredsocial-noticias.com\/wp\/wp-json\/wp\/v2\/posts\/59475","targetHints":{"allow":["GET"]}}],"collection":[{"href":"https:\/\/laredsocial-noticias.com\/wp\/wp-json\/wp\/v2\/posts"}],"about":[{"href":"https:\/\/laredsocial-noticias.com\/wp\/wp-json\/wp\/v2\/types\/post"}],"author":[{"embeddable":true,"href":"https:\/\/laredsocial-noticias.com\/wp\/wp-json\/wp\/v2\/users\/1"}],"replies":[{"embeddable":true,"href":"https:\/\/laredsocial-noticias.com\/wp\/wp-json\/wp\/v2\/comments?post=59475"}],"version-history":[{"count":0,"href":"https:\/\/laredsocial-noticias.com\/wp\/wp-json\/wp\/v2\/posts\/59475\/revisions"}],"wp:attachment":[{"href":"https:\/\/laredsocial-noticias.com\/wp\/wp-json\/wp\/v2\/media?parent=59475"}],"wp:term":[{"taxonomy":"category","embeddable":true,"href":"https:\/\/laredsocial-noticias.com\/wp\/wp-json\/wp\/v2\/categories?post=59475"},{"taxonomy":"post_tag","embeddable":true,"href":"https:\/\/laredsocial-noticias.com\/wp\/wp-json\/wp\/v2\/tags?post=59475"}],"curies":[{"name":"wp","href":"https:\/\/api.w.org\/{rel}","templated":true}]}}