{"id":6053,"date":"2016-04-18T16:09:51","date_gmt":"2016-04-18T21:09:51","guid":{"rendered":"http:\/\/laredsocial-noticias.com\/wp\/?p=6053"},"modified":"2016-04-18T16:12:52","modified_gmt":"2016-04-18T21:12:52","slug":"arranca-este-martes-el-primer-festival-de-escritura-digital-edg16","status":"publish","type":"post","link":"https:\/\/laredsocial-noticias.com\/wp\/arranca-este-martes-el-primer-festival-de-escritura-digital-edg16\/","title":{"rendered":"Arranca este martes el Primer Festival de Escritura Digital #EDG16"},"content":{"rendered":"<p><strong>M\u00c9XICO, 18 DE ABRIL (C\u00cdRCULO DIGITAL).-\u00a0<\/strong>Con la charla \u201cEn busca del lector perdido en \u2018Twitter\u2019\u201d, este martes inician las actividades del Primer Festival de Escritura Digital en la Sala Manuel M. Ponce del Palacio de Bellas Artes, adem\u00e1s del taller presencial de microficciones infantiles, con sede en el Centro de Creaci\u00f3n Literaria Xavier Villaurrutia, de esta ciudad.<\/p>\n<p>En la primera sesi\u00f3n, moderada por Pilar Montes de Oca Sicilia, se enlazar\u00e1n virtualmente Belisa Bartra desde Espa\u00f1a, Daniela Franco desde Francia y Pedro Poitevin desde Estados Unidos, para platicar sobre sus experiencias en el uso creativo de redes sociales y discernir sobre c\u00f3mo se pueden usar para el fomento a la lectura.<\/p>\n<p>En la era de los tel\u00e9fonos inteligentes y las tecnolog\u00edas digitales, Belisa Bartra afirma que la escritura no va a desaparecer, \u201csi te gusta leer, lo har\u00e1s en cualquier formato\u201d, expres\u00f3 la escritora y editora, para quien aunque los formatos cambien, el deseo humano de contar historias persistir\u00e1.<\/p>\n<p>En declaraciones difundidas por el Instituto Nacional de Bellas Artes (INBA), el poeta Pedro Poitevin cree que los espacios digitales potencializan la escritura tal como la conocemos, \u201cel nuevo medio permite hacer experimentos muy interesantes que no se hubieran podido hacer antes\u201d, por ende, el antiguo oficio sobrevivir\u00e1.<\/p>\n<p>\u201cTenemos todav\u00eda esta nostalgia por el libro\u201d, a\u00f1ade Daniela Franco, quien tambi\u00e9n tendr\u00e1 participaci\u00f3n en la sesi\u00f3n inaugural.<\/p>\n<p>Paralelamente a las charlas, el Primer Festival de Escritura Digital incluye actividades en la plataforma digital de \u201cTwitter\u201d, como las que encabezan Cristina Rivera Garza y Alberto Ruy S\u00e1nchez desde las cuentas @EstacionCamaron y @Besode3bocas, respectivamente.<\/p>\n<p>As\u00ed como la pieza textual de creaci\u00f3n colectiva que coordinar\u00e1 Alberto Chimal durante los tres d\u00edas del evento, desde el \u201chashtag\u201d #Qu\u00e9PasaDespu\u00e9s.<\/p>\n<p>La segunda jornada del encuentro continuar\u00e1 el mi\u00e9rcoles con la charla en la que participar\u00e1n los escritores Francisco Hinojosa, Benito Taibo y Antonio Tenorio, en la que disertar\u00e1n sobre lo que significa ser escritor en redes sociales.<\/p>\n<p>Para cerrar el festival, el 21 de abril, tambi\u00e9n en la Sala Manuel M. Ponce, Julio Pat\u00e1n moderar\u00e1 la mesa \u201cHacer literatura en Twitter: esa es la cuesti\u00f3n\u201d, en la que dialogar\u00e1n la poeta Merlina Acevedo, el narrador Miguel\u00e1ngel D\u00edaz Monges, el ensayista Armando Gonz\u00e1lez Torres y el periodista H\u00e9ctor de Maule\u00f3n.<\/p>\n<p>El Primer Festival de Escritura Digital #EDG16 es el espacio de di\u00e1logo entre autores de diversos g\u00e9neros sobre la emergencia de las nuevas plataformas y las estrategias para elaborar y difundir la escritura creativa en redes sociales.<\/p>\n<p>Todas las actividades podr\u00e1n seguirse en Twitter desde el hashtag #EDG16 y en la cuenta @literaturainba.<\/p>\n","protected":false},"excerpt":{"rendered":"<p>M\u00c9XICO, 18 DE ABRIL (C\u00cdRCULO DIGITAL).-\u00a0Con la charla \u201cEn busca del lector perdido en \u2018Twitter\u2019\u201d, este martes inician las actividades&#8230;<\/p>\n","protected":false},"author":1,"featured_media":0,"comment_status":"closed","ping_status":"closed","sticky":false,"template":"","format":"standard","meta":{"footnotes":""},"categories":[73],"tags":[142,77],"class_list":["post-6053","post","type-post","status-publish","format-standard","hentry","category-principal","tag-cultura","tag-principal"],"yoast_head":"<!-- This site is optimized with the Yoast SEO plugin v26.5 - https:\/\/yoast.com\/wordpress\/plugins\/seo\/ -->\n<title>Arranca este martes el Primer Festival de Escritura Digital #EDG16 - NOTICIAS<\/title>\n<meta name=\"robots\" content=\"index, follow, max-snippet:-1, max-image-preview:large, max-video-preview:-1\" \/>\n<link rel=\"canonical\" href=\"https:\/\/laredsocial-noticias.com\/wp\/arranca-este-martes-el-primer-festival-de-escritura-digital-edg16\/\" \/>\n<meta property=\"og:locale\" content=\"es_ES\" \/>\n<meta property=\"og:type\" content=\"article\" \/>\n<meta property=\"og:title\" content=\"Arranca este martes el Primer Festival de Escritura Digital #EDG16 - NOTICIAS\" \/>\n<meta property=\"og:description\" content=\"M\u00c9XICO, 18 DE ABRIL (C\u00cdRCULO DIGITAL).-\u00a0Con la charla \u201cEn busca del lector perdido en \u2018Twitter\u2019\u201d, este martes inician las actividades...\" \/>\n<meta property=\"og:url\" content=\"https:\/\/laredsocial-noticias.com\/wp\/arranca-este-martes-el-primer-festival-de-escritura-digital-edg16\/\" \/>\n<meta property=\"og:site_name\" content=\"NOTICIAS\" \/>\n<meta property=\"article:published_time\" content=\"2016-04-18T21:09:51+00:00\" \/>\n<meta property=\"article:modified_time\" content=\"2016-04-18T21:12:52+00:00\" \/>\n<meta name=\"author\" content=\"Editor en Jefe\" \/>\n<meta name=\"twitter:card\" content=\"summary_large_image\" \/>\n<meta name=\"twitter:label1\" content=\"Escrito por\" \/>\n\t<meta name=\"twitter:data1\" content=\"Editor en Jefe\" \/>\n\t<meta name=\"twitter:label2\" content=\"Tiempo de lectura\" \/>\n\t<meta name=\"twitter:data2\" content=\"2 minutos\" \/>\n<!-- \/ Yoast SEO plugin. -->","yoast_head_json":{"title":"Arranca este martes el Primer Festival de Escritura Digital #EDG16 - NOTICIAS","robots":{"index":"index","follow":"follow","max-snippet":"max-snippet:-1","max-image-preview":"max-image-preview:large","max-video-preview":"max-video-preview:-1"},"canonical":"https:\/\/laredsocial-noticias.com\/wp\/arranca-este-martes-el-primer-festival-de-escritura-digital-edg16\/","og_locale":"es_ES","og_type":"article","og_title":"Arranca este martes el Primer Festival de Escritura Digital #EDG16 - NOTICIAS","og_description":"M\u00c9XICO, 18 DE ABRIL (C\u00cdRCULO DIGITAL).-\u00a0Con la charla \u201cEn busca del lector perdido en \u2018Twitter\u2019\u201d, este martes inician las actividades...","og_url":"https:\/\/laredsocial-noticias.com\/wp\/arranca-este-martes-el-primer-festival-de-escritura-digital-edg16\/","og_site_name":"NOTICIAS","article_published_time":"2016-04-18T21:09:51+00:00","article_modified_time":"2016-04-18T21:12:52+00:00","author":"Editor en Jefe","twitter_card":"summary_large_image","twitter_misc":{"Escrito por":"Editor en Jefe","Tiempo de lectura":"2 minutos"},"schema":{"@context":"https:\/\/schema.org","@graph":[{"@type":"WebPage","@id":"https:\/\/laredsocial-noticias.com\/wp\/arranca-este-martes-el-primer-festival-de-escritura-digital-edg16\/","url":"https:\/\/laredsocial-noticias.com\/wp\/arranca-este-martes-el-primer-festival-de-escritura-digital-edg16\/","name":"Arranca este martes el Primer Festival de Escritura Digital #EDG16 - NOTICIAS","isPartOf":{"@id":"https:\/\/laredsocial-noticias.com\/wp\/#website"},"datePublished":"2016-04-18T21:09:51+00:00","dateModified":"2016-04-18T21:12:52+00:00","author":{"@id":"https:\/\/laredsocial-noticias.com\/wp\/#\/schema\/person\/0ce78643f2de7aae6f6ef10e8453a6e0"},"breadcrumb":{"@id":"https:\/\/laredsocial-noticias.com\/wp\/arranca-este-martes-el-primer-festival-de-escritura-digital-edg16\/#breadcrumb"},"inLanguage":"es","potentialAction":[{"@type":"ReadAction","target":["https:\/\/laredsocial-noticias.com\/wp\/arranca-este-martes-el-primer-festival-de-escritura-digital-edg16\/"]}]},{"@type":"BreadcrumbList","@id":"https:\/\/laredsocial-noticias.com\/wp\/arranca-este-martes-el-primer-festival-de-escritura-digital-edg16\/#breadcrumb","itemListElement":[{"@type":"ListItem","position":1,"name":"Portada","item":"https:\/\/laredsocial-noticias.com\/wp\/"},{"@type":"ListItem","position":2,"name":"Arranca este martes el Primer Festival de Escritura Digital #EDG16"}]},{"@type":"WebSite","@id":"https:\/\/laredsocial-noticias.com\/wp\/#website","url":"https:\/\/laredsocial-noticias.com\/wp\/","name":"NOTICIAS","description":"Lo que se ve y se dice en las redes sociales","potentialAction":[{"@type":"SearchAction","target":{"@type":"EntryPoint","urlTemplate":"https:\/\/laredsocial-noticias.com\/wp\/?s={search_term_string}"},"query-input":{"@type":"PropertyValueSpecification","valueRequired":true,"valueName":"search_term_string"}}],"inLanguage":"es"},{"@type":"Person","@id":"https:\/\/laredsocial-noticias.com\/wp\/#\/schema\/person\/0ce78643f2de7aae6f6ef10e8453a6e0","name":"Editor en Jefe","url":"https:\/\/laredsocial-noticias.com\/wp\/author\/jorgeochoa\/"}]}},"_links":{"self":[{"href":"https:\/\/laredsocial-noticias.com\/wp\/wp-json\/wp\/v2\/posts\/6053","targetHints":{"allow":["GET"]}}],"collection":[{"href":"https:\/\/laredsocial-noticias.com\/wp\/wp-json\/wp\/v2\/posts"}],"about":[{"href":"https:\/\/laredsocial-noticias.com\/wp\/wp-json\/wp\/v2\/types\/post"}],"author":[{"embeddable":true,"href":"https:\/\/laredsocial-noticias.com\/wp\/wp-json\/wp\/v2\/users\/1"}],"replies":[{"embeddable":true,"href":"https:\/\/laredsocial-noticias.com\/wp\/wp-json\/wp\/v2\/comments?post=6053"}],"version-history":[{"count":1,"href":"https:\/\/laredsocial-noticias.com\/wp\/wp-json\/wp\/v2\/posts\/6053\/revisions"}],"predecessor-version":[{"id":6054,"href":"https:\/\/laredsocial-noticias.com\/wp\/wp-json\/wp\/v2\/posts\/6053\/revisions\/6054"}],"wp:attachment":[{"href":"https:\/\/laredsocial-noticias.com\/wp\/wp-json\/wp\/v2\/media?parent=6053"}],"wp:term":[{"taxonomy":"category","embeddable":true,"href":"https:\/\/laredsocial-noticias.com\/wp\/wp-json\/wp\/v2\/categories?post=6053"},{"taxonomy":"post_tag","embeddable":true,"href":"https:\/\/laredsocial-noticias.com\/wp\/wp-json\/wp\/v2\/tags?post=6053"}],"curies":[{"name":"wp","href":"https:\/\/api.w.org\/{rel}","templated":true}]}}