{"id":61241,"date":"2017-04-21T14:17:04","date_gmt":"2017-04-21T19:17:04","guid":{"rendered":"http:\/\/laredsocial-noticias.com\/wp\/?p=61241"},"modified":"2017-04-21T14:17:24","modified_gmt":"2017-04-21T19:17:24","slug":"el-papa-no-recibira-a-politicos-argentinos-antes-de-las-elecciones-de-octubre","status":"publish","type":"post","link":"https:\/\/laredsocial-noticias.com\/wp\/el-papa-no-recibira-a-politicos-argentinos-antes-de-las-elecciones-de-octubre\/","title":{"rendered":"El papa no recibir\u00e1 a pol\u00edticos argentinos antes de las elecciones de octubre"},"content":{"rendered":"<p><strong>ROMA, 21 de abril, (MOMENTO INFORMATIVO \/ C\u00cdRCULO DIGITAL).-\u00a0<\/strong>El papa Francisco inform\u00f3 hoy a la canciller argentina, Susana Malcorra, de que no recibir\u00e1 a m\u00e1s pol\u00edticos argentinos hasta despu\u00e9s de las elecciones legislativas de octubre en el pa\u00eds y que se mantendr\u00e1 &#8220;muy al margen&#8221; del proceso electoral.<\/p>\n<p class=\"text\">En estos t\u00e9rminos se expres\u00f3 hoy Francisco en una reuni\u00f3n privada que mantuvo con la ministra argentina en el Palacio Apost\u00f3lico vaticano, seg\u00fan refiri\u00f3 Malcorra en un encuentro con la prensa en Roma.<\/p>\n<p class=\"text\">Las conversaciones a puerta cerrada entre el pont\u00edfice y la canciller argentina duraron &#8220;casi una hora&#8221; y en ellas Francisco le coment\u00f3 a Malcorra que ella es &#8220;la \u00faltima persona&#8221; que recibir\u00e1 hasta despu\u00e9s de los comicios legislativos en el pa\u00eds.<\/p>\n<p class=\"text\">De esta manera, la ministra argentina quiso poner fin a &#8220;las especulaciones&#8221; sobre una posible visita del presidente argentino, Mauricio Macri, al pont\u00edfice en el Vaticano.<\/p>\n<p class=\"text\">&#8220;Primero nunca estuvo planeado que el presidente viniera, tal cual sali\u00f3 en algunos medios, aparte de que eso no estaba en los planes, su Santidad fue claro en decirme que se va a mantener muy prescindente, muy al margen de todo este proceso y que, de ac\u00e1 hasta pasadas las elecciones, no va a tener ninguna visita oficial&#8221;, asegur\u00f3.<\/p>\n<p class=\"text\">Malcorra rechaz\u00f3 que haya invitado hoy de nuevo a Jorge Bergoglio a visitar Argentina porque -dijo- ya &#8220;ha sido invitado en reiteradas ocasiones&#8221; y por tanto su viaje al pa\u00eds &#8220;se va a hacer en el momento en que el Santo Padre juzgue que es oportuno y en funci\u00f3n de su agenda, que es una agenda muy amplia&#8221;.<\/p>\n<p class=\"text\">En la reuni\u00f3n s\u00ed que hablaron de otras cuestiones como de la situaci\u00f3n social en Argentina y tambi\u00e9n de &#8220;Venezuela, donde el Vaticano tiene un rol importante&#8221;.<\/p>\n<p class=\"text\">&#8220;Recorrimos el mundo desde su \u00f3ptica, desde sus ocupaciones y preocupaciones, el mundo tanto desde el punto de vista de lo que tiene que ver con la paz y la seguridad, como lo que tiene que ver con el comercio y lo econ\u00f3mico&#8221;, revel\u00f3.<\/p>\n<p class=\"text\">Malcorra viaj\u00f3 a Roma para inaugurar hoy la exposici\u00f3n &#8220;G\u00e9nova-Buenos Aires: solo ida&#8221;, que recrea el viaje que la familia del papa Francisco emprendi\u00f3 a Argentina en 1929.<\/p>\n<p class=\"text\">Adem\u00e1s de con el papa Francisco, tambi\u00e9n mantuvo un encuentro privado en el Vaticano con el secretario de Estado vaticano, el cardenal Pietro Parolin, y posteriormente una reuni\u00f3n con el ministro de Exteriores de Italia, Angelino Alfano, en la sede del ministerio italiano.<\/p>\n<div class=\"articleCredit\"><\/div>\n<p>&nbsp;<\/p>\n","protected":false},"excerpt":{"rendered":"<p>ROMA, 21 de abril, (MOMENTO INFORMATIVO \/ C\u00cdRCULO DIGITAL).-\u00a0El papa Francisco inform\u00f3 hoy a la canciller argentina, Susana Malcorra, de&#8230;<\/p>\n","protected":false},"author":1,"featured_media":0,"comment_status":"closed","ping_status":"closed","sticky":false,"template":"","format":"standard","meta":{"footnotes":""},"categories":[1796,101,73],"tags":[145,77],"class_list":["post-61241","post","type-post","status-publish","format-standard","hentry","category-circulodigital","category-internacional","category-principal","tag-internacional","tag-principal"],"yoast_head":"<!-- This site is optimized with the Yoast SEO plugin v26.5 - https:\/\/yoast.com\/wordpress\/plugins\/seo\/ -->\n<title>El papa no recibir\u00e1 a pol\u00edticos argentinos antes de las elecciones de octubre - NOTICIAS<\/title>\n<meta name=\"robots\" content=\"index, follow, max-snippet:-1, max-image-preview:large, max-video-preview:-1\" \/>\n<link rel=\"canonical\" href=\"https:\/\/laredsocial-noticias.com\/wp\/el-papa-no-recibira-a-politicos-argentinos-antes-de-las-elecciones-de-octubre\/\" \/>\n<meta property=\"og:locale\" content=\"es_ES\" \/>\n<meta property=\"og:type\" content=\"article\" \/>\n<meta property=\"og:title\" content=\"El papa no recibir\u00e1 a pol\u00edticos argentinos antes de las elecciones de octubre - NOTICIAS\" \/>\n<meta property=\"og:description\" content=\"ROMA, 21 de abril, (MOMENTO INFORMATIVO \/ C\u00cdRCULO DIGITAL).-\u00a0El papa Francisco inform\u00f3 hoy a la canciller argentina, Susana Malcorra, de...\" \/>\n<meta property=\"og:url\" content=\"https:\/\/laredsocial-noticias.com\/wp\/el-papa-no-recibira-a-politicos-argentinos-antes-de-las-elecciones-de-octubre\/\" \/>\n<meta property=\"og:site_name\" content=\"NOTICIAS\" \/>\n<meta property=\"article:published_time\" content=\"2017-04-21T19:17:04+00:00\" \/>\n<meta property=\"article:modified_time\" content=\"2017-04-21T19:17:24+00:00\" \/>\n<meta property=\"og:image\" content=\"https:\/\/laredsocial-noticias.com\/wp\/wp-content\/uploads\/2017\/04\/pAPA-fRANCISCO-e1486226129781.png\" \/>\n\t<meta property=\"og:image:width\" content=\"600\" \/>\n\t<meta property=\"og:image:height\" content=\"290\" \/>\n\t<meta property=\"og:image:type\" content=\"image\/png\" \/>\n<meta name=\"author\" content=\"Editor en Jefe\" \/>\n<meta name=\"twitter:card\" content=\"summary_large_image\" \/>\n<meta name=\"twitter:label1\" content=\"Escrito por\" \/>\n\t<meta name=\"twitter:data1\" content=\"Editor en Jefe\" \/>\n\t<meta name=\"twitter:label2\" content=\"Tiempo de lectura\" \/>\n\t<meta name=\"twitter:data2\" content=\"2 minutos\" \/>\n<!-- \/ Yoast SEO plugin. -->","yoast_head_json":{"title":"El papa no recibir\u00e1 a pol\u00edticos argentinos antes de las elecciones de octubre - NOTICIAS","robots":{"index":"index","follow":"follow","max-snippet":"max-snippet:-1","max-image-preview":"max-image-preview:large","max-video-preview":"max-video-preview:-1"},"canonical":"https:\/\/laredsocial-noticias.com\/wp\/el-papa-no-recibira-a-politicos-argentinos-antes-de-las-elecciones-de-octubre\/","og_locale":"es_ES","og_type":"article","og_title":"El papa no recibir\u00e1 a pol\u00edticos argentinos antes de las elecciones de octubre - NOTICIAS","og_description":"ROMA, 21 de abril, (MOMENTO INFORMATIVO \/ C\u00cdRCULO DIGITAL).-\u00a0El papa Francisco inform\u00f3 hoy a la canciller argentina, Susana Malcorra, de...","og_url":"https:\/\/laredsocial-noticias.com\/wp\/el-papa-no-recibira-a-politicos-argentinos-antes-de-las-elecciones-de-octubre\/","og_site_name":"NOTICIAS","article_published_time":"2017-04-21T19:17:04+00:00","article_modified_time":"2017-04-21T19:17:24+00:00","og_image":[{"width":600,"height":290,"url":"https:\/\/laredsocial-noticias.com\/wp\/wp-content\/uploads\/2017\/04\/pAPA-fRANCISCO-e1486226129781.png","type":"image\/png"}],"author":"Editor en Jefe","twitter_card":"summary_large_image","twitter_misc":{"Escrito por":"Editor en Jefe","Tiempo de lectura":"2 minutos"},"schema":{"@context":"https:\/\/schema.org","@graph":[{"@type":"WebPage","@id":"https:\/\/laredsocial-noticias.com\/wp\/el-papa-no-recibira-a-politicos-argentinos-antes-de-las-elecciones-de-octubre\/","url":"https:\/\/laredsocial-noticias.com\/wp\/el-papa-no-recibira-a-politicos-argentinos-antes-de-las-elecciones-de-octubre\/","name":"El papa no recibir\u00e1 a pol\u00edticos argentinos antes de las elecciones de octubre - NOTICIAS","isPartOf":{"@id":"https:\/\/laredsocial-noticias.com\/wp\/#website"},"datePublished":"2017-04-21T19:17:04+00:00","dateModified":"2017-04-21T19:17:24+00:00","author":{"@id":"https:\/\/laredsocial-noticias.com\/wp\/#\/schema\/person\/0ce78643f2de7aae6f6ef10e8453a6e0"},"breadcrumb":{"@id":"https:\/\/laredsocial-noticias.com\/wp\/el-papa-no-recibira-a-politicos-argentinos-antes-de-las-elecciones-de-octubre\/#breadcrumb"},"inLanguage":"es","potentialAction":[{"@type":"ReadAction","target":["https:\/\/laredsocial-noticias.com\/wp\/el-papa-no-recibira-a-politicos-argentinos-antes-de-las-elecciones-de-octubre\/"]}]},{"@type":"BreadcrumbList","@id":"https:\/\/laredsocial-noticias.com\/wp\/el-papa-no-recibira-a-politicos-argentinos-antes-de-las-elecciones-de-octubre\/#breadcrumb","itemListElement":[{"@type":"ListItem","position":1,"name":"Portada","item":"https:\/\/laredsocial-noticias.com\/wp\/"},{"@type":"ListItem","position":2,"name":"El papa no recibir\u00e1 a pol\u00edticos argentinos antes de las elecciones de octubre"}]},{"@type":"WebSite","@id":"https:\/\/laredsocial-noticias.com\/wp\/#website","url":"https:\/\/laredsocial-noticias.com\/wp\/","name":"NOTICIAS","description":"Lo que se ve y se dice en las redes sociales","potentialAction":[{"@type":"SearchAction","target":{"@type":"EntryPoint","urlTemplate":"https:\/\/laredsocial-noticias.com\/wp\/?s={search_term_string}"},"query-input":{"@type":"PropertyValueSpecification","valueRequired":true,"valueName":"search_term_string"}}],"inLanguage":"es"},{"@type":"Person","@id":"https:\/\/laredsocial-noticias.com\/wp\/#\/schema\/person\/0ce78643f2de7aae6f6ef10e8453a6e0","name":"Editor en Jefe","url":"https:\/\/laredsocial-noticias.com\/wp\/author\/jorgeochoa\/"}]}},"_links":{"self":[{"href":"https:\/\/laredsocial-noticias.com\/wp\/wp-json\/wp\/v2\/posts\/61241","targetHints":{"allow":["GET"]}}],"collection":[{"href":"https:\/\/laredsocial-noticias.com\/wp\/wp-json\/wp\/v2\/posts"}],"about":[{"href":"https:\/\/laredsocial-noticias.com\/wp\/wp-json\/wp\/v2\/types\/post"}],"author":[{"embeddable":true,"href":"https:\/\/laredsocial-noticias.com\/wp\/wp-json\/wp\/v2\/users\/1"}],"replies":[{"embeddable":true,"href":"https:\/\/laredsocial-noticias.com\/wp\/wp-json\/wp\/v2\/comments?post=61241"}],"version-history":[{"count":1,"href":"https:\/\/laredsocial-noticias.com\/wp\/wp-json\/wp\/v2\/posts\/61241\/revisions"}],"predecessor-version":[{"id":61242,"href":"https:\/\/laredsocial-noticias.com\/wp\/wp-json\/wp\/v2\/posts\/61241\/revisions\/61242"}],"wp:attachment":[{"href":"https:\/\/laredsocial-noticias.com\/wp\/wp-json\/wp\/v2\/media?parent=61241"}],"wp:term":[{"taxonomy":"category","embeddable":true,"href":"https:\/\/laredsocial-noticias.com\/wp\/wp-json\/wp\/v2\/categories?post=61241"},{"taxonomy":"post_tag","embeddable":true,"href":"https:\/\/laredsocial-noticias.com\/wp\/wp-json\/wp\/v2\/tags?post=61241"}],"curies":[{"name":"wp","href":"https:\/\/api.w.org\/{rel}","templated":true}]}}