{"id":61510,"date":"2017-04-22T21:00:00","date_gmt":"2017-04-23T02:00:00","guid":{"rendered":"http:\/\/laredsocial-noticias.com\/wp\/?p=61510"},"modified":"2017-04-22T20:57:55","modified_gmt":"2017-04-23T01:57:55","slug":"pri-actuara-con-responsabilidad-y-respondera-con-propuestas-ochoa-reza","status":"publish","type":"post","link":"https:\/\/laredsocial-noticias.com\/wp\/pri-actuara-con-responsabilidad-y-respondera-con-propuestas-ochoa-reza\/","title":{"rendered":"PRI actuar\u00e1 con responsabilidad y responder\u00e1 con propuestas: Ochoa Reza"},"content":{"rendered":"<p><strong>CIUDAD DE M\u00c9XICO, 22 de abril, (POLITIQUER\u00cdAS\/C\u00cdRCULO DIGITAL).\u2014\u00a0<\/strong>Ante los fallidos rayitos de esperanza que quieren meter a M\u00e9xico en la oscura caverna del populismo, el PRI actuar\u00e1 con responsabilidad y responder\u00e1 con una campa\u00f1a de propuestas, asever\u00f3 el l\u00edder nacional de este partido, Enrique Ochoa Reza.<\/p>\n<p>Al tomar protesta en Monclova a la estructura de activismo del candidato priista al gobierno de Coahuila, Miguel \u00c1ngel Riquelme Sol\u00eds, exigi\u00f3 que las autoridades federales investiguen el v\u00ednculo entre Andr\u00e9s Manuel L\u00f3pez Obrador y Javier Duarte, para que esa actividad delictiva quede registrada y castigada.<\/p>\n<p>\u201cPor aqu\u00ed cerca anda, seg\u00fan me cuenta, anda un fallido rayito de esperanza. Lo que anda se\u00f1alando por ah\u00ed es que lo traicion\u00f3 el subconsciente: ha reconocido en un video sus v\u00ednculos oscuros con Javier Duarte y ha reconocido que recib\u00edan \u00e9l y su partido montos de dinero inconfesable\u201d, apunt\u00f3.<\/p>\n<p>Ochoa Reza agreg\u00f3 que \u201cante los azulillos, a quienes se les desmorona la inseguridad entre las manos y los fallidos rayitos de esperanza que quieren meter a M\u00e9xico en la oscura caverna del populismo, la actividad y responsabilidad de cada una y cada uno de ustedes es primordial\u201d.<\/p>\n<p>Remarc\u00f3 que los abanderados priistas son la mejor garant\u00eda para que a todos los coahuilenses les vaya bien, incluyendo a sus hijos y nietos.<\/p>\n<p>Por \u00faltimo, indic\u00f3 que las campa\u00f1as del PRI ser\u00e1n las m\u00e1s propositivas, limpias y austeras, \u201cporque vamos por el voto libre y razonado de la ciudadan\u00eda. Con la ciudadan\u00eda y con Miguel Riquelme vamos aganar la elecci\u00f3n\u201d.<\/p>\n<p>&nbsp;<\/p>\n","protected":false},"excerpt":{"rendered":"<p>CIUDAD DE M\u00c9XICO, 22 de abril, (POLITIQUER\u00cdAS\/C\u00cdRCULO DIGITAL).\u2014\u00a0Ante los fallidos rayitos de esperanza que quieren meter a M\u00e9xico en la&#8230;<\/p>\n","protected":false},"author":1,"featured_media":0,"comment_status":"closed","ping_status":"closed","sticky":false,"template":"","format":"standard","meta":{"footnotes":""},"categories":[1796,389,73],"tags":[332,77],"class_list":["post-61510","post","type-post","status-publish","format-standard","hentry","category-circulodigital","category-mexico","category-principal","tag-mexico","tag-principal"],"yoast_head":"<!-- This site is optimized with the Yoast SEO plugin v26.5 - https:\/\/yoast.com\/wordpress\/plugins\/seo\/ -->\n<title>PRI actuar\u00e1 con responsabilidad y responder\u00e1 con propuestas: Ochoa Reza - NOTICIAS<\/title>\n<meta name=\"robots\" content=\"index, follow, max-snippet:-1, max-image-preview:large, max-video-preview:-1\" \/>\n<link rel=\"canonical\" href=\"https:\/\/laredsocial-noticias.com\/wp\/pri-actuara-con-responsabilidad-y-respondera-con-propuestas-ochoa-reza\/\" \/>\n<meta property=\"og:locale\" content=\"es_ES\" \/>\n<meta property=\"og:type\" content=\"article\" \/>\n<meta property=\"og:title\" content=\"PRI actuar\u00e1 con responsabilidad y responder\u00e1 con propuestas: Ochoa Reza - NOTICIAS\" \/>\n<meta property=\"og:description\" content=\"CIUDAD DE M\u00c9XICO, 22 de abril, (POLITIQUER\u00cdAS\/C\u00cdRCULO DIGITAL).\u2014\u00a0Ante los fallidos rayitos de esperanza que quieren meter a M\u00e9xico en la...\" \/>\n<meta property=\"og:url\" content=\"https:\/\/laredsocial-noticias.com\/wp\/pri-actuara-con-responsabilidad-y-respondera-con-propuestas-ochoa-reza\/\" \/>\n<meta property=\"og:site_name\" content=\"NOTICIAS\" \/>\n<meta property=\"article:published_time\" content=\"2017-04-23T02:00:00+00:00\" \/>\n<meta property=\"og:image\" content=\"https:\/\/laredsocial-noticias.com\/wp\/wp-content\/uploads\/2017\/04\/Ochoa-Reza.jpg\" \/>\n\t<meta property=\"og:image:width\" content=\"600\" \/>\n\t<meta property=\"og:image:height\" content=\"348\" \/>\n\t<meta property=\"og:image:type\" content=\"image\/jpeg\" \/>\n<meta name=\"author\" content=\"Editor en Jefe\" \/>\n<meta name=\"twitter:card\" content=\"summary_large_image\" \/>\n<meta name=\"twitter:label1\" content=\"Escrito por\" \/>\n\t<meta name=\"twitter:data1\" content=\"Editor en Jefe\" \/>\n\t<meta name=\"twitter:label2\" content=\"Tiempo de lectura\" \/>\n\t<meta name=\"twitter:data2\" content=\"1 minuto\" \/>\n<!-- \/ Yoast SEO plugin. -->","yoast_head_json":{"title":"PRI actuar\u00e1 con responsabilidad y responder\u00e1 con propuestas: Ochoa Reza - NOTICIAS","robots":{"index":"index","follow":"follow","max-snippet":"max-snippet:-1","max-image-preview":"max-image-preview:large","max-video-preview":"max-video-preview:-1"},"canonical":"https:\/\/laredsocial-noticias.com\/wp\/pri-actuara-con-responsabilidad-y-respondera-con-propuestas-ochoa-reza\/","og_locale":"es_ES","og_type":"article","og_title":"PRI actuar\u00e1 con responsabilidad y responder\u00e1 con propuestas: Ochoa Reza - NOTICIAS","og_description":"CIUDAD DE M\u00c9XICO, 22 de abril, (POLITIQUER\u00cdAS\/C\u00cdRCULO DIGITAL).\u2014\u00a0Ante los fallidos rayitos de esperanza que quieren meter a M\u00e9xico en la...","og_url":"https:\/\/laredsocial-noticias.com\/wp\/pri-actuara-con-responsabilidad-y-respondera-con-propuestas-ochoa-reza\/","og_site_name":"NOTICIAS","article_published_time":"2017-04-23T02:00:00+00:00","og_image":[{"width":600,"height":348,"url":"https:\/\/laredsocial-noticias.com\/wp\/wp-content\/uploads\/2017\/04\/Ochoa-Reza.jpg","type":"image\/jpeg"}],"author":"Editor en Jefe","twitter_card":"summary_large_image","twitter_misc":{"Escrito por":"Editor en Jefe","Tiempo de lectura":"1 minuto"},"schema":{"@context":"https:\/\/schema.org","@graph":[{"@type":"WebPage","@id":"https:\/\/laredsocial-noticias.com\/wp\/pri-actuara-con-responsabilidad-y-respondera-con-propuestas-ochoa-reza\/","url":"https:\/\/laredsocial-noticias.com\/wp\/pri-actuara-con-responsabilidad-y-respondera-con-propuestas-ochoa-reza\/","name":"PRI actuar\u00e1 con responsabilidad y responder\u00e1 con propuestas: Ochoa Reza - NOTICIAS","isPartOf":{"@id":"https:\/\/laredsocial-noticias.com\/wp\/#website"},"datePublished":"2017-04-23T02:00:00+00:00","author":{"@id":"https:\/\/laredsocial-noticias.com\/wp\/#\/schema\/person\/0ce78643f2de7aae6f6ef10e8453a6e0"},"breadcrumb":{"@id":"https:\/\/laredsocial-noticias.com\/wp\/pri-actuara-con-responsabilidad-y-respondera-con-propuestas-ochoa-reza\/#breadcrumb"},"inLanguage":"es","potentialAction":[{"@type":"ReadAction","target":["https:\/\/laredsocial-noticias.com\/wp\/pri-actuara-con-responsabilidad-y-respondera-con-propuestas-ochoa-reza\/"]}]},{"@type":"BreadcrumbList","@id":"https:\/\/laredsocial-noticias.com\/wp\/pri-actuara-con-responsabilidad-y-respondera-con-propuestas-ochoa-reza\/#breadcrumb","itemListElement":[{"@type":"ListItem","position":1,"name":"Portada","item":"https:\/\/laredsocial-noticias.com\/wp\/"},{"@type":"ListItem","position":2,"name":"PRI actuar\u00e1 con responsabilidad y responder\u00e1 con propuestas: Ochoa Reza"}]},{"@type":"WebSite","@id":"https:\/\/laredsocial-noticias.com\/wp\/#website","url":"https:\/\/laredsocial-noticias.com\/wp\/","name":"NOTICIAS","description":"Lo que se ve y se dice en las redes sociales","potentialAction":[{"@type":"SearchAction","target":{"@type":"EntryPoint","urlTemplate":"https:\/\/laredsocial-noticias.com\/wp\/?s={search_term_string}"},"query-input":{"@type":"PropertyValueSpecification","valueRequired":true,"valueName":"search_term_string"}}],"inLanguage":"es"},{"@type":"Person","@id":"https:\/\/laredsocial-noticias.com\/wp\/#\/schema\/person\/0ce78643f2de7aae6f6ef10e8453a6e0","name":"Editor en Jefe","url":"https:\/\/laredsocial-noticias.com\/wp\/author\/jorgeochoa\/"}]}},"_links":{"self":[{"href":"https:\/\/laredsocial-noticias.com\/wp\/wp-json\/wp\/v2\/posts\/61510","targetHints":{"allow":["GET"]}}],"collection":[{"href":"https:\/\/laredsocial-noticias.com\/wp\/wp-json\/wp\/v2\/posts"}],"about":[{"href":"https:\/\/laredsocial-noticias.com\/wp\/wp-json\/wp\/v2\/types\/post"}],"author":[{"embeddable":true,"href":"https:\/\/laredsocial-noticias.com\/wp\/wp-json\/wp\/v2\/users\/1"}],"replies":[{"embeddable":true,"href":"https:\/\/laredsocial-noticias.com\/wp\/wp-json\/wp\/v2\/comments?post=61510"}],"version-history":[{"count":1,"href":"https:\/\/laredsocial-noticias.com\/wp\/wp-json\/wp\/v2\/posts\/61510\/revisions"}],"predecessor-version":[{"id":61511,"href":"https:\/\/laredsocial-noticias.com\/wp\/wp-json\/wp\/v2\/posts\/61510\/revisions\/61511"}],"wp:attachment":[{"href":"https:\/\/laredsocial-noticias.com\/wp\/wp-json\/wp\/v2\/media?parent=61510"}],"wp:term":[{"taxonomy":"category","embeddable":true,"href":"https:\/\/laredsocial-noticias.com\/wp\/wp-json\/wp\/v2\/categories?post=61510"},{"taxonomy":"post_tag","embeddable":true,"href":"https:\/\/laredsocial-noticias.com\/wp\/wp-json\/wp\/v2\/tags?post=61510"}],"curies":[{"name":"wp","href":"https:\/\/api.w.org\/{rel}","templated":true}]}}