{"id":61658,"date":"2017-04-24T09:41:12","date_gmt":"2017-04-24T14:41:12","guid":{"rendered":"http:\/\/laredsocial-noticias.com\/wp\/?p=61658"},"modified":"2017-04-24T09:41:21","modified_gmt":"2017-04-24T14:41:21","slug":"se-presentara-la-publicacion-un-cine-revolucionado-atisbos-de-modernidad-en-la-cinematografia-nacional-1910-1950","status":"publish","type":"post","link":"https:\/\/laredsocial-noticias.com\/wp\/se-presentara-la-publicacion-un-cine-revolucionado-atisbos-de-modernidad-en-la-cinematografia-nacional-1910-1950\/","title":{"rendered":"Se presentar\u00e1 la publicaci\u00f3n Un cine revolucionado, Atisbos de modernidad en la cinematograf\u00eda nacional (1910-1950)"},"content":{"rendered":"<p><strong>CIUDAD DE M\u00c9XICO, 24 de abril, (DE VAGOS \/ C\u00cdRCULO DIGITAL).-\u00a0<\/strong>La Secretar\u00eda de Cultura, el Instituto Nacional de Bellas Artes, el Museo del Palacio de Bellas Artes y la Cineteca Nacional invitan a la presentaci\u00f3n de la publicaci\u00f3n <i>Un cine revolucionado. Atisbos de modernidad en la cinematograf\u00eda nacional (1910-1950),<\/i> el jueves 27 de abril a las 18:00 en la Sala 4 de la Cineteca Nacional.<\/p>\n<p class=\"x_MsoNormal\"><span lang=\"ES-MX\">\u00a0<a href=\"http:\/\/laredsocial-noticias.com\/wp\/wp-content\/uploads\/2017\/04\/PR-inv-ciclocine-1-1.png\"><img loading=\"lazy\" decoding=\"async\" class=\"  wp-image-71511 aligncenter\" src=\"http:\/\/laredsocial-noticias.com\/wp\/wp-content\/uploads\/2017\/04\/PR-inv-ciclocine-1-1.png\" alt=\"PR-inv-ciclocine (1) (1)\" width=\"727\" height=\"641\" \/><\/a><\/span><\/p>\n<p class=\"x_MsoNormal\"><span lang=\"ES-MX\">Participar\u00e1n Ra\u00fal Miranda L\u00f3pez, subdirector de Documentaci\u00f3n de la Cineteca, quien <\/span><span lang=\"ES-MX\">ha publicado e impartido cursos especializados sobre historia del cine internacional y mexicano, y Hugo Lara Ch\u00e1vez, director del portal Corre-C\u00e1mara, quien cuenta con diversas publicaciones de su autor\u00eda y fue curador de la muestra fotogr\u00e1fica <i>La ciudad del cine <\/i>(2008) y coordinador de contenidos de la exposici\u00f3n <i>Cine y Revoluci\u00f3n<\/i> (2010).<\/span><\/p>\n<p class=\"x_MsoNormal\"><span lang=\"ES-MX\">\u00a0<\/span><\/p>\n<p class=\"x_MsoNormal\"><span lang=\"ES-MX\">Esta publicaci\u00f3n<\/span><span lang=\"ES-MX\"> ha sido editada de manera conjunta por el Museo del Palacio de Bellas Artes y la Cineteca Nacional, en el marco de la muestra <i>Pinta la Revoluci\u00f3n. Arte moderno mexicano, 1910-1950<\/i>, la cual finalizar\u00e1 su periodo de exhibici\u00f3n el domingo 7 de mayo.<\/span><\/p>\n<p class=\"x_MsoNormal\"><span lang=\"ES-MX\">\u00a0<\/span><\/p>\n<p class=\"x_MsoNormal\"><i><span lang=\"ES-MX\">Un cine revolucionado <\/span><\/i><span lang=\"ES-MX\">integra<\/span><span lang=\"ES-MX\"> textos de destacados especialistas en el tema que ofrecen una imagen global de la materia al abordar de manera cr\u00edtica y reflexiva, a partir de las obras cinematogr\u00e1ficas m\u00e1s representativas de la \u00e9poca, la presencia y el impacto del s\u00e9ptimo arte nacional durante este periodo de rupturas y reconstrucciones.<\/span><\/p>\n<p class=\"x_MsoNormal\"><span lang=\"ES-MX\">\u00a0<\/span><\/p>\n<p class=\"x_MsoNormal\"><span lang=\"ES-MX\">Eduardo de la Vega, Guillermo Vaidovits, Guadalupe Ferrer, Alejandro Pelayo, \u00c1lvaro V\u00e1zquez Mantec\u00f3n, Federico D\u00e1valos Orozco, Andr\u00e9s de Luna, Rafael Avi\u00f1a<\/span><span lang=\"ES-MX\">, Miguel \u00c1ngel Berumen, Juan Sol\u00eds, Nelson Carro, David M. J. Wood, Julia Tu\u00f1\u00f3n, Jos\u00e9 Antonio Vald\u00e9s, Julio C\u00e9sar Dur\u00e1n, Roberto Ortiz Escobar, Alberto Caba\u00f1as y Francisco Peredo son los autores de los textos que integran el volumen, el cual cuenta con un tiraje de 1,200 ejemplares.<\/span><\/p>\n","protected":false},"excerpt":{"rendered":"<p>CIUDAD DE M\u00c9XICO, 24 de abril, (DE VAGOS \/ C\u00cdRCULO DIGITAL).-\u00a0La Secretar\u00eda de Cultura, el Instituto Nacional de Bellas Artes,&#8230;<\/p>\n","protected":false},"author":1,"featured_media":0,"comment_status":"closed","ping_status":"closed","sticky":false,"template":"","format":"standard","meta":{"footnotes":""},"categories":[1796,946],"tags":[1217],"class_list":["post-61658","post","type-post","status-publish","format-standard","hentry","category-circulodigital","category-cultura-y-entretenimiento","tag-cultura-y-entretenimiento"],"yoast_head":"<!-- This site is optimized with the Yoast SEO plugin v26.5 - https:\/\/yoast.com\/wordpress\/plugins\/seo\/ -->\n<title>Se presentar\u00e1 la publicaci\u00f3n Un cine revolucionado, Atisbos de modernidad en la cinematograf\u00eda nacional (1910-1950) - NOTICIAS<\/title>\n<meta name=\"robots\" content=\"index, follow, max-snippet:-1, max-image-preview:large, max-video-preview:-1\" \/>\n<link rel=\"canonical\" href=\"https:\/\/laredsocial-noticias.com\/wp\/se-presentara-la-publicacion-un-cine-revolucionado-atisbos-de-modernidad-en-la-cinematografia-nacional-1910-1950\/\" \/>\n<meta property=\"og:locale\" content=\"es_ES\" \/>\n<meta property=\"og:type\" content=\"article\" \/>\n<meta property=\"og:title\" content=\"Se presentar\u00e1 la publicaci\u00f3n Un cine revolucionado, Atisbos de modernidad en la cinematograf\u00eda nacional (1910-1950) - NOTICIAS\" \/>\n<meta property=\"og:description\" content=\"CIUDAD DE M\u00c9XICO, 24 de abril, (DE VAGOS \/ C\u00cdRCULO DIGITAL).-\u00a0La Secretar\u00eda de Cultura, el Instituto Nacional de Bellas Artes,...\" \/>\n<meta property=\"og:url\" content=\"https:\/\/laredsocial-noticias.com\/wp\/se-presentara-la-publicacion-un-cine-revolucionado-atisbos-de-modernidad-en-la-cinematografia-nacional-1910-1950\/\" \/>\n<meta property=\"og:site_name\" content=\"NOTICIAS\" \/>\n<meta property=\"article:published_time\" content=\"2017-04-24T14:41:12+00:00\" \/>\n<meta property=\"article:modified_time\" content=\"2017-04-24T14:41:21+00:00\" \/>\n<meta property=\"og:image\" content=\"https:\/\/laredsocial-noticias.com\/wp\/wp-content\/uploads\/2017\/04\/PalaciodeBellasArtes-e1475163509143.jpeg\" \/>\n\t<meta property=\"og:image:width\" content=\"600\" \/>\n\t<meta property=\"og:image:height\" content=\"400\" \/>\n\t<meta property=\"og:image:type\" content=\"image\/jpeg\" \/>\n<meta name=\"author\" content=\"Editor en Jefe\" \/>\n<meta name=\"twitter:card\" content=\"summary_large_image\" \/>\n<meta name=\"twitter:label1\" content=\"Escrito por\" \/>\n\t<meta name=\"twitter:data1\" content=\"Editor en Jefe\" \/>\n\t<meta name=\"twitter:label2\" content=\"Tiempo de lectura\" \/>\n\t<meta name=\"twitter:data2\" content=\"2 minutos\" \/>\n<!-- \/ Yoast SEO plugin. -->","yoast_head_json":{"title":"Se presentar\u00e1 la publicaci\u00f3n Un cine revolucionado, Atisbos de modernidad en la cinematograf\u00eda nacional (1910-1950) - NOTICIAS","robots":{"index":"index","follow":"follow","max-snippet":"max-snippet:-1","max-image-preview":"max-image-preview:large","max-video-preview":"max-video-preview:-1"},"canonical":"https:\/\/laredsocial-noticias.com\/wp\/se-presentara-la-publicacion-un-cine-revolucionado-atisbos-de-modernidad-en-la-cinematografia-nacional-1910-1950\/","og_locale":"es_ES","og_type":"article","og_title":"Se presentar\u00e1 la publicaci\u00f3n Un cine revolucionado, Atisbos de modernidad en la cinematograf\u00eda nacional (1910-1950) - NOTICIAS","og_description":"CIUDAD DE M\u00c9XICO, 24 de abril, (DE VAGOS \/ C\u00cdRCULO DIGITAL).-\u00a0La Secretar\u00eda de Cultura, el Instituto Nacional de Bellas Artes,...","og_url":"https:\/\/laredsocial-noticias.com\/wp\/se-presentara-la-publicacion-un-cine-revolucionado-atisbos-de-modernidad-en-la-cinematografia-nacional-1910-1950\/","og_site_name":"NOTICIAS","article_published_time":"2017-04-24T14:41:12+00:00","article_modified_time":"2017-04-24T14:41:21+00:00","og_image":[{"width":600,"height":400,"url":"https:\/\/laredsocial-noticias.com\/wp\/wp-content\/uploads\/2017\/04\/PalaciodeBellasArtes-e1475163509143.jpeg","type":"image\/jpeg"}],"author":"Editor en Jefe","twitter_card":"summary_large_image","twitter_misc":{"Escrito por":"Editor en Jefe","Tiempo de lectura":"2 minutos"},"schema":{"@context":"https:\/\/schema.org","@graph":[{"@type":"WebPage","@id":"https:\/\/laredsocial-noticias.com\/wp\/se-presentara-la-publicacion-un-cine-revolucionado-atisbos-de-modernidad-en-la-cinematografia-nacional-1910-1950\/","url":"https:\/\/laredsocial-noticias.com\/wp\/se-presentara-la-publicacion-un-cine-revolucionado-atisbos-de-modernidad-en-la-cinematografia-nacional-1910-1950\/","name":"Se presentar\u00e1 la publicaci\u00f3n Un cine revolucionado, Atisbos de modernidad en la cinematograf\u00eda nacional (1910-1950) - NOTICIAS","isPartOf":{"@id":"https:\/\/laredsocial-noticias.com\/wp\/#website"},"primaryImageOfPage":{"@id":"https:\/\/laredsocial-noticias.com\/wp\/se-presentara-la-publicacion-un-cine-revolucionado-atisbos-de-modernidad-en-la-cinematografia-nacional-1910-1950\/#primaryimage"},"image":{"@id":"https:\/\/laredsocial-noticias.com\/wp\/se-presentara-la-publicacion-un-cine-revolucionado-atisbos-de-modernidad-en-la-cinematografia-nacional-1910-1950\/#primaryimage"},"thumbnailUrl":"http:\/\/laredsocial-noticias.com\/wp\/wp-content\/uploads\/2017\/04\/PR-inv-ciclocine-1-1.png","datePublished":"2017-04-24T14:41:12+00:00","dateModified":"2017-04-24T14:41:21+00:00","author":{"@id":"https:\/\/laredsocial-noticias.com\/wp\/#\/schema\/person\/0ce78643f2de7aae6f6ef10e8453a6e0"},"breadcrumb":{"@id":"https:\/\/laredsocial-noticias.com\/wp\/se-presentara-la-publicacion-un-cine-revolucionado-atisbos-de-modernidad-en-la-cinematografia-nacional-1910-1950\/#breadcrumb"},"inLanguage":"es","potentialAction":[{"@type":"ReadAction","target":["https:\/\/laredsocial-noticias.com\/wp\/se-presentara-la-publicacion-un-cine-revolucionado-atisbos-de-modernidad-en-la-cinematografia-nacional-1910-1950\/"]}]},{"@type":"ImageObject","inLanguage":"es","@id":"https:\/\/laredsocial-noticias.com\/wp\/se-presentara-la-publicacion-un-cine-revolucionado-atisbos-de-modernidad-en-la-cinematografia-nacional-1910-1950\/#primaryimage","url":"http:\/\/laredsocial-noticias.com\/wp\/wp-content\/uploads\/2017\/04\/PR-inv-ciclocine-1-1.png","contentUrl":"http:\/\/laredsocial-noticias.com\/wp\/wp-content\/uploads\/2017\/04\/PR-inv-ciclocine-1-1.png"},{"@type":"BreadcrumbList","@id":"https:\/\/laredsocial-noticias.com\/wp\/se-presentara-la-publicacion-un-cine-revolucionado-atisbos-de-modernidad-en-la-cinematografia-nacional-1910-1950\/#breadcrumb","itemListElement":[{"@type":"ListItem","position":1,"name":"Portada","item":"https:\/\/laredsocial-noticias.com\/wp\/"},{"@type":"ListItem","position":2,"name":"Se presentar\u00e1 la publicaci\u00f3n Un cine revolucionado, Atisbos de modernidad en la cinematograf\u00eda nacional (1910-1950)"}]},{"@type":"WebSite","@id":"https:\/\/laredsocial-noticias.com\/wp\/#website","url":"https:\/\/laredsocial-noticias.com\/wp\/","name":"NOTICIAS","description":"Lo que se ve y se dice en las redes sociales","potentialAction":[{"@type":"SearchAction","target":{"@type":"EntryPoint","urlTemplate":"https:\/\/laredsocial-noticias.com\/wp\/?s={search_term_string}"},"query-input":{"@type":"PropertyValueSpecification","valueRequired":true,"valueName":"search_term_string"}}],"inLanguage":"es"},{"@type":"Person","@id":"https:\/\/laredsocial-noticias.com\/wp\/#\/schema\/person\/0ce78643f2de7aae6f6ef10e8453a6e0","name":"Editor en Jefe","url":"https:\/\/laredsocial-noticias.com\/wp\/author\/jorgeochoa\/"}]}},"_links":{"self":[{"href":"https:\/\/laredsocial-noticias.com\/wp\/wp-json\/wp\/v2\/posts\/61658","targetHints":{"allow":["GET"]}}],"collection":[{"href":"https:\/\/laredsocial-noticias.com\/wp\/wp-json\/wp\/v2\/posts"}],"about":[{"href":"https:\/\/laredsocial-noticias.com\/wp\/wp-json\/wp\/v2\/types\/post"}],"author":[{"embeddable":true,"href":"https:\/\/laredsocial-noticias.com\/wp\/wp-json\/wp\/v2\/users\/1"}],"replies":[{"embeddable":true,"href":"https:\/\/laredsocial-noticias.com\/wp\/wp-json\/wp\/v2\/comments?post=61658"}],"version-history":[{"count":1,"href":"https:\/\/laredsocial-noticias.com\/wp\/wp-json\/wp\/v2\/posts\/61658\/revisions"}],"predecessor-version":[{"id":61659,"href":"https:\/\/laredsocial-noticias.com\/wp\/wp-json\/wp\/v2\/posts\/61658\/revisions\/61659"}],"wp:attachment":[{"href":"https:\/\/laredsocial-noticias.com\/wp\/wp-json\/wp\/v2\/media?parent=61658"}],"wp:term":[{"taxonomy":"category","embeddable":true,"href":"https:\/\/laredsocial-noticias.com\/wp\/wp-json\/wp\/v2\/categories?post=61658"},{"taxonomy":"post_tag","embeddable":true,"href":"https:\/\/laredsocial-noticias.com\/wp\/wp-json\/wp\/v2\/tags?post=61658"}],"curies":[{"name":"wp","href":"https:\/\/api.w.org\/{rel}","templated":true}]}}