{"id":62017,"date":"2017-04-25T23:01:34","date_gmt":"2017-04-26T04:01:34","guid":{"rendered":"http:\/\/laredsocial-noticias.com\/wp\/?p=62017"},"modified":"2017-04-25T23:01:40","modified_gmt":"2017-04-26T04:01:40","slug":"chiflidos-y-aplausos-en-celebrodomo-panista","status":"publish","type":"post","link":"https:\/\/laredsocial-noticias.com\/wp\/chiflidos-y-aplausos-en-celebrodomo-panista\/","title":{"rendered":"Chiflidos y aplausos en celebr\u00f3domo panista"},"content":{"rendered":"<p><strong>TOLUCA, Estado de M\u00e9xico, 25 de abril, (MENSAJE POL\u00cdTICO\/C\u00cdRCULO DIGITAL).\u2014\u00a0<\/strong><strong>Por Juan R Hern\u00e1ndez.\u00a0<\/strong>Las matracas, la V de la victoria y el sonido de la batucada blanquiazul retumbaron en un c\u00e9ntrico hotel de la ciudad de Toluca.<\/p>\n<p>Desde las 7 de la noche se dieron cita j\u00f3venes e integrantes de la plana mexiquense del PAN para ver a Josefina V\u00e1zquez Mota &#8220;arrasar al PRI, PRD y Morena en el debate&#8221;.<\/p>\n<p>Cada reproche, reclamo o se\u00f1alamiento que le hac\u00eda la candidata del PAN eran celebrados con matracas y vivas mientras los candidatos del PRI y Morena eran abucheados.<\/p>\n<p>El punto que desat\u00f3 la risa y burla de los panistas presentes fue la declaraci\u00f3n de Delfina G\u00f3mez: &#8220;yo vot\u00e9 por el gasolinazo&#8221; as\u00ed como el reclamo de V\u00e1zquez Mota: &#8220;Delfina, me sorprende que hables de proteger a los trabajadores cuando t\u00fa y tu equipo les quitaron dinero a tus empleados en Texcoco&#8221;.<\/p>\n<p>Conforme avanzaba el debate, los panistas gritaban &#8220;Josefina ya es gobernadora&#8221;.<\/p>\n<p>Temas como la justicia, apoyo a los j\u00f3venes estudiantes con becas y transporte gratuito, la generaci\u00f3n de empleos mejor pagados, seguridad p\u00fablica y el combate a la corrupci\u00f3n fueron el eje central del discurso de la candidata V\u00e1zquez Mota.<\/p>\n","protected":false},"excerpt":{"rendered":"<p>TOLUCA, Estado de M\u00e9xico, 25 de abril, (MENSAJE POL\u00cdTICO\/C\u00cdRCULO DIGITAL).\u2014\u00a0Por Juan R Hern\u00e1ndez.\u00a0Las matracas, la V de la victoria y&#8230;<\/p>\n","protected":false},"author":1,"featured_media":0,"comment_status":"closed","ping_status":"closed","sticky":false,"template":"","format":"standard","meta":{"footnotes":""},"categories":[1796,4060,73],"tags":[4066,77],"class_list":["post-62017","post","type-post","status-publish","format-standard","hentry","category-circulodigital","category-eleccion-en-edomex","category-principal","tag-eleccion-en-edomex","tag-principal"],"yoast_head":"<!-- This site is optimized with the Yoast SEO plugin v26.5 - https:\/\/yoast.com\/wordpress\/plugins\/seo\/ -->\n<title>Chiflidos y aplausos en celebr\u00f3domo panista - NOTICIAS<\/title>\n<meta name=\"robots\" content=\"index, follow, max-snippet:-1, max-image-preview:large, max-video-preview:-1\" \/>\n<link rel=\"canonical\" href=\"https:\/\/laredsocial-noticias.com\/wp\/chiflidos-y-aplausos-en-celebrodomo-panista\/\" \/>\n<meta property=\"og:locale\" content=\"es_ES\" \/>\n<meta property=\"og:type\" content=\"article\" \/>\n<meta property=\"og:title\" content=\"Chiflidos y aplausos en celebr\u00f3domo panista - NOTICIAS\" \/>\n<meta property=\"og:description\" content=\"TOLUCA, Estado de M\u00e9xico, 25 de abril, (MENSAJE POL\u00cdTICO\/C\u00cdRCULO DIGITAL).\u2014\u00a0Por Juan R Hern\u00e1ndez.\u00a0Las matracas, la V de la victoria y...\" \/>\n<meta property=\"og:url\" content=\"https:\/\/laredsocial-noticias.com\/wp\/chiflidos-y-aplausos-en-celebrodomo-panista\/\" \/>\n<meta property=\"og:site_name\" content=\"NOTICIAS\" \/>\n<meta property=\"article:published_time\" content=\"2017-04-26T04:01:34+00:00\" \/>\n<meta property=\"article:modified_time\" content=\"2017-04-26T04:01:40+00:00\" \/>\n<meta property=\"og:image\" content=\"https:\/\/laredsocial-noticias.com\/wp\/wp-content\/uploads\/2017\/04\/PAN-celebrando.jpg\" \/>\n\t<meta property=\"og:image:width\" content=\"600\" \/>\n\t<meta property=\"og:image:height\" content=\"338\" \/>\n\t<meta property=\"og:image:type\" content=\"image\/jpeg\" \/>\n<meta name=\"author\" content=\"Editor en Jefe\" \/>\n<meta name=\"twitter:card\" content=\"summary_large_image\" \/>\n<meta name=\"twitter:label1\" content=\"Escrito por\" \/>\n\t<meta name=\"twitter:data1\" content=\"Editor en Jefe\" \/>\n\t<meta name=\"twitter:label2\" content=\"Tiempo de lectura\" \/>\n\t<meta name=\"twitter:data2\" content=\"1 minuto\" \/>\n<!-- \/ Yoast SEO plugin. -->","yoast_head_json":{"title":"Chiflidos y aplausos en celebr\u00f3domo panista - NOTICIAS","robots":{"index":"index","follow":"follow","max-snippet":"max-snippet:-1","max-image-preview":"max-image-preview:large","max-video-preview":"max-video-preview:-1"},"canonical":"https:\/\/laredsocial-noticias.com\/wp\/chiflidos-y-aplausos-en-celebrodomo-panista\/","og_locale":"es_ES","og_type":"article","og_title":"Chiflidos y aplausos en celebr\u00f3domo panista - NOTICIAS","og_description":"TOLUCA, Estado de M\u00e9xico, 25 de abril, (MENSAJE POL\u00cdTICO\/C\u00cdRCULO DIGITAL).\u2014\u00a0Por Juan R Hern\u00e1ndez.\u00a0Las matracas, la V de la victoria y...","og_url":"https:\/\/laredsocial-noticias.com\/wp\/chiflidos-y-aplausos-en-celebrodomo-panista\/","og_site_name":"NOTICIAS","article_published_time":"2017-04-26T04:01:34+00:00","article_modified_time":"2017-04-26T04:01:40+00:00","og_image":[{"width":600,"height":338,"url":"https:\/\/laredsocial-noticias.com\/wp\/wp-content\/uploads\/2017\/04\/PAN-celebrando.jpg","type":"image\/jpeg"}],"author":"Editor en Jefe","twitter_card":"summary_large_image","twitter_misc":{"Escrito por":"Editor en Jefe","Tiempo de lectura":"1 minuto"},"schema":{"@context":"https:\/\/schema.org","@graph":[{"@type":"WebPage","@id":"https:\/\/laredsocial-noticias.com\/wp\/chiflidos-y-aplausos-en-celebrodomo-panista\/","url":"https:\/\/laredsocial-noticias.com\/wp\/chiflidos-y-aplausos-en-celebrodomo-panista\/","name":"Chiflidos y aplausos en celebr\u00f3domo panista - NOTICIAS","isPartOf":{"@id":"https:\/\/laredsocial-noticias.com\/wp\/#website"},"datePublished":"2017-04-26T04:01:34+00:00","dateModified":"2017-04-26T04:01:40+00:00","author":{"@id":"https:\/\/laredsocial-noticias.com\/wp\/#\/schema\/person\/0ce78643f2de7aae6f6ef10e8453a6e0"},"breadcrumb":{"@id":"https:\/\/laredsocial-noticias.com\/wp\/chiflidos-y-aplausos-en-celebrodomo-panista\/#breadcrumb"},"inLanguage":"es","potentialAction":[{"@type":"ReadAction","target":["https:\/\/laredsocial-noticias.com\/wp\/chiflidos-y-aplausos-en-celebrodomo-panista\/"]}]},{"@type":"BreadcrumbList","@id":"https:\/\/laredsocial-noticias.com\/wp\/chiflidos-y-aplausos-en-celebrodomo-panista\/#breadcrumb","itemListElement":[{"@type":"ListItem","position":1,"name":"Portada","item":"https:\/\/laredsocial-noticias.com\/wp\/"},{"@type":"ListItem","position":2,"name":"Chiflidos y aplausos en celebr\u00f3domo panista"}]},{"@type":"WebSite","@id":"https:\/\/laredsocial-noticias.com\/wp\/#website","url":"https:\/\/laredsocial-noticias.com\/wp\/","name":"NOTICIAS","description":"Lo que se ve y se dice en las redes sociales","potentialAction":[{"@type":"SearchAction","target":{"@type":"EntryPoint","urlTemplate":"https:\/\/laredsocial-noticias.com\/wp\/?s={search_term_string}"},"query-input":{"@type":"PropertyValueSpecification","valueRequired":true,"valueName":"search_term_string"}}],"inLanguage":"es"},{"@type":"Person","@id":"https:\/\/laredsocial-noticias.com\/wp\/#\/schema\/person\/0ce78643f2de7aae6f6ef10e8453a6e0","name":"Editor en Jefe","url":"https:\/\/laredsocial-noticias.com\/wp\/author\/jorgeochoa\/"}]}},"_links":{"self":[{"href":"https:\/\/laredsocial-noticias.com\/wp\/wp-json\/wp\/v2\/posts\/62017","targetHints":{"allow":["GET"]}}],"collection":[{"href":"https:\/\/laredsocial-noticias.com\/wp\/wp-json\/wp\/v2\/posts"}],"about":[{"href":"https:\/\/laredsocial-noticias.com\/wp\/wp-json\/wp\/v2\/types\/post"}],"author":[{"embeddable":true,"href":"https:\/\/laredsocial-noticias.com\/wp\/wp-json\/wp\/v2\/users\/1"}],"replies":[{"embeddable":true,"href":"https:\/\/laredsocial-noticias.com\/wp\/wp-json\/wp\/v2\/comments?post=62017"}],"version-history":[{"count":1,"href":"https:\/\/laredsocial-noticias.com\/wp\/wp-json\/wp\/v2\/posts\/62017\/revisions"}],"predecessor-version":[{"id":62018,"href":"https:\/\/laredsocial-noticias.com\/wp\/wp-json\/wp\/v2\/posts\/62017\/revisions\/62018"}],"wp:attachment":[{"href":"https:\/\/laredsocial-noticias.com\/wp\/wp-json\/wp\/v2\/media?parent=62017"}],"wp:term":[{"taxonomy":"category","embeddable":true,"href":"https:\/\/laredsocial-noticias.com\/wp\/wp-json\/wp\/v2\/categories?post=62017"},{"taxonomy":"post_tag","embeddable":true,"href":"https:\/\/laredsocial-noticias.com\/wp\/wp-json\/wp\/v2\/tags?post=62017"}],"curies":[{"name":"wp","href":"https:\/\/api.w.org\/{rel}","templated":true}]}}