{"id":63673,"date":"2017-05-04T14:19:57","date_gmt":"2017-05-04T19:19:57","guid":{"rendered":"http:\/\/laredsocial-noticias.com\/wp\/?p=63673"},"modified":"2017-05-04T14:20:03","modified_gmt":"2017-05-04T19:20:03","slug":"le-recuerdan-a-margarita-que-calderon-es-un-lastre-si-quiere-la-candidatura-el-no-la-favorece","status":"publish","type":"post","link":"https:\/\/laredsocial-noticias.com\/wp\/le-recuerdan-a-margarita-que-calderon-es-un-lastre-si-quiere-la-candidatura-el-no-la-favorece\/","title":{"rendered":"Le recuerdan a Margarita que Calder\u00f3n es un lastre; si quiere la candidatura, \u00e9l \u201cno la favorece\u201d"},"content":{"rendered":"<h2 style=\"text-align: center;\">Percepci\u00f3n Pol\u00edtica<\/h2>\n<h4><strong>*Juan Manuel Maga\u00f1a<\/strong><\/h4>\n<p>C\u00f3mo borracho de cantina, a Felipe Calder\u00f3n (el estigma de Margarita) le da lo mismo agarrar pleito con los de fuera que con los de dentro de su partido, el PAN.<\/p>\n<p>Envalentonado porque, eso s\u00ed, lo protege una nube de guaruras militares pagados con el erario, le da lo mismo buscar pleito con Humberto Moreira en Coahuila, que con Andr\u00e9s Manuel L\u00f3pez Obrador en donde sea, o con los panistas Ricardo Anaya y Juan Jos\u00e9 Rodr\u00edguez Prats, quien aludi\u00f3 a la costumbre de Felipe de andar \u201ctomado\u201d.<\/p>\n<p>Como chamaco ebrio y llor\u00f3n, Felipe se encapricha ahora con hacer candidata presidencial a su mujer y amaga a la dirigencia de su partido con que, si no le hacen caso, se va de la casa. Ya lo ha hecho en otras ocasiones, una de ellas cuando perdi\u00f3 la dirigencia en manos de Gustavo Madero: \u201cSi gana Madero prefiero crear otro partido\u201d, les dijo a varios legisladores que le encontraron por ah\u00ed perdido\u2026 en un bar en Boston, EU.<\/p>\n<p>Mucho se habl\u00f3 este fin de semana de c\u00f3mo el ex inquilino de Los Pinos se dio un agarr\u00f3n verbal con Juan Jos\u00e9 Rodr\u00edguez Prats, consejero panista. Como Calder\u00f3n tiene la idea fija -por no decir de plano la obsesi\u00f3n- de que su mujer sea candidata presidencial, por eso los dichos de Rodr\u00edguez Prats le resultaron como un piquete en donde menos lo espera uno.<\/p>\n<p>Rodr\u00edguez Prats le dijo: \u201cTe voy a pegar Felipe, te voy a pegar, porque el periodo m\u00e1s gris fue cuando t\u00fa entraste a la Presidencia de la Rep\u00fablica. Ah\u00ed se acabaron los debates, nos impusiste a Germ\u00e1n, nos impusiste a C\u00e9sar Nava; nos quisiste imponer a Roberto Gil, nos quisiste imponer a Ernesto Cordero, hiciste declinar en la forma m\u00e1s cruel y m\u00e1s ruin a los otros candidatos\u2026 entonces recuerdo tu lema cuando aspiraste a la Presidencia del partido: \u2018Ganar el gobierno sin perder el partido\u2019, y resulta que cuando entraste al gobierno se perdi\u00f3 el partido\u201d.<\/p>\n<p>El pol\u00edtico tabasque\u00f1o fue un poco m\u00e1s all\u00e1 y reproch\u00f3 al matrimonio presidencial \u201csu falta de compromiso con el PAN\u201d porque mientras Calder\u00f3n \u201cse quiere salir del partido\u201d, Margarita ha amagado con irse \u201ccomo candidata independiente\u201d; \u00e9sta se molest\u00f3 y en su defensa dijo, mintiendo, que ella nunca hab\u00eda mencionado lo de ser candidata independiente.<\/p>\n<p>Y otro tanto m\u00e1s all\u00e1, Rodr\u00edguez Prats le revir\u00f3 a Margarita: \u201cSi va a promoverse, que no sea su promotor Felipe, no la est\u00e1 favoreciendo\u201d.<\/p>\n<p>Hay un contexto en el que Felipe ha desatado una fuerte polarizaci\u00f3n entre panistas, en el que incluso se han acusado de todo tipo de corrupci\u00f3n entre ellos. \u00bfCon qu\u00e9 sali\u00f3 Felipe ahora frente a Rodr\u00edguez Prats? Con que sigue pensando con irse del PAN.<\/p>\n","protected":false},"excerpt":{"rendered":"<p>C\u00f3mo borracho de cantina, a Felipe Calder\u00f3n (el estigma de Margarita) le da lo mismo agarrar pleito con los de fuera que con los de dentro de su partido, el PAN.<\/p>\n","protected":false},"author":1,"featured_media":0,"comment_status":"closed","ping_status":"closed","sticky":false,"template":"","format":"standard","meta":{"footnotes":""},"categories":[1],"tags":[696,1059,77],"class_list":["post-63673","post","type-post","status-publish","format-standard","hentry","category-uncategorized","tag-columnas","tag-opinion","tag-principal"],"yoast_head":"<!-- This site is optimized with the Yoast SEO plugin v26.5 - https:\/\/yoast.com\/wordpress\/plugins\/seo\/ -->\n<title>Le recuerdan a Margarita que Calder\u00f3n es un lastre; si quiere la candidatura, \u00e9l \u201cno la favorece\u201d - NOTICIAS<\/title>\n<meta name=\"robots\" content=\"index, follow, max-snippet:-1, max-image-preview:large, max-video-preview:-1\" \/>\n<link rel=\"canonical\" href=\"https:\/\/laredsocial-noticias.com\/wp\/le-recuerdan-a-margarita-que-calderon-es-un-lastre-si-quiere-la-candidatura-el-no-la-favorece\/\" \/>\n<meta property=\"og:locale\" content=\"es_ES\" \/>\n<meta property=\"og:type\" content=\"article\" \/>\n<meta property=\"og:title\" content=\"Le recuerdan a Margarita que Calder\u00f3n es un lastre; si quiere la candidatura, \u00e9l \u201cno la favorece\u201d - NOTICIAS\" \/>\n<meta property=\"og:description\" content=\"C\u00f3mo borracho de cantina, a Felipe Calder\u00f3n (el estigma de Margarita) le da lo mismo agarrar pleito con los de fuera que con los de dentro de su partido, el PAN.\" \/>\n<meta property=\"og:url\" content=\"https:\/\/laredsocial-noticias.com\/wp\/le-recuerdan-a-margarita-que-calderon-es-un-lastre-si-quiere-la-candidatura-el-no-la-favorece\/\" \/>\n<meta property=\"og:site_name\" content=\"NOTICIAS\" \/>\n<meta property=\"article:published_time\" content=\"2017-05-04T19:19:57+00:00\" \/>\n<meta property=\"article:modified_time\" content=\"2017-05-04T19:20:03+00:00\" \/>\n<meta name=\"author\" content=\"Editor en Jefe\" \/>\n<meta name=\"twitter:card\" content=\"summary_large_image\" \/>\n<meta name=\"twitter:label1\" content=\"Escrito por\" \/>\n\t<meta name=\"twitter:data1\" content=\"Editor en Jefe\" \/>\n\t<meta name=\"twitter:label2\" content=\"Tiempo de lectura\" \/>\n\t<meta name=\"twitter:data2\" content=\"2 minutos\" \/>\n<!-- \/ Yoast SEO plugin. -->","yoast_head_json":{"title":"Le recuerdan a Margarita que Calder\u00f3n es un lastre; si quiere la candidatura, \u00e9l \u201cno la favorece\u201d - NOTICIAS","robots":{"index":"index","follow":"follow","max-snippet":"max-snippet:-1","max-image-preview":"max-image-preview:large","max-video-preview":"max-video-preview:-1"},"canonical":"https:\/\/laredsocial-noticias.com\/wp\/le-recuerdan-a-margarita-que-calderon-es-un-lastre-si-quiere-la-candidatura-el-no-la-favorece\/","og_locale":"es_ES","og_type":"article","og_title":"Le recuerdan a Margarita que Calder\u00f3n es un lastre; si quiere la candidatura, \u00e9l \u201cno la favorece\u201d - NOTICIAS","og_description":"C\u00f3mo borracho de cantina, a Felipe Calder\u00f3n (el estigma de Margarita) le da lo mismo agarrar pleito con los de fuera que con los de dentro de su partido, el PAN.","og_url":"https:\/\/laredsocial-noticias.com\/wp\/le-recuerdan-a-margarita-que-calderon-es-un-lastre-si-quiere-la-candidatura-el-no-la-favorece\/","og_site_name":"NOTICIAS","article_published_time":"2017-05-04T19:19:57+00:00","article_modified_time":"2017-05-04T19:20:03+00:00","author":"Editor en Jefe","twitter_card":"summary_large_image","twitter_misc":{"Escrito por":"Editor en Jefe","Tiempo de lectura":"2 minutos"},"schema":{"@context":"https:\/\/schema.org","@graph":[{"@type":"WebPage","@id":"https:\/\/laredsocial-noticias.com\/wp\/le-recuerdan-a-margarita-que-calderon-es-un-lastre-si-quiere-la-candidatura-el-no-la-favorece\/","url":"https:\/\/laredsocial-noticias.com\/wp\/le-recuerdan-a-margarita-que-calderon-es-un-lastre-si-quiere-la-candidatura-el-no-la-favorece\/","name":"Le recuerdan a Margarita que Calder\u00f3n es un lastre; si quiere la candidatura, \u00e9l \u201cno la favorece\u201d - NOTICIAS","isPartOf":{"@id":"https:\/\/laredsocial-noticias.com\/wp\/#website"},"datePublished":"2017-05-04T19:19:57+00:00","dateModified":"2017-05-04T19:20:03+00:00","author":{"@id":"https:\/\/laredsocial-noticias.com\/wp\/#\/schema\/person\/0ce78643f2de7aae6f6ef10e8453a6e0"},"breadcrumb":{"@id":"https:\/\/laredsocial-noticias.com\/wp\/le-recuerdan-a-margarita-que-calderon-es-un-lastre-si-quiere-la-candidatura-el-no-la-favorece\/#breadcrumb"},"inLanguage":"es","potentialAction":[{"@type":"ReadAction","target":["https:\/\/laredsocial-noticias.com\/wp\/le-recuerdan-a-margarita-que-calderon-es-un-lastre-si-quiere-la-candidatura-el-no-la-favorece\/"]}]},{"@type":"BreadcrumbList","@id":"https:\/\/laredsocial-noticias.com\/wp\/le-recuerdan-a-margarita-que-calderon-es-un-lastre-si-quiere-la-candidatura-el-no-la-favorece\/#breadcrumb","itemListElement":[{"@type":"ListItem","position":1,"name":"Portada","item":"https:\/\/laredsocial-noticias.com\/wp\/"},{"@type":"ListItem","position":2,"name":"Le recuerdan a Margarita que Calder\u00f3n es un lastre; si quiere la candidatura, \u00e9l \u201cno la favorece\u201d"}]},{"@type":"WebSite","@id":"https:\/\/laredsocial-noticias.com\/wp\/#website","url":"https:\/\/laredsocial-noticias.com\/wp\/","name":"NOTICIAS","description":"Lo que se ve y se dice en las redes sociales","potentialAction":[{"@type":"SearchAction","target":{"@type":"EntryPoint","urlTemplate":"https:\/\/laredsocial-noticias.com\/wp\/?s={search_term_string}"},"query-input":{"@type":"PropertyValueSpecification","valueRequired":true,"valueName":"search_term_string"}}],"inLanguage":"es"},{"@type":"Person","@id":"https:\/\/laredsocial-noticias.com\/wp\/#\/schema\/person\/0ce78643f2de7aae6f6ef10e8453a6e0","name":"Editor en Jefe","url":"https:\/\/laredsocial-noticias.com\/wp\/author\/jorgeochoa\/"}]}},"_links":{"self":[{"href":"https:\/\/laredsocial-noticias.com\/wp\/wp-json\/wp\/v2\/posts\/63673","targetHints":{"allow":["GET"]}}],"collection":[{"href":"https:\/\/laredsocial-noticias.com\/wp\/wp-json\/wp\/v2\/posts"}],"about":[{"href":"https:\/\/laredsocial-noticias.com\/wp\/wp-json\/wp\/v2\/types\/post"}],"author":[{"embeddable":true,"href":"https:\/\/laredsocial-noticias.com\/wp\/wp-json\/wp\/v2\/users\/1"}],"replies":[{"embeddable":true,"href":"https:\/\/laredsocial-noticias.com\/wp\/wp-json\/wp\/v2\/comments?post=63673"}],"version-history":[{"count":0,"href":"https:\/\/laredsocial-noticias.com\/wp\/wp-json\/wp\/v2\/posts\/63673\/revisions"}],"wp:attachment":[{"href":"https:\/\/laredsocial-noticias.com\/wp\/wp-json\/wp\/v2\/media?parent=63673"}],"wp:term":[{"taxonomy":"category","embeddable":true,"href":"https:\/\/laredsocial-noticias.com\/wp\/wp-json\/wp\/v2\/categories?post=63673"},{"taxonomy":"post_tag","embeddable":true,"href":"https:\/\/laredsocial-noticias.com\/wp\/wp-json\/wp\/v2\/tags?post=63673"}],"curies":[{"name":"wp","href":"https:\/\/api.w.org\/{rel}","templated":true}]}}