{"id":63835,"date":"2017-05-05T11:09:28","date_gmt":"2017-05-05T16:09:28","guid":{"rendered":"http:\/\/laredsocial-noticias.com\/wp\/?p=63835"},"modified":"2017-05-05T11:09:33","modified_gmt":"2017-05-05T16:09:33","slug":"protege-tribunal-territorio-yaqui-contra-gasoducto","status":"publish","type":"post","link":"https:\/\/laredsocial-noticias.com\/wp\/protege-tribunal-territorio-yaqui-contra-gasoducto\/","title":{"rendered":"Protege Tribunal Territorio Yaqui contra Gasoducto"},"content":{"rendered":"<div class=\"itemFullText\">\n<p><b>CIUDAD OBREG\u00d3N, SONORA, 05 de mayo, (AGENCIAS \/ C\u00cdRCULO DIGITAL)<\/b>.- No tan s\u00f3lo en la jurisdicci\u00f3n de Loma de B\u00e1cum sino en todo el territorio colectivo de la Tribu Yaqui debi\u00f3 suspenderse la construcci\u00f3n del gasoducto Guaymas-El Oro, resolvi\u00f3 el Tercer Tribunal Colegiado en Materia Penal y Administrativa del Quinto Circuito.<\/p>\n<p>El doctor Rodrigo Gonz\u00e1lez Enr\u00edquez, asesor t\u00e9cnico de la etnia, declar\u00f3 que el recurso de queja 154\/2016 es una muestra de que batalla con batalla la guerra yaqui siempre se gana y por lo tanto en ninguna de las 485 mil hect\u00e1reas del territorio ind\u00edgena esta obra debi\u00f3 ejecutarse.<\/p>\n<p>En el numeral 34, el Colegiado sostuvo en su resoluci\u00f3n, en base a un dictamen del 6 de abril de 2016 de la Juez S\u00e9ptima de Distrito, que &#8220;la suspensi\u00f3n para que no se ejecute ning\u00fan tipo de obra e infraestructura relativa al proyecto Gasoducto Guaymas-El Oro&#8230; no la limit\u00f3 a alguna parte espec\u00edfica del territorio Yaqui, sino que incluy\u00f3 todo el territorio colectivo de la Tribu Yaqui, que pertenece, entre otros pueblos, al denominado B\u00e1cum o Loma de B\u00e1cum; de ah\u00ed que la indicada suspensi\u00f3n de plano fue otorgada para que la ejecuci\u00f3n de tales obras no se llevara a cabo en cualquier parte del territorio colectivo Yaqui\u201d.<\/p>\n<p>Y en el numeral 35, dispuso:<\/p>\n<p>&#8220;&#8230; al se\u00f1alarse que la suspensi\u00f3n concedida es para que no se ejecute cualquier tipo de obra o infraestructura del proyecto gasoducto mencionado, en el territorio colectivo perteneciente al pueblo quejoso, revela que es en todo el territorio colectivo de la Tribu Yaqui, al que pertenece dicho pueblo denominado B\u00e1cum o Loma de B\u00e1cum&#8221;.<\/p>\n<p>Y aunque el licenciado Carlos Fernando Encinas Arvayo, representante legal de Gasoducto de Agua Prieta, ya fue notificado el 24 de abril pasado sobre este acuerdo, la empresa constructora a\u00fan no ha dado respuesta, expuso.<\/p>\n<p>La decisi\u00f3n del Tribunal Colegiado se basa en el juicio de amparo 312\/2016 promovido por Faustino Maldonado Molina, Francisco \u00c1lvarez Bacasegua, Abraham Cruz \u00c1lvarez, Carmelo Castillo Millanes y Mart\u00edn Valencia Cruz, en su momento con personalidad jur\u00eddica como autoridades tradicionales de Loma de B\u00e1cum.<\/p>\n<p>Las autoridades de Sonora y Cajeme le han apostado en todo momento a que el gasoducto sea un \u201checho consumado\u201d, por lo que han apoyado abiertamente a la constructora para que viole la suspensi\u00f3n de la Juez y siga con las acciones.<\/p>\n<p>Recientemente, miembros de Loma de B\u00e1cum hicieron desistir a trabajadores de la empresa de seguir con los trabajos, a pesar de que ya sab\u00edan de la orden de suspenderlos, pero entraron en desacato y siempre estuvieron apoyados por polic\u00edas del gobierno de Sonora.<\/p>\n<p><strong>(NAINAI Digital)<\/strong><\/p>\n<\/div>\n<div class=\"jsn-article-footer\"><\/div>\n","protected":false},"excerpt":{"rendered":"<p>CIUDAD OBREG\u00d3N, SONORA, 05 de mayo, (AGENCIAS \/ C\u00cdRCULO DIGITAL).- No tan s\u00f3lo en la jurisdicci\u00f3n de Loma de B\u00e1cum&#8230;<\/p>\n","protected":false},"author":1,"featured_media":0,"comment_status":"closed","ping_status":"closed","sticky":false,"template":"","format":"standard","meta":{"footnotes":""},"categories":[1796,389,73],"tags":[332,77],"class_list":["post-63835","post","type-post","status-publish","format-standard","hentry","category-circulodigital","category-mexico","category-principal","tag-mexico","tag-principal"],"yoast_head":"<!-- This site is optimized with the Yoast SEO plugin v26.5 - https:\/\/yoast.com\/wordpress\/plugins\/seo\/ -->\n<title>Protege Tribunal Territorio Yaqui contra Gasoducto - NOTICIAS<\/title>\n<meta name=\"robots\" content=\"index, follow, max-snippet:-1, max-image-preview:large, max-video-preview:-1\" \/>\n<link rel=\"canonical\" href=\"https:\/\/laredsocial-noticias.com\/wp\/protege-tribunal-territorio-yaqui-contra-gasoducto\/\" \/>\n<meta property=\"og:locale\" content=\"es_ES\" \/>\n<meta property=\"og:type\" content=\"article\" \/>\n<meta property=\"og:title\" content=\"Protege Tribunal Territorio Yaqui contra Gasoducto - NOTICIAS\" \/>\n<meta property=\"og:description\" content=\"CIUDAD OBREG\u00d3N, SONORA, 05 de mayo, (AGENCIAS \/ C\u00cdRCULO DIGITAL).- No tan s\u00f3lo en la jurisdicci\u00f3n de Loma de B\u00e1cum...\" \/>\n<meta property=\"og:url\" content=\"https:\/\/laredsocial-noticias.com\/wp\/protege-tribunal-territorio-yaqui-contra-gasoducto\/\" \/>\n<meta property=\"og:site_name\" content=\"NOTICIAS\" \/>\n<meta property=\"article:published_time\" content=\"2017-05-05T16:09:28+00:00\" \/>\n<meta property=\"article:modified_time\" content=\"2017-05-05T16:09:33+00:00\" \/>\n<meta property=\"og:image\" content=\"https:\/\/laredsocial-noticias.com\/wp\/wp-content\/uploads\/2017\/05\/Territorio-yaqui.jpg\" \/>\n\t<meta property=\"og:image:width\" content=\"600\" \/>\n\t<meta property=\"og:image:height\" content=\"521\" \/>\n\t<meta property=\"og:image:type\" content=\"image\/jpeg\" \/>\n<meta name=\"author\" content=\"Editor en Jefe\" \/>\n<meta name=\"twitter:card\" content=\"summary_large_image\" \/>\n<meta name=\"twitter:label1\" content=\"Escrito por\" \/>\n\t<meta name=\"twitter:data1\" content=\"Editor en Jefe\" \/>\n\t<meta name=\"twitter:label2\" content=\"Tiempo de lectura\" \/>\n\t<meta name=\"twitter:data2\" content=\"2 minutos\" \/>\n<!-- \/ Yoast SEO plugin. -->","yoast_head_json":{"title":"Protege Tribunal Territorio Yaqui contra Gasoducto - NOTICIAS","robots":{"index":"index","follow":"follow","max-snippet":"max-snippet:-1","max-image-preview":"max-image-preview:large","max-video-preview":"max-video-preview:-1"},"canonical":"https:\/\/laredsocial-noticias.com\/wp\/protege-tribunal-territorio-yaqui-contra-gasoducto\/","og_locale":"es_ES","og_type":"article","og_title":"Protege Tribunal Territorio Yaqui contra Gasoducto - NOTICIAS","og_description":"CIUDAD OBREG\u00d3N, SONORA, 05 de mayo, (AGENCIAS \/ C\u00cdRCULO DIGITAL).- No tan s\u00f3lo en la jurisdicci\u00f3n de Loma de B\u00e1cum...","og_url":"https:\/\/laredsocial-noticias.com\/wp\/protege-tribunal-territorio-yaqui-contra-gasoducto\/","og_site_name":"NOTICIAS","article_published_time":"2017-05-05T16:09:28+00:00","article_modified_time":"2017-05-05T16:09:33+00:00","og_image":[{"width":600,"height":521,"url":"https:\/\/laredsocial-noticias.com\/wp\/wp-content\/uploads\/2017\/05\/Territorio-yaqui.jpg","type":"image\/jpeg"}],"author":"Editor en Jefe","twitter_card":"summary_large_image","twitter_misc":{"Escrito por":"Editor en Jefe","Tiempo de lectura":"2 minutos"},"schema":{"@context":"https:\/\/schema.org","@graph":[{"@type":"WebPage","@id":"https:\/\/laredsocial-noticias.com\/wp\/protege-tribunal-territorio-yaqui-contra-gasoducto\/","url":"https:\/\/laredsocial-noticias.com\/wp\/protege-tribunal-territorio-yaqui-contra-gasoducto\/","name":"Protege Tribunal Territorio Yaqui contra Gasoducto - NOTICIAS","isPartOf":{"@id":"https:\/\/laredsocial-noticias.com\/wp\/#website"},"datePublished":"2017-05-05T16:09:28+00:00","dateModified":"2017-05-05T16:09:33+00:00","author":{"@id":"https:\/\/laredsocial-noticias.com\/wp\/#\/schema\/person\/0ce78643f2de7aae6f6ef10e8453a6e0"},"breadcrumb":{"@id":"https:\/\/laredsocial-noticias.com\/wp\/protege-tribunal-territorio-yaqui-contra-gasoducto\/#breadcrumb"},"inLanguage":"es","potentialAction":[{"@type":"ReadAction","target":["https:\/\/laredsocial-noticias.com\/wp\/protege-tribunal-territorio-yaqui-contra-gasoducto\/"]}]},{"@type":"BreadcrumbList","@id":"https:\/\/laredsocial-noticias.com\/wp\/protege-tribunal-territorio-yaqui-contra-gasoducto\/#breadcrumb","itemListElement":[{"@type":"ListItem","position":1,"name":"Portada","item":"https:\/\/laredsocial-noticias.com\/wp\/"},{"@type":"ListItem","position":2,"name":"Protege Tribunal Territorio Yaqui contra Gasoducto"}]},{"@type":"WebSite","@id":"https:\/\/laredsocial-noticias.com\/wp\/#website","url":"https:\/\/laredsocial-noticias.com\/wp\/","name":"NOTICIAS","description":"Lo que se ve y se dice en las redes sociales","potentialAction":[{"@type":"SearchAction","target":{"@type":"EntryPoint","urlTemplate":"https:\/\/laredsocial-noticias.com\/wp\/?s={search_term_string}"},"query-input":{"@type":"PropertyValueSpecification","valueRequired":true,"valueName":"search_term_string"}}],"inLanguage":"es"},{"@type":"Person","@id":"https:\/\/laredsocial-noticias.com\/wp\/#\/schema\/person\/0ce78643f2de7aae6f6ef10e8453a6e0","name":"Editor en Jefe","url":"https:\/\/laredsocial-noticias.com\/wp\/author\/jorgeochoa\/"}]}},"_links":{"self":[{"href":"https:\/\/laredsocial-noticias.com\/wp\/wp-json\/wp\/v2\/posts\/63835","targetHints":{"allow":["GET"]}}],"collection":[{"href":"https:\/\/laredsocial-noticias.com\/wp\/wp-json\/wp\/v2\/posts"}],"about":[{"href":"https:\/\/laredsocial-noticias.com\/wp\/wp-json\/wp\/v2\/types\/post"}],"author":[{"embeddable":true,"href":"https:\/\/laredsocial-noticias.com\/wp\/wp-json\/wp\/v2\/users\/1"}],"replies":[{"embeddable":true,"href":"https:\/\/laredsocial-noticias.com\/wp\/wp-json\/wp\/v2\/comments?post=63835"}],"version-history":[{"count":1,"href":"https:\/\/laredsocial-noticias.com\/wp\/wp-json\/wp\/v2\/posts\/63835\/revisions"}],"predecessor-version":[{"id":63836,"href":"https:\/\/laredsocial-noticias.com\/wp\/wp-json\/wp\/v2\/posts\/63835\/revisions\/63836"}],"wp:attachment":[{"href":"https:\/\/laredsocial-noticias.com\/wp\/wp-json\/wp\/v2\/media?parent=63835"}],"wp:term":[{"taxonomy":"category","embeddable":true,"href":"https:\/\/laredsocial-noticias.com\/wp\/wp-json\/wp\/v2\/categories?post=63835"},{"taxonomy":"post_tag","embeddable":true,"href":"https:\/\/laredsocial-noticias.com\/wp\/wp-json\/wp\/v2\/tags?post=63835"}],"curies":[{"name":"wp","href":"https:\/\/api.w.org\/{rel}","templated":true}]}}