{"id":64693,"date":"2017-05-10T10:15:07","date_gmt":"2017-05-10T15:15:07","guid":{"rendered":"http:\/\/laredsocial-noticias.com\/wp\/?p=64693"},"modified":"2017-05-10T10:12:16","modified_gmt":"2017-05-10T15:12:16","slug":"recibe-jefe-de-gobierno-reconocimiento-por-su-liderazgo-en-la-lucha-contra-cambio-climatico","status":"publish","type":"post","link":"https:\/\/laredsocial-noticias.com\/wp\/recibe-jefe-de-gobierno-reconocimiento-por-su-liderazgo-en-la-lucha-contra-cambio-climatico\/","title":{"rendered":"Recibe Jefe de Gobierno reconocimiento por su liderazgo en la lucha contra Cambio Clim\u00e1tico"},"content":{"rendered":"<p><strong>CIUDAD DE M\u00c9XICO, 10 de mayo, (CDMX MAGAC\u00cdN \/ C\u00cdRCULO DIGITAL).-\u00a0<\/strong>La Comisi\u00f3n Ejecutiva de J\u00f3venes por el Cambio Clim\u00e1tico, de la Unidad Nacional de Asociaciones de Ingenieros A.C. (UNAI), entreg\u00f3 un reconocimiento al Jefe de Gobierno de la Ciudad de M\u00e9xico, Miguel \u00c1ngel Mancera Espinosa, por la implementaci\u00f3n de pol\u00edticas p\u00fablicas y programas para abatir las emisiones de Gases de Efecto Invernadero en la CDMX y su compromiso en la lucha frente a las causas y los efectos del Cambio Clim\u00e1tico.<\/p>\n<p>La distinci\u00f3n le fue entregada este martes en el marco de la inauguraci\u00f3n del Foro \u201cMedio Ambiente y Cambio Clim\u00e1tico\u201d, donde estudiantes de educaci\u00f3n superior presentaron el \u201cVeh\u00edculo Verde\u201d, prototipo sustentable que funciona con el m\u00ednimo de energ\u00eda el\u00e9ctrica, generada a partir de un t\u00e1ndem de seis bater\u00edas para el arranque, ya que despu\u00e9s de aproximadamente dos kil\u00f3metros de marcha, opera con energ\u00eda cin\u00e9tica acumulada.<\/p>\n<p>El mandatario capitalino, al presenciar el funcionamiento de este veh\u00edculo, afirm\u00f3 que los pa\u00edses con mayor desarrollo en el mundo son los que est\u00e1n implementando la innovaci\u00f3n y la capital del pa\u00eds -y M\u00e9xico- no se quedan atr\u00e1s.<\/p>\n<p>Se\u00f1al\u00f3 que el desarrollo del veh\u00edculo es muestra del trabajo que realizan j\u00f3venes del Instituto Polit\u00e9cnico Nacional (IPN), de la Universidad Nacional Aut\u00f3noma de M\u00e9xico (UNAM), de la Universidad Aut\u00f3noma Chapingo (UACh), la Universidad Aut\u00f3noma Metropolitana (UAM), as\u00ed como del Tecnol\u00f3gico de Monterrey y la Universidad Iberoamericana.<\/p>\n<p>\u201cEso es lo que est\u00e1 pidiendo el pa\u00eds: que se impulse a los j\u00f3venes y que encontremos el desarrollo en el emprendedurismo. Aqu\u00ed podemos tener en potencia el desarrollo de una empresa que puede darle muchas satisfacciones a nuestro pa\u00eds y as\u00ed como eso, tenemos otros proyectos\u201d, resalt\u00f3.<\/p>\n<p>El Jefe de Gobierno se comprometi\u00f3 a revisar el proyecto del \u201cVeh\u00edculo Verde\u201d con la Secretar\u00eda de Movilidad (SEMOVI) y la conversi\u00f3n de los veh\u00edculos de diesel a gas natural.<\/p>\n<p>\u201cNosotros estaremos muy atentos al desarrollo de este proyecto para esperar ese veh\u00edculo que sea ya de tecnolog\u00eda mexicana y ojal\u00e1 que despu\u00e9s nosotros se lo vendamos al mundo\u201d, asever\u00f3 al tiempo que los convoc\u00f3 a continuar trabajando en tareas de creaci\u00f3n.<\/p>\n<p>Reiter\u00f3 que su administraci\u00f3n est\u00e1 comprometida en la lucha contra el Cambio Clim\u00e1tico y afirm\u00f3 que la creaci\u00f3n de la planta de termovalorizaci\u00f3n para la conversi\u00f3n de basura en energ\u00eda; la planta de biodigesti\u00f3n; las de compactaci\u00f3n y composta, as\u00ed como la implementaci\u00f3n de paneles solares, son algunas de las acciones encaminadas al cuidado del medio ambiente y manejo responsable de los desechos que se producen en la CDMX.<\/p>\n<p>El \u201cVeh\u00edculo Verde\u201d se encuentra actualmente en una fase avanzada de desarrollo; actualmente requiere de carrocer\u00eda, elementos electr\u00f3nicos y pruebas de regeneraci\u00f3n de energ\u00eda.<\/p>\n<p>El presidente de la UNAI, Eduardo S\u00e1nchez Anaya, afirm\u00f3 que \u201chemos estado atentos a todo lo que est\u00e1 haciendo el Jefe de Gobierno. Nos satisface porque sus ofrecimientos en eventos internacionales, se cumplen, no solo son promesas, hay resultados\u201d.<\/p>\n<p>El estudiante de octavo semestre de Ingenier\u00eda Industrial en la Unidad Profesional Interdisciplinaria de Ingenier\u00eda y Ciencias Sociales y Administrativas (UPIICSA) del IPN, Jos\u00e9 Antonio Garfias Gonz\u00e1lez, sostuvo que la innovaci\u00f3n est\u00e1 \u00edntimamente ligada a la sustentabilidad, por lo que es pieza clave para acabar con los problemas ambientales del mundo.<\/p>\n<p>Expuso que la realizaci\u00f3n de este proyecto tiene por objetivo sustituir el transporte zonal, como bicitaxis y mototaxis, por un medio de transporte m\u00e1s eficiente y seguro que permita generar alternativas para sustituir a los veh\u00edculos existentes que hacen uso de combustibles f\u00f3siles.<\/p>\n<p>Se\u00f1al\u00f3 que de ser aplicado este transporte podr\u00e1 ser regulado y reglamentado para satisfacer las necesidades de transporte ecol\u00f3gico y sustentable.<\/p>\n<p>\u201cEs un veh\u00edculo tecnol\u00f3gicamente superior a lo que actualmente est\u00e1 disponible en el mercado y que utiliza materiales reciclables en 90 por ciento. Participar\u00e1 activamente en el cuidado, prevenci\u00f3n y preservaci\u00f3n del medio ambiente en relaci\u00f3n a la disminuci\u00f3n de emisores contaminantes, Gases de Efecto Invernadero y materiales con los que esta manufacturado\u201d, explic\u00f3.<\/p>\n<p>En representaci\u00f3n de la Comisi\u00f3n Ejecutiva de J\u00f3venes por el Cambio Clim\u00e1tico, Jos\u00e9 Antonio Garfias Gonz\u00e1lez exhort\u00f3 al mandatario capitalino a firmar un convenio con la UNAI para impulsar el desarrollo en conjunto de proyectos de innovaci\u00f3n en la Ciudad de M\u00e9xico, al tiempo que lo invit\u00f3 a realizar una prueba de manejo del \u201cVeh\u00edculo Verde\u201d.<\/p>\n","protected":false},"excerpt":{"rendered":"<p>CIUDAD DE M\u00c9XICO, 10 de mayo, (CDMX MAGAC\u00cdN \/ C\u00cdRCULO DIGITAL).-\u00a0La Comisi\u00f3n Ejecutiva de J\u00f3venes por el Cambio Clim\u00e1tico, de&#8230;<\/p>\n","protected":false},"author":1,"featured_media":0,"comment_status":"closed","ping_status":"closed","sticky":false,"template":"","format":"standard","meta":{"footnotes":""},"categories":[91,1796,73],"tags":[261,77],"class_list":["post-64693","post","type-post","status-publish","format-standard","hentry","category-cdmx","category-circulodigital","category-principal","tag-cdmx","tag-principal"],"yoast_head":"<!-- This site is optimized with the Yoast SEO plugin v26.5 - https:\/\/yoast.com\/wordpress\/plugins\/seo\/ -->\n<title>Recibe Jefe de Gobierno reconocimiento por su liderazgo en la lucha contra Cambio Clim\u00e1tico - NOTICIAS<\/title>\n<meta name=\"robots\" content=\"index, follow, max-snippet:-1, max-image-preview:large, max-video-preview:-1\" \/>\n<link rel=\"canonical\" href=\"https:\/\/laredsocial-noticias.com\/wp\/recibe-jefe-de-gobierno-reconocimiento-por-su-liderazgo-en-la-lucha-contra-cambio-climatico\/\" \/>\n<meta property=\"og:locale\" content=\"es_ES\" \/>\n<meta property=\"og:type\" content=\"article\" \/>\n<meta property=\"og:title\" content=\"Recibe Jefe de Gobierno reconocimiento por su liderazgo en la lucha contra Cambio Clim\u00e1tico - NOTICIAS\" \/>\n<meta property=\"og:description\" content=\"CIUDAD DE M\u00c9XICO, 10 de mayo, (CDMX MAGAC\u00cdN \/ C\u00cdRCULO DIGITAL).-\u00a0La Comisi\u00f3n Ejecutiva de J\u00f3venes por el Cambio Clim\u00e1tico, de...\" \/>\n<meta property=\"og:url\" content=\"https:\/\/laredsocial-noticias.com\/wp\/recibe-jefe-de-gobierno-reconocimiento-por-su-liderazgo-en-la-lucha-contra-cambio-climatico\/\" \/>\n<meta property=\"og:site_name\" content=\"NOTICIAS\" \/>\n<meta property=\"article:published_time\" content=\"2017-05-10T15:15:07+00:00\" \/>\n<meta property=\"og:image\" content=\"https:\/\/laredsocial-noticias.com\/wp\/wp-content\/uploads\/2017\/05\/Mancera-3-e1494429107331.jpg\" \/>\n\t<meta property=\"og:image:width\" content=\"600\" \/>\n\t<meta property=\"og:image:height\" content=\"400\" \/>\n\t<meta property=\"og:image:type\" content=\"image\/jpeg\" \/>\n<meta name=\"author\" content=\"Editor en Jefe\" \/>\n<meta name=\"twitter:card\" content=\"summary_large_image\" \/>\n<meta name=\"twitter:label1\" content=\"Escrito por\" \/>\n\t<meta name=\"twitter:data1\" content=\"Editor en Jefe\" \/>\n\t<meta name=\"twitter:label2\" content=\"Tiempo de lectura\" \/>\n\t<meta name=\"twitter:data2\" content=\"4 minutos\" \/>\n<!-- \/ Yoast SEO plugin. -->","yoast_head_json":{"title":"Recibe Jefe de Gobierno reconocimiento por su liderazgo en la lucha contra Cambio Clim\u00e1tico - NOTICIAS","robots":{"index":"index","follow":"follow","max-snippet":"max-snippet:-1","max-image-preview":"max-image-preview:large","max-video-preview":"max-video-preview:-1"},"canonical":"https:\/\/laredsocial-noticias.com\/wp\/recibe-jefe-de-gobierno-reconocimiento-por-su-liderazgo-en-la-lucha-contra-cambio-climatico\/","og_locale":"es_ES","og_type":"article","og_title":"Recibe Jefe de Gobierno reconocimiento por su liderazgo en la lucha contra Cambio Clim\u00e1tico - NOTICIAS","og_description":"CIUDAD DE M\u00c9XICO, 10 de mayo, (CDMX MAGAC\u00cdN \/ C\u00cdRCULO DIGITAL).-\u00a0La Comisi\u00f3n Ejecutiva de J\u00f3venes por el Cambio Clim\u00e1tico, de...","og_url":"https:\/\/laredsocial-noticias.com\/wp\/recibe-jefe-de-gobierno-reconocimiento-por-su-liderazgo-en-la-lucha-contra-cambio-climatico\/","og_site_name":"NOTICIAS","article_published_time":"2017-05-10T15:15:07+00:00","og_image":[{"width":600,"height":400,"url":"https:\/\/laredsocial-noticias.com\/wp\/wp-content\/uploads\/2017\/05\/Mancera-3-e1494429107331.jpg","type":"image\/jpeg"}],"author":"Editor en Jefe","twitter_card":"summary_large_image","twitter_misc":{"Escrito por":"Editor en Jefe","Tiempo de lectura":"4 minutos"},"schema":{"@context":"https:\/\/schema.org","@graph":[{"@type":"WebPage","@id":"https:\/\/laredsocial-noticias.com\/wp\/recibe-jefe-de-gobierno-reconocimiento-por-su-liderazgo-en-la-lucha-contra-cambio-climatico\/","url":"https:\/\/laredsocial-noticias.com\/wp\/recibe-jefe-de-gobierno-reconocimiento-por-su-liderazgo-en-la-lucha-contra-cambio-climatico\/","name":"Recibe Jefe de Gobierno reconocimiento por su liderazgo en la lucha contra Cambio Clim\u00e1tico - NOTICIAS","isPartOf":{"@id":"https:\/\/laredsocial-noticias.com\/wp\/#website"},"datePublished":"2017-05-10T15:15:07+00:00","author":{"@id":"https:\/\/laredsocial-noticias.com\/wp\/#\/schema\/person\/0ce78643f2de7aae6f6ef10e8453a6e0"},"breadcrumb":{"@id":"https:\/\/laredsocial-noticias.com\/wp\/recibe-jefe-de-gobierno-reconocimiento-por-su-liderazgo-en-la-lucha-contra-cambio-climatico\/#breadcrumb"},"inLanguage":"es","potentialAction":[{"@type":"ReadAction","target":["https:\/\/laredsocial-noticias.com\/wp\/recibe-jefe-de-gobierno-reconocimiento-por-su-liderazgo-en-la-lucha-contra-cambio-climatico\/"]}]},{"@type":"BreadcrumbList","@id":"https:\/\/laredsocial-noticias.com\/wp\/recibe-jefe-de-gobierno-reconocimiento-por-su-liderazgo-en-la-lucha-contra-cambio-climatico\/#breadcrumb","itemListElement":[{"@type":"ListItem","position":1,"name":"Portada","item":"https:\/\/laredsocial-noticias.com\/wp\/"},{"@type":"ListItem","position":2,"name":"Recibe Jefe de Gobierno reconocimiento por su liderazgo en la lucha contra Cambio Clim\u00e1tico"}]},{"@type":"WebSite","@id":"https:\/\/laredsocial-noticias.com\/wp\/#website","url":"https:\/\/laredsocial-noticias.com\/wp\/","name":"NOTICIAS","description":"Lo que se ve y se dice en las redes sociales","potentialAction":[{"@type":"SearchAction","target":{"@type":"EntryPoint","urlTemplate":"https:\/\/laredsocial-noticias.com\/wp\/?s={search_term_string}"},"query-input":{"@type":"PropertyValueSpecification","valueRequired":true,"valueName":"search_term_string"}}],"inLanguage":"es"},{"@type":"Person","@id":"https:\/\/laredsocial-noticias.com\/wp\/#\/schema\/person\/0ce78643f2de7aae6f6ef10e8453a6e0","name":"Editor en Jefe","url":"https:\/\/laredsocial-noticias.com\/wp\/author\/jorgeochoa\/"}]}},"_links":{"self":[{"href":"https:\/\/laredsocial-noticias.com\/wp\/wp-json\/wp\/v2\/posts\/64693","targetHints":{"allow":["GET"]}}],"collection":[{"href":"https:\/\/laredsocial-noticias.com\/wp\/wp-json\/wp\/v2\/posts"}],"about":[{"href":"https:\/\/laredsocial-noticias.com\/wp\/wp-json\/wp\/v2\/types\/post"}],"author":[{"embeddable":true,"href":"https:\/\/laredsocial-noticias.com\/wp\/wp-json\/wp\/v2\/users\/1"}],"replies":[{"embeddable":true,"href":"https:\/\/laredsocial-noticias.com\/wp\/wp-json\/wp\/v2\/comments?post=64693"}],"version-history":[{"count":1,"href":"https:\/\/laredsocial-noticias.com\/wp\/wp-json\/wp\/v2\/posts\/64693\/revisions"}],"predecessor-version":[{"id":64694,"href":"https:\/\/laredsocial-noticias.com\/wp\/wp-json\/wp\/v2\/posts\/64693\/revisions\/64694"}],"wp:attachment":[{"href":"https:\/\/laredsocial-noticias.com\/wp\/wp-json\/wp\/v2\/media?parent=64693"}],"wp:term":[{"taxonomy":"category","embeddable":true,"href":"https:\/\/laredsocial-noticias.com\/wp\/wp-json\/wp\/v2\/categories?post=64693"},{"taxonomy":"post_tag","embeddable":true,"href":"https:\/\/laredsocial-noticias.com\/wp\/wp-json\/wp\/v2\/tags?post=64693"}],"curies":[{"name":"wp","href":"https:\/\/api.w.org\/{rel}","templated":true}]}}