{"id":65955,"date":"2017-05-17T19:41:29","date_gmt":"2017-05-18T00:41:29","guid":{"rendered":"http:\/\/laredsocial-noticias.com\/wp\/?p=65955"},"modified":"2017-05-17T19:41:29","modified_gmt":"2017-05-18T00:41:29","slug":"condenan-en-la-permanente-agresion-y-asesinato-de-periodistas","status":"publish","type":"post","link":"https:\/\/laredsocial-noticias.com\/wp\/condenan-en-la-permanente-agresion-y-asesinato-de-periodistas\/","title":{"rendered":"Condenan en la Permanente agresi\u00f3n y asesinato de periodistas"},"content":{"rendered":"<p><img loading=\"lazy\" decoding=\"async\" class=\"alignright  wp-image-65951\" src=\"http:\/\/laredsocial-noticias.com\/wp\/wp-content\/uploads\/2017\/05\/Pablo-Escudero-1.jpg\" alt=\"\" width=\"740\" height=\"402\" data-wp-pid=\"65951\" \/><\/p>\n<p>AGENCIA SIC. 17 de may0.-\u00a0El presidente de la Comisi\u00f3n Permanente del Congreso de la Uni\u00f3n, senador Pablo Escudero Morales, expres\u00f3, a nombre de la Mesa Directiva, su m\u00e1s sentido p\u00e9same a familiares y amigos de los periodistas que han perdido la vida en el ejercicio de su profesi\u00f3n, tras el asesinato del periodista Javier Vald\u00e9s C\u00e1rdenas, el pasado lunes 15 de mayo.<\/p>\n<p>Senadores y diputados refrendaron su firme compromiso de preservar la existencia de medios de comunicaci\u00f3n libres e independientes y demandaron reforzar medidas de protecci\u00f3n para periodistas, tras guardar un minuto de silencio en la Comisi\u00f3n Permanente en memoria de los periodistas que han muerto a manos del crimen organizado.<\/p>\n<p>Al dar lectura a un acuerdo de la Mesa Directiva, Escudero Morales dijo que la Comisi\u00f3n Permanente manifiesta su firme compromiso de preservar la existencia de medios de comunicaci\u00f3n libres e independientes, como condici\u00f3n necesaria para fortalecer el sistema democr\u00e1tico.<\/p>\n<p>El acuerdo condena energ\u00e9ticamente los reprobables acontecimientos ocurridos en contra de periodistas y lamenta las agresiones de las que han sido objeto, en las que incluso varios de ellos han perdido la vida; reconoce que estas muertes son un duro golpe para el periodismo y la sociedad mexicana.<\/p>\n<p>El documento exige al gobierno federal, a los gobiernos de los estados y a los municipales ejercer sus funciones jur\u00eddicas y de procuraci\u00f3n de justicia, que pongan en marcha decisiones contundentes de seguridad, por parte de las autoridades, para brindar garant\u00edas de mejora a la labor profesional de los periodistas.<\/p>\n<p>La Comisi\u00f3n Permanente refrend\u00f3 su compromiso con el ejercicio de la libertad de expresi\u00f3n y de prensa y demand\u00f3 acciones que brinden certeza al ejercicio de la funci\u00f3n period\u00edstica; adem\u00e1s exigi\u00f3 a las autoridades esclarecer estos hechos para fincar las responsabilidades y castigar a los culpables.<\/p>\n<p>En representaci\u00f3n del Grupo Parlamentario del Panal, la diputada Karina S\u00e1nchez Ruiz lament\u00f3 que M\u00e9xico sea considerado como uno de los pa\u00edses m\u00e1s peligrosos para ejercer el periodismo, y que del a\u00f1o 2000 a la fecha se hayan registrado los homicidios de 104 comunicadores.<\/p>\n<p>Consider\u00f3 que ello representa un alto riesgo para la pol\u00edtica interna de M\u00e9xico, pues la labor period\u00edstica es fundamental para la democracia de cualquier pa\u00eds, por lo que es necesario que las autoridades de Estado establezcan las garant\u00edas necesarias para realizar esta labor.<\/p>\n<p>A nombre de Movimiento Ciudadano, el diputado Jos\u00e9 Clemente Casta\u00f1eda Hoeflich calific\u00f3 de \u201cinsuficientes\u201d los pronunciamientos pol\u00edticos que condenan las agresiones contra los periodistas, frente al gran nivel de indignaci\u00f3n que priva en la sociedad mexicana.<\/p>\n<p>\u201cEst\u00e1n \u2013matando\u2013 a la gente que busca la verdad y la justicia\u201d, dijo. Consider\u00f3 desafortunado que hasta ahora se adopte como un tema prioritario, cuando suman m\u00e1s de 40 los asesinatos de periodistas. Los cr\u00edmenes contra la libertad de expresi\u00f3n se intensificaron a partir de 2006, sin que las autoridades de gobierno actuaran en contra de ello, lo que se evidencia en la tasa de impunidad, que ronda en 99 por ciento.<\/p>\n<p>El diputado Vidal Llerenas Morales, del Grupo Parlamentario de Morena, se\u00f1al\u00f3 que M\u00e9xico es un pa\u00eds en guerra que ha llegado al nivel m\u00e1s alto de homicidios de la historia. En un a\u00f1o se registraron cerca de 300 agresiones a periodistas; m\u00e1s de la mitad perpetradas por servidores p\u00fablicos. \u201cEse es el tama\u00f1o de la tragedia que hoy estamos viviendo\u201d.<\/p>\n<p>Agreg\u00f3 que la crisis de seguridad no se resolver\u00e1 sin antes solucionar la crisis de derechos humanos existente. El diputado pidi\u00f3 citar al titular de la Secretar\u00eda de Gobernaci\u00f3n (Segob) para que explique por qu\u00e9 murieron 11 periodistas el a\u00f1o pasado y ocho en el actual; y al titular de la Procuradur\u00eda General de la Rep\u00fablica (PGR) para que explique por qu\u00e9 solamente hay tres condenas por haber matado a periodistas en el pa\u00eds.<\/p>\n<p>Al fijar la posici\u00f3n del Grupo Parlamentario del PVEM, la diputada L\u00eda Lim\u00f3n Garc\u00eda exigi\u00f3 garant\u00edas para quienes ejercen el periodismo, ya que su ejercicio libre, es pieza clave en la vida democr\u00e1tica. Desde nuestro \u00e1mbito, dijo, nos pronunciamos para que se aplique todo el peso de la ley a quienes atentan contra la vida e integridad de este gremio.<\/p>\n<p>Hizo un llamado a la C\u00e1mara de Diputados para que se otorguen mayores recursos al Mecanismo de protecci\u00f3n a defensores de derechos humanos y periodistas. Adicionalmente, pidi\u00f3 a la Fiscal\u00eda Especializada para la Atenci\u00f3n de Delitos contra la Libertad de Expresi\u00f3n de la PGR, analizar la posibilidad de atraer la investigaci\u00f3n y esclarecer los hechos de manera coordinada y ayudando a instancias locales.<\/p>\n<p>El senador del Grupo Parlamentario del PT, David Monreal \u00c1vila, advirti\u00f3 que las agresiones en contra de comunicadores han tenido un aumento directamente proporcional al crecimiento de la corrupci\u00f3n y la impunidad en M\u00e9xico, \u201clo que significa que los poderosos pretenden callar a punta de pistola a quienes denuncian sus fechor\u00edas\u201d.<\/p>\n<p>Manifest\u00f3 que es momento de que el Congreso de la Uni\u00f3n y la sociedad en su conjunto, respalden y acompa\u00f1en la tarea period\u00edstica, con el objetivo de poner fin a la lista negra de periodistas asesinados.<\/p>\n<p>La senadora del Grupo Parlamentario del PRD, Dolores Padierna Luna, dijo que es facultad del Congreso llamar a cuentas a los principales responsables y, con ello, erradicar la impunidad; por ello, \u201cel procurador General de la Rep\u00fablica tiene que informar del pobre desempe\u00f1o de la Fiscal\u00eda para la Libertad de Expresi\u00f3n\u201d.<\/p>\n<p>Se\u00f1al\u00f3 que la impunidad por la que atraviesa M\u00e9xico, es lo que ha permitido y alentado las agresiones contra las y los periodistas y contin\u00faen en aumento. \u201cLa impunidad mata periodistas, la voz y las letras de quienes nos informan y la construcci\u00f3n de una sociedad democr\u00e1tica\u201d, acot\u00f3.<\/p>\n<p>La senadora Rosa Adriana D\u00edaz Lizama, del Grupo Parlamentario del PAN, destac\u00f3 que el homicidio de Javier Vald\u00e9s es \u201cla gota que derram\u00f3 el vaso ante la omisi\u00f3n de las autoridades\u201d, por lo que el gremio de los comunicadores ha expresado \u201cun grito de dolor\u201d y M\u00e9xico \u201cest\u00e1 en boca de toda la comunidad internacional\u201d.<\/p>\n<p>Consider\u00f3 que, ante este tipo de cr\u00edmenes, el Congreso de la Uni\u00f3n no puede emitir \u201cun simple pronunciamiento, por lo que coincidi\u00f3 en llamar a comparecer al Secretario de Gobernaci\u00f3n y al Procurador de la Rep\u00fablica, pues \u201ctienen que darnos informaci\u00f3n detallada de todas investigaciones\u201d relativas al asesinato de periodistas.<\/p>\n<p>Por el Grupo Parlamentario del PRI, la diputada Martha Hilda Gonz\u00e1lez Calder\u00f3n se sum\u00f3 a las voces que, desde la sociedad civil hasta la Presidencia de la Rep\u00fablica, demandan mejores condiciones para el ejercicio period\u00edstico.<\/p>\n<p>Afirm\u00f3 que este gobierno \u201cha ido m\u00e1s all\u00e1 de los simples discursos\u201d, toda vez que instrument\u00f3 y fortaleci\u00f3 el Mecanismo de Protecci\u00f3n para Personas Defensoras de Derechos Humanos y Periodistas, que implement\u00f3 las medidas que garantizan la vida, integridad, libertad y seguridad de quienes se dedican a estas actividades y que padezcan agresiones.<\/p>\n<p>El senador Benjam\u00edn Robles Montoya, del PT, hizo un llamado a la Comisi\u00f3n Permanente para que defina \u201cde una vez por todas su posici\u00f3n ante la ineptitud del Gobierno Federal\u201d y declare formalmente su condena al Ejecutivo \u201cpor su incapacidad de resolver uno solo de los cr\u00edmenes contra periodistas\u201d que se han perpetrado en el territorio nacional en los \u00faltimos a\u00f1os.<\/p>\n<p>Consider\u00f3 que la Permanente debe reaccionar \u201ccon severidad ante este ciclo de violencia como no lo ha hecho el gobierno\u201d. Nosotros, agreg\u00f3, s\u00ed debemos actuar con responsabilidad y pidi\u00f3 solicitar al Presidente que destituya al Secretario de Gobernaci\u00f3n, pues ha demostrado que \u201cno tiene la voluntad ni la habilidad necesarias para responder eficazmente al pueblo de M\u00e9xico\u201d.<\/p>\n<p>La senadora del PRI, Diva Hadamira Gast\u00e9lum Bajo, dijo que el reparto de culpas \u201cno nos lleva a absolutamente a nada\u201d y asegur\u00f3 que lo que est\u00e1 pasando en este momento no es responsabilidad solamente del gobierno de la Rep\u00fablica, sino del Estado mexicano.<\/p>\n<p>Dej\u00f3 en claro que el asesinato de periodistas y de derechos humanos no es un problema de una sola persona ni de un gabinete; se trata, subray\u00f3, de un problema secuencial que se ha agudizado con el paso del tiempo, donde hemos visto cada vez mayor conflicto.<\/p>\n<p><iframe loading=\"lazy\" title=\"Sesi\u00f3n de la Comisi\u00f3n Permanente\" width=\"740\" height=\"416\" src=\"https:\/\/www.youtube.com\/embed\/k6tOCgs6edY?feature=oembed\" frameborder=\"0\" allow=\"accelerometer; autoplay; clipboard-write; encrypted-media; gyroscope; picture-in-picture; web-share\" referrerpolicy=\"strict-origin-when-cross-origin\" allowfullscreen><\/iframe><\/p>\n","protected":false},"excerpt":{"rendered":"<p>AGENCIA SIC. 17 de may0.-\u00a0El presidente de la Comisi\u00f3n Permanente del Congreso de la Uni\u00f3n, senador Pablo Escudero Morales, expres\u00f3,&#8230;<\/p>\n","protected":false},"author":1,"featured_media":0,"comment_status":"closed","ping_status":"open","sticky":false,"template":"","format":"standard","meta":{"footnotes":""},"categories":[27,4120,4119],"tags":[],"class_list":["post-65955","post","type-post","status-publish","format-standard","hentry","category-congreso-de-la-union","category-periodistas","category-prensa"],"yoast_head":"<!-- This site is optimized with the Yoast SEO plugin v26.5 - https:\/\/yoast.com\/wordpress\/plugins\/seo\/ -->\n<title>Condenan en la Permanente agresi\u00f3n y asesinato de periodistas - NOTICIAS<\/title>\n<meta name=\"robots\" content=\"index, follow, max-snippet:-1, max-image-preview:large, max-video-preview:-1\" \/>\n<link rel=\"canonical\" href=\"https:\/\/laredsocial-noticias.com\/wp\/condenan-en-la-permanente-agresion-y-asesinato-de-periodistas\/\" \/>\n<meta property=\"og:locale\" content=\"es_ES\" \/>\n<meta property=\"og:type\" content=\"article\" \/>\n<meta property=\"og:title\" content=\"Condenan en la Permanente agresi\u00f3n y asesinato de periodistas - NOTICIAS\" \/>\n<meta property=\"og:description\" content=\"AGENCIA SIC. 17 de may0.-\u00a0El presidente de la Comisi\u00f3n Permanente del Congreso de la Uni\u00f3n, senador Pablo Escudero Morales, expres\u00f3,...\" \/>\n<meta property=\"og:url\" content=\"https:\/\/laredsocial-noticias.com\/wp\/condenan-en-la-permanente-agresion-y-asesinato-de-periodistas\/\" \/>\n<meta property=\"og:site_name\" content=\"NOTICIAS\" \/>\n<meta property=\"article:published_time\" content=\"2017-05-18T00:41:29+00:00\" \/>\n<meta property=\"og:image\" content=\"https:\/\/laredsocial-noticias.com\/wp\/wp-content\/uploads\/2017\/05\/Pablo-Escudero-1.jpg\" \/>\n\t<meta property=\"og:image:width\" content=\"600\" \/>\n\t<meta property=\"og:image:height\" content=\"326\" \/>\n\t<meta property=\"og:image:type\" content=\"image\/jpeg\" \/>\n<meta name=\"author\" content=\"Editor en Jefe\" \/>\n<meta name=\"twitter:card\" content=\"summary_large_image\" \/>\n<meta name=\"twitter:label1\" content=\"Escrito por\" \/>\n\t<meta name=\"twitter:data1\" content=\"Editor en Jefe\" \/>\n\t<meta name=\"twitter:label2\" content=\"Tiempo de lectura\" \/>\n\t<meta name=\"twitter:data2\" content=\"7 minutos\" \/>\n<!-- \/ Yoast SEO plugin. -->","yoast_head_json":{"title":"Condenan en la Permanente agresi\u00f3n y asesinato de periodistas - NOTICIAS","robots":{"index":"index","follow":"follow","max-snippet":"max-snippet:-1","max-image-preview":"max-image-preview:large","max-video-preview":"max-video-preview:-1"},"canonical":"https:\/\/laredsocial-noticias.com\/wp\/condenan-en-la-permanente-agresion-y-asesinato-de-periodistas\/","og_locale":"es_ES","og_type":"article","og_title":"Condenan en la Permanente agresi\u00f3n y asesinato de periodistas - NOTICIAS","og_description":"AGENCIA SIC. 17 de may0.-\u00a0El presidente de la Comisi\u00f3n Permanente del Congreso de la Uni\u00f3n, senador Pablo Escudero Morales, expres\u00f3,...","og_url":"https:\/\/laredsocial-noticias.com\/wp\/condenan-en-la-permanente-agresion-y-asesinato-de-periodistas\/","og_site_name":"NOTICIAS","article_published_time":"2017-05-18T00:41:29+00:00","og_image":[{"width":600,"height":326,"url":"https:\/\/laredsocial-noticias.com\/wp\/wp-content\/uploads\/2017\/05\/Pablo-Escudero-1.jpg","type":"image\/jpeg"}],"author":"Editor en Jefe","twitter_card":"summary_large_image","twitter_misc":{"Escrito por":"Editor en Jefe","Tiempo de lectura":"7 minutos"},"schema":{"@context":"https:\/\/schema.org","@graph":[{"@type":"WebPage","@id":"https:\/\/laredsocial-noticias.com\/wp\/condenan-en-la-permanente-agresion-y-asesinato-de-periodistas\/","url":"https:\/\/laredsocial-noticias.com\/wp\/condenan-en-la-permanente-agresion-y-asesinato-de-periodistas\/","name":"Condenan en la Permanente agresi\u00f3n y asesinato de periodistas - NOTICIAS","isPartOf":{"@id":"https:\/\/laredsocial-noticias.com\/wp\/#website"},"primaryImageOfPage":{"@id":"https:\/\/laredsocial-noticias.com\/wp\/condenan-en-la-permanente-agresion-y-asesinato-de-periodistas\/#primaryimage"},"image":{"@id":"https:\/\/laredsocial-noticias.com\/wp\/condenan-en-la-permanente-agresion-y-asesinato-de-periodistas\/#primaryimage"},"thumbnailUrl":"http:\/\/laredsocial-noticias.com\/wp\/wp-content\/uploads\/2017\/05\/Pablo-Escudero-1.jpg","datePublished":"2017-05-18T00:41:29+00:00","author":{"@id":"https:\/\/laredsocial-noticias.com\/wp\/#\/schema\/person\/0ce78643f2de7aae6f6ef10e8453a6e0"},"breadcrumb":{"@id":"https:\/\/laredsocial-noticias.com\/wp\/condenan-en-la-permanente-agresion-y-asesinato-de-periodistas\/#breadcrumb"},"inLanguage":"es","potentialAction":[{"@type":"ReadAction","target":["https:\/\/laredsocial-noticias.com\/wp\/condenan-en-la-permanente-agresion-y-asesinato-de-periodistas\/"]}]},{"@type":"ImageObject","inLanguage":"es","@id":"https:\/\/laredsocial-noticias.com\/wp\/condenan-en-la-permanente-agresion-y-asesinato-de-periodistas\/#primaryimage","url":"","contentUrl":""},{"@type":"BreadcrumbList","@id":"https:\/\/laredsocial-noticias.com\/wp\/condenan-en-la-permanente-agresion-y-asesinato-de-periodistas\/#breadcrumb","itemListElement":[{"@type":"ListItem","position":1,"name":"Portada","item":"https:\/\/laredsocial-noticias.com\/wp\/"},{"@type":"ListItem","position":2,"name":"Condenan en la Permanente agresi\u00f3n y asesinato de periodistas"}]},{"@type":"WebSite","@id":"https:\/\/laredsocial-noticias.com\/wp\/#website","url":"https:\/\/laredsocial-noticias.com\/wp\/","name":"NOTICIAS","description":"Lo que se ve y se dice en las redes sociales","potentialAction":[{"@type":"SearchAction","target":{"@type":"EntryPoint","urlTemplate":"https:\/\/laredsocial-noticias.com\/wp\/?s={search_term_string}"},"query-input":{"@type":"PropertyValueSpecification","valueRequired":true,"valueName":"search_term_string"}}],"inLanguage":"es"},{"@type":"Person","@id":"https:\/\/laredsocial-noticias.com\/wp\/#\/schema\/person\/0ce78643f2de7aae6f6ef10e8453a6e0","name":"Editor en Jefe","url":"https:\/\/laredsocial-noticias.com\/wp\/author\/jorgeochoa\/"}]}},"_links":{"self":[{"href":"https:\/\/laredsocial-noticias.com\/wp\/wp-json\/wp\/v2\/posts\/65955","targetHints":{"allow":["GET"]}}],"collection":[{"href":"https:\/\/laredsocial-noticias.com\/wp\/wp-json\/wp\/v2\/posts"}],"about":[{"href":"https:\/\/laredsocial-noticias.com\/wp\/wp-json\/wp\/v2\/types\/post"}],"author":[{"embeddable":true,"href":"https:\/\/laredsocial-noticias.com\/wp\/wp-json\/wp\/v2\/users\/1"}],"replies":[{"embeddable":true,"href":"https:\/\/laredsocial-noticias.com\/wp\/wp-json\/wp\/v2\/comments?post=65955"}],"version-history":[{"count":1,"href":"https:\/\/laredsocial-noticias.com\/wp\/wp-json\/wp\/v2\/posts\/65955\/revisions"}],"predecessor-version":[{"id":65956,"href":"https:\/\/laredsocial-noticias.com\/wp\/wp-json\/wp\/v2\/posts\/65955\/revisions\/65956"}],"wp:attachment":[{"href":"https:\/\/laredsocial-noticias.com\/wp\/wp-json\/wp\/v2\/media?parent=65955"}],"wp:term":[{"taxonomy":"category","embeddable":true,"href":"https:\/\/laredsocial-noticias.com\/wp\/wp-json\/wp\/v2\/categories?post=65955"},{"taxonomy":"post_tag","embeddable":true,"href":"https:\/\/laredsocial-noticias.com\/wp\/wp-json\/wp\/v2\/tags?post=65955"}],"curies":[{"name":"wp","href":"https:\/\/api.w.org\/{rel}","templated":true}]}}