{"id":6703,"date":"2016-04-23T14:41:26","date_gmt":"2016-04-23T19:41:26","guid":{"rendered":"http:\/\/laredsocial-noticias.com\/wp\/?p=6703"},"modified":"2016-04-23T14:41:36","modified_gmt":"2016-04-23T19:41:36","slug":"altas-tasas-de-encarcelamiento-afectan-economia-de-eua","status":"publish","type":"post","link":"https:\/\/laredsocial-noticias.com\/wp\/altas-tasas-de-encarcelamiento-afectan-economia-de-eua\/","title":{"rendered":"Altas tasas de encarcelamiento afectan econom\u00eda de EUA"},"content":{"rendered":"<p><strong>WASHINGTON, 23 DE ABRIL (C\u00cdRCULO DIGITAL).-\u00a0<\/strong>La econom\u00eda de Estados Unidos es afectada por las altas tasas de encarcelamiento y sentencias prolongadas, que aquejan en especial a hispanos y afroestadunidenses, revel\u00f3 un reporte oficial divulgado hoy.<\/p>\n<p>Realizado por el Consejo de Asesores Econ\u00f3micos (CEA) del presidente estadunidense Barack Obama, el reporte se\u00f1al\u00f3 que la medici\u00f3n econ\u00f3mica puede ser una \u00fatil herramienta para sopesar sobre los costos y beneficios de la reforma del sistema de justicia criminal.<\/p>\n<p>El informe fue preparado en anticipaci\u00f3n de un encuentro entre expertos y funcionarios de gobierno para discutir sus hallazgos, en el marco de la Semana Nacional de Reingreso, dedicada a discutir la situaci\u00f3n del sistema penitenciario nacional.<\/p>\n<p>Los llamados para esta reforma se han intensificado en a\u00f1os recientes debido en gran medida a los altos niveles de encarcelamiento que registra Estados Unidos, ya que es el primer pa\u00eds en el mundo con el mayor n\u00famero de personas en prisi\u00f3n.<\/p>\n<p>Los 2.2 millones de personas que en la actualidad hay en las c\u00e1rceles de Estados Unidos representa un incremento de 220 por ciento respecto a la poblaci\u00f3n carcelaria que exist\u00eda en 1980.<\/p>\n<p>Durante ese mismo periodo la tasa de cr\u00edmenes violentos se redujo en 39 por ciento.<\/p>\n<p>El alza en el n\u00famero de la poblaci\u00f3n carcelaria es resultado de penas m\u00e1s severas y cambios en las pol\u00edticas de arrestos, en particular asociados con drogas, mientras que la baja en la criminalidad ha sido resultado de varios factores, incluyendo econ\u00f3micos, explic\u00f3 el reporte.<\/p>\n<p>Destac\u00f3 que las altas cifras de encarcelamiento afectan en especial a hispanos y afrodescendientes, adem\u00e1s de personas pobres, drogadictos y aquellas con enfermedades mentales.<\/p>\n<p>Aunque hispanos y afroestadunidenses representan el 30 por ciento de la poblaci\u00f3n total del pa\u00eds, ambos grupos componen casi 50 por ciento de la poblaci\u00f3n carcelaria.<\/p>\n<p>\u201cUn amplio espectro de investigaciones ha encontrado que por ofensas similares, hispanos y negros son m\u00e1s propensos a ser detenidos, sometidos a revisiones, convictos y sentenciados con penas severas que los blancos\u201d, apunt\u00f3 el reporte.<\/p>\n<p>El CEA argument\u00f3 que los beneficios de reducir la criminalidad incluyen una reducci\u00f3n en da\u00f1os a propiedad, cosos m\u00e9dicos, y que mantener altas tasas de encarcelamiento no se traducir\u00e1 en menores tasas de criminalidad.<\/p>\n<p>\u201cInvertir en pol\u00edticas y fuerzas de seguridad que mejoren las oportunidades en el mercado laboral y logros educativos pueden tener mayor impacto en reducir el crimen, contrario a agregar a la poblaci\u00f3n carcelaria\u201d, precis\u00f3 el reporte.<\/p>\n","protected":false},"excerpt":{"rendered":"<p>WASHINGTON, 23 DE ABRIL (C\u00cdRCULO DIGITAL).-\u00a0La econom\u00eda de Estados Unidos es afectada por las altas tasas de encarcelamiento y sentencias&#8230;<\/p>\n","protected":false},"author":1,"featured_media":0,"comment_status":"closed","ping_status":"closed","sticky":false,"template":"","format":"standard","meta":{"footnotes":""},"categories":[101,73],"tags":[145,77],"class_list":["post-6703","post","type-post","status-publish","format-standard","hentry","category-internacional","category-principal","tag-internacional","tag-principal"],"yoast_head":"<!-- This site is optimized with the Yoast SEO plugin v26.5 - https:\/\/yoast.com\/wordpress\/plugins\/seo\/ -->\n<title>Altas tasas de encarcelamiento afectan econom\u00eda de EUA - NOTICIAS<\/title>\n<meta name=\"robots\" content=\"index, follow, max-snippet:-1, max-image-preview:large, max-video-preview:-1\" \/>\n<link rel=\"canonical\" href=\"https:\/\/laredsocial-noticias.com\/wp\/altas-tasas-de-encarcelamiento-afectan-economia-de-eua\/\" \/>\n<meta property=\"og:locale\" content=\"es_ES\" \/>\n<meta property=\"og:type\" content=\"article\" \/>\n<meta property=\"og:title\" content=\"Altas tasas de encarcelamiento afectan econom\u00eda de EUA - NOTICIAS\" \/>\n<meta property=\"og:description\" content=\"WASHINGTON, 23 DE ABRIL (C\u00cdRCULO DIGITAL).-\u00a0La econom\u00eda de Estados Unidos es afectada por las altas tasas de encarcelamiento y sentencias...\" \/>\n<meta property=\"og:url\" content=\"https:\/\/laredsocial-noticias.com\/wp\/altas-tasas-de-encarcelamiento-afectan-economia-de-eua\/\" \/>\n<meta property=\"og:site_name\" content=\"NOTICIAS\" \/>\n<meta property=\"article:published_time\" content=\"2016-04-23T19:41:26+00:00\" \/>\n<meta property=\"article:modified_time\" content=\"2016-04-23T19:41:36+00:00\" \/>\n<meta name=\"author\" content=\"Editor en Jefe\" \/>\n<meta name=\"twitter:card\" content=\"summary_large_image\" \/>\n<meta name=\"twitter:label1\" content=\"Escrito por\" \/>\n\t<meta name=\"twitter:data1\" content=\"Editor en Jefe\" \/>\n\t<meta name=\"twitter:label2\" content=\"Tiempo de lectura\" \/>\n\t<meta name=\"twitter:data2\" content=\"2 minutos\" \/>\n<!-- \/ Yoast SEO plugin. -->","yoast_head_json":{"title":"Altas tasas de encarcelamiento afectan econom\u00eda de EUA - NOTICIAS","robots":{"index":"index","follow":"follow","max-snippet":"max-snippet:-1","max-image-preview":"max-image-preview:large","max-video-preview":"max-video-preview:-1"},"canonical":"https:\/\/laredsocial-noticias.com\/wp\/altas-tasas-de-encarcelamiento-afectan-economia-de-eua\/","og_locale":"es_ES","og_type":"article","og_title":"Altas tasas de encarcelamiento afectan econom\u00eda de EUA - NOTICIAS","og_description":"WASHINGTON, 23 DE ABRIL (C\u00cdRCULO DIGITAL).-\u00a0La econom\u00eda de Estados Unidos es afectada por las altas tasas de encarcelamiento y sentencias...","og_url":"https:\/\/laredsocial-noticias.com\/wp\/altas-tasas-de-encarcelamiento-afectan-economia-de-eua\/","og_site_name":"NOTICIAS","article_published_time":"2016-04-23T19:41:26+00:00","article_modified_time":"2016-04-23T19:41:36+00:00","author":"Editor en Jefe","twitter_card":"summary_large_image","twitter_misc":{"Escrito por":"Editor en Jefe","Tiempo de lectura":"2 minutos"},"schema":{"@context":"https:\/\/schema.org","@graph":[{"@type":"WebPage","@id":"https:\/\/laredsocial-noticias.com\/wp\/altas-tasas-de-encarcelamiento-afectan-economia-de-eua\/","url":"https:\/\/laredsocial-noticias.com\/wp\/altas-tasas-de-encarcelamiento-afectan-economia-de-eua\/","name":"Altas tasas de encarcelamiento afectan econom\u00eda de EUA - NOTICIAS","isPartOf":{"@id":"https:\/\/laredsocial-noticias.com\/wp\/#website"},"datePublished":"2016-04-23T19:41:26+00:00","dateModified":"2016-04-23T19:41:36+00:00","author":{"@id":"https:\/\/laredsocial-noticias.com\/wp\/#\/schema\/person\/0ce78643f2de7aae6f6ef10e8453a6e0"},"breadcrumb":{"@id":"https:\/\/laredsocial-noticias.com\/wp\/altas-tasas-de-encarcelamiento-afectan-economia-de-eua\/#breadcrumb"},"inLanguage":"es","potentialAction":[{"@type":"ReadAction","target":["https:\/\/laredsocial-noticias.com\/wp\/altas-tasas-de-encarcelamiento-afectan-economia-de-eua\/"]}]},{"@type":"BreadcrumbList","@id":"https:\/\/laredsocial-noticias.com\/wp\/altas-tasas-de-encarcelamiento-afectan-economia-de-eua\/#breadcrumb","itemListElement":[{"@type":"ListItem","position":1,"name":"Portada","item":"https:\/\/laredsocial-noticias.com\/wp\/"},{"@type":"ListItem","position":2,"name":"Altas tasas de encarcelamiento afectan econom\u00eda de EUA"}]},{"@type":"WebSite","@id":"https:\/\/laredsocial-noticias.com\/wp\/#website","url":"https:\/\/laredsocial-noticias.com\/wp\/","name":"NOTICIAS","description":"Lo que se ve y se dice en las redes sociales","potentialAction":[{"@type":"SearchAction","target":{"@type":"EntryPoint","urlTemplate":"https:\/\/laredsocial-noticias.com\/wp\/?s={search_term_string}"},"query-input":{"@type":"PropertyValueSpecification","valueRequired":true,"valueName":"search_term_string"}}],"inLanguage":"es"},{"@type":"Person","@id":"https:\/\/laredsocial-noticias.com\/wp\/#\/schema\/person\/0ce78643f2de7aae6f6ef10e8453a6e0","name":"Editor en Jefe","url":"https:\/\/laredsocial-noticias.com\/wp\/author\/jorgeochoa\/"}]}},"_links":{"self":[{"href":"https:\/\/laredsocial-noticias.com\/wp\/wp-json\/wp\/v2\/posts\/6703","targetHints":{"allow":["GET"]}}],"collection":[{"href":"https:\/\/laredsocial-noticias.com\/wp\/wp-json\/wp\/v2\/posts"}],"about":[{"href":"https:\/\/laredsocial-noticias.com\/wp\/wp-json\/wp\/v2\/types\/post"}],"author":[{"embeddable":true,"href":"https:\/\/laredsocial-noticias.com\/wp\/wp-json\/wp\/v2\/users\/1"}],"replies":[{"embeddable":true,"href":"https:\/\/laredsocial-noticias.com\/wp\/wp-json\/wp\/v2\/comments?post=6703"}],"version-history":[{"count":1,"href":"https:\/\/laredsocial-noticias.com\/wp\/wp-json\/wp\/v2\/posts\/6703\/revisions"}],"predecessor-version":[{"id":6704,"href":"https:\/\/laredsocial-noticias.com\/wp\/wp-json\/wp\/v2\/posts\/6703\/revisions\/6704"}],"wp:attachment":[{"href":"https:\/\/laredsocial-noticias.com\/wp\/wp-json\/wp\/v2\/media?parent=6703"}],"wp:term":[{"taxonomy":"category","embeddable":true,"href":"https:\/\/laredsocial-noticias.com\/wp\/wp-json\/wp\/v2\/categories?post=6703"},{"taxonomy":"post_tag","embeddable":true,"href":"https:\/\/laredsocial-noticias.com\/wp\/wp-json\/wp\/v2\/tags?post=6703"}],"curies":[{"name":"wp","href":"https:\/\/api.w.org\/{rel}","templated":true}]}}