{"id":67523,"date":"2017-05-26T09:35:59","date_gmt":"2017-05-26T14:35:59","guid":{"rendered":"http:\/\/laredsocial-noticias.com\/wp\/?p=67523"},"modified":"2017-05-26T09:36:15","modified_gmt":"2017-05-26T14:36:15","slug":"el-clarinetista-britanico-michael-collins-derrochara-su-talento-en-el-palacio-de-bellas-artes","status":"publish","type":"post","link":"https:\/\/laredsocial-noticias.com\/wp\/el-clarinetista-britanico-michael-collins-derrochara-su-talento-en-el-palacio-de-bellas-artes\/","title":{"rendered":"El clarinetista brit\u00e1nico Michael Collins derrochar\u00e1 su talento en el Palacio de Bellas Artes"},"content":{"rendered":"<p><strong>CIDUAD DE M\u00c9XICO, 26 de mayo, (DE VAGOS \/ C\u00cdRCULO DIGITAL).-\u00a0<\/strong><span lang=\"ES-TRAD\">El clarinetista brit\u00e1nico<span class=\"x_m_-2825834582580709424gmail-m_2892962553077238488gmail-apple-converted-space\">\u00a0<\/span><span class=\"x_m_-2825834582580709424gmail-m_2892962553077238488gmail-il\">Michael Collins, considerado uno de los m\u00fasicos m\u00e1s completos de su generaci\u00f3n, ofrecer\u00e1 un concierto al lado del\u00a0<\/span><\/span><span lang=\"ES\">pianista mexicano Mauricio N\u00e1der este s\u00e1bado 27 de mayo a las 17:00 en la Sala Manuel M. Ponce del\u00a0<\/span><span class=\"x_m_-2825834582580709424gmail-m_2892962553077238488gmail-il\"><span lang=\"ES-TRAD\">Palacio de Bellas Artes.<\/span><\/span><\/p>\n<p class=\"x_m_-2825834582580709424gmail-m_2892962553077238488gmail-Cuadrculamediana21\"><span class=\"x_m_-2825834582580709424gmail-m_2892962553077238488gmail-il\"><span lang=\"ES-TRAD\">\u00a0<\/span><\/span><\/p>\n<p class=\"x_m_-2825834582580709424gmail-m_2892962553077238488gmail-Cuadrculamediana21\"><span lang=\"ES\">Dicha presentaci\u00f3n forma parte del ciclo\u00a0<i>M\u00fasica de C\u00e1mara<\/i>, organizado por la Coordinaci\u00f3n Nacional de M\u00fasica y \u00d3pera del Instituto Nacional de Bellas Artes. Para la realizaci\u00f3n de este concierto se cuenta adem\u00e1s\u00a0<\/span><span lang=\"ES-TRAD\">con el apoyo de Anglo Arts de M\u00e9xico.<\/span><\/p>\n<p class=\"x_m_-2825834582580709424gmail-m_2892962553077238488gmail-Cuadrculamediana21\"><span lang=\"ES\">\u00a0<\/span><\/p>\n<p class=\"x_m_-2825834582580709424gmail-m_2892962553077238488gmail-Cuadrculamediana21\"><span lang=\"ES\">En esta ocasi\u00f3n el p\u00fablico podr\u00e1 disfrutar \u201cobras muy contrastantes, de car\u00e1cter dis\u00edmil, pero que juntas dialogan muy bien\u201d, asegur\u00f3 el destacado int\u00e9rprete Mauricio N\u00e1der.<\/span><\/p>\n<p class=\"x_m_-2825834582580709424gmail-m_2892962553077238488gmail-Cuadrculamediana21\"><span lang=\"ES\">Se escuchar\u00e1\u00a0<i>Introducci\u00f3n\u00a0<\/i>y\u00a0<i>Rond\u00f3<\/i><wbr><\/wbr>\u00a0de Charles-Marie Widor (1844-1937);\u00a0<i>Sonata para clarinete n\u00fam. 2, op. 120 n\u00fam. 2<\/i>\u00a0de Johannes Brahms (1833-1897),\u00a0<i>Cinco bagatelas para clarinete y piano<\/i>\u00a0de<i>\u00a0<\/i>Gerald Finzi (1901-1956),\u00a0<i>Dance Preludes para clarinete y piano<\/i>\u00a0de Witold Lutoslawski (1913-1994) y\u00a0<i>Sonata FP 184 para clarinete y piano<\/i>\u00a0de<i>\u00a0<\/i>Francis Poulenc (1899-1963).<\/span><\/p>\n<p class=\"x_m_-2825834582580709424gmail-m_2892962553077238488gmail-Cuadrculamediana21\"><span lang=\"ES\">\u00a0<\/span><\/p>\n<p class=\"x_m_-2825834582580709424gmail-m_2892962553077238488gmail-Cuadrculamediana21\"><span lang=\"ES\">El pianista mexicano dijo que estas piezas discurren por distintos estados: Brahms es cl\u00e1sico y su obra muy seria; Poulenc tiene lugares expresivos y divertidos, movimientos muy brillantes y l\u00edricos, mientras que la obra de Widor es rom\u00e1ntica pero muy l\u00facida para el clarinete y el piano.<\/span><\/p>\n<p class=\"x_m_-2825834582580709424gmail-m_2892962553077238488gmail-Cuadrculamediana21\"><span lang=\"ES\">Por otro lado, los movimientos de Finzi y Lutoslawski tienen motivos folcl\u00f3ricos y juguetones, con mucho humor, donde se hace evidente el lenguaje del siglo XX, no en el sentido de disonancia, sino de un retorno como a los muralismos, a los modos antiguos de la m\u00fasica.<\/span><\/p>\n<p class=\"x_m_-2825834582580709424gmail-m_2892962553077238488gmail-Cuadrculamediana21\"><span lang=\"ES\">\u00a0<\/span><\/p>\n<p class=\"x_m_-2825834582580709424gmail-m_2892962553077238488gmail-Cuadrculamediana21\"><span lang=\"ES\">N\u00e1der confes\u00f3 que se siente contento de compartir escenario con<span class=\"x_m_-2825834582580709424gmail-m_2892962553077238488gmail-il\">\u00a0<\/span><\/span><span class=\"x_m_-2825834582580709424gmail-m_2892962553077238488gmail-il\"><span lang=\"ES-TRAD\">Michael Collins, con quien ha logrado\u00a0<\/span><\/span><span lang=\"ES\">congeniar a nivel personal y musical.<\/span><\/p>\n<p class=\"x_m_-2825834582580709424gmail-m_2892962553077238488gmail-Cuadrculamediana21\"><span lang=\"ES\">\u00a0<\/span><\/p>\n<p class=\"x_m_-2825834582580709424gmail-m_2892962553077238488gmail-Cuadrculamediana21\"><span lang=\"ES\">\u201cEs un gran m\u00fasico, quien tenga la oportunidad de irnos a ver se va a dar cuenta que no solo el programa es maravilloso sino que adem\u00e1s \u00e9l domina muy bien este repertorio, lo toca desde que era ni\u00f1o y lo conoce al derecho y al rev\u00e9s, es una experiencia genial\u201d.<\/span><\/p>\n<p class=\"x_m_-2825834582580709424gmail-m_2892962553077238488gmail-Cuadrculamediana21\"><span lang=\"ES\">\u00a0<\/span><\/p>\n<p class=\"x_m_-2825834582580709424gmail-m_2892962553077238488gmail-Cuadrculamediana21\"><span lang=\"ES\">Y agreg\u00f3: \u201cEstoy muy complacido, ojal\u00e1 que mucha gente nos acompa\u00f1e. Para quienes no van mucho a este tipo de conciertos es una excelente oportunidad porque el programa es muy digerible y amigable\u201d.<\/span><\/p>\n","protected":false},"excerpt":{"rendered":"<p>CIDUAD DE M\u00c9XICO, 26 de mayo, (DE VAGOS \/ C\u00cdRCULO DIGITAL).-\u00a0El clarinetista brit\u00e1nico\u00a0Michael Collins, considerado uno de los m\u00fasicos m\u00e1s&#8230;<\/p>\n","protected":false},"author":1,"featured_media":0,"comment_status":"closed","ping_status":"closed","sticky":false,"template":"","format":"standard","meta":{"footnotes":""},"categories":[1796,946,2877],"tags":[1217,2831],"class_list":["post-67523","post","type-post","status-publish","format-standard","hentry","category-circulodigital","category-cultura-y-entretenimiento","category-musica","tag-cultura-y-entretenimiento","tag-musica"],"yoast_head":"<!-- This site is optimized with the Yoast SEO plugin v26.5 - https:\/\/yoast.com\/wordpress\/plugins\/seo\/ -->\n<title>El clarinetista brit\u00e1nico Michael Collins derrochar\u00e1 su talento en el Palacio de Bellas Artes - NOTICIAS<\/title>\n<meta name=\"robots\" content=\"index, follow, max-snippet:-1, max-image-preview:large, max-video-preview:-1\" \/>\n<link rel=\"canonical\" href=\"https:\/\/laredsocial-noticias.com\/wp\/el-clarinetista-britanico-michael-collins-derrochara-su-talento-en-el-palacio-de-bellas-artes\/\" \/>\n<meta property=\"og:locale\" content=\"es_ES\" \/>\n<meta property=\"og:type\" content=\"article\" \/>\n<meta property=\"og:title\" content=\"El clarinetista brit\u00e1nico Michael Collins derrochar\u00e1 su talento en el Palacio de Bellas Artes - NOTICIAS\" \/>\n<meta property=\"og:description\" content=\"CIDUAD DE M\u00c9XICO, 26 de mayo, (DE VAGOS \/ C\u00cdRCULO DIGITAL).-\u00a0El clarinetista brit\u00e1nico\u00a0Michael Collins, considerado uno de los m\u00fasicos m\u00e1s...\" \/>\n<meta property=\"og:url\" content=\"https:\/\/laredsocial-noticias.com\/wp\/el-clarinetista-britanico-michael-collins-derrochara-su-talento-en-el-palacio-de-bellas-artes\/\" \/>\n<meta property=\"og:site_name\" content=\"NOTICIAS\" \/>\n<meta property=\"article:published_time\" content=\"2017-05-26T14:35:59+00:00\" \/>\n<meta property=\"article:modified_time\" content=\"2017-05-26T14:36:15+00:00\" \/>\n<meta property=\"og:image\" content=\"https:\/\/laredsocial-noticias.com\/wp\/wp-content\/uploads\/2017\/05\/Michael-Collins-e1495809346690.png\" \/>\n\t<meta property=\"og:image:width\" content=\"600\" \/>\n\t<meta property=\"og:image:height\" content=\"598\" \/>\n\t<meta property=\"og:image:type\" content=\"image\/png\" \/>\n<meta name=\"author\" content=\"Editor en Jefe\" \/>\n<meta name=\"twitter:card\" content=\"summary_large_image\" \/>\n<meta name=\"twitter:label1\" content=\"Escrito por\" \/>\n\t<meta name=\"twitter:data1\" content=\"Editor en Jefe\" \/>\n\t<meta name=\"twitter:label2\" content=\"Tiempo de lectura\" \/>\n\t<meta name=\"twitter:data2\" content=\"2 minutos\" \/>\n<!-- \/ Yoast SEO plugin. -->","yoast_head_json":{"title":"El clarinetista brit\u00e1nico Michael Collins derrochar\u00e1 su talento en el Palacio de Bellas Artes - NOTICIAS","robots":{"index":"index","follow":"follow","max-snippet":"max-snippet:-1","max-image-preview":"max-image-preview:large","max-video-preview":"max-video-preview:-1"},"canonical":"https:\/\/laredsocial-noticias.com\/wp\/el-clarinetista-britanico-michael-collins-derrochara-su-talento-en-el-palacio-de-bellas-artes\/","og_locale":"es_ES","og_type":"article","og_title":"El clarinetista brit\u00e1nico Michael Collins derrochar\u00e1 su talento en el Palacio de Bellas Artes - NOTICIAS","og_description":"CIDUAD DE M\u00c9XICO, 26 de mayo, (DE VAGOS \/ C\u00cdRCULO DIGITAL).-\u00a0El clarinetista brit\u00e1nico\u00a0Michael Collins, considerado uno de los m\u00fasicos m\u00e1s...","og_url":"https:\/\/laredsocial-noticias.com\/wp\/el-clarinetista-britanico-michael-collins-derrochara-su-talento-en-el-palacio-de-bellas-artes\/","og_site_name":"NOTICIAS","article_published_time":"2017-05-26T14:35:59+00:00","article_modified_time":"2017-05-26T14:36:15+00:00","og_image":[{"width":600,"height":598,"url":"https:\/\/laredsocial-noticias.com\/wp\/wp-content\/uploads\/2017\/05\/Michael-Collins-e1495809346690.png","type":"image\/png"}],"author":"Editor en Jefe","twitter_card":"summary_large_image","twitter_misc":{"Escrito por":"Editor en Jefe","Tiempo de lectura":"2 minutos"},"schema":{"@context":"https:\/\/schema.org","@graph":[{"@type":"WebPage","@id":"https:\/\/laredsocial-noticias.com\/wp\/el-clarinetista-britanico-michael-collins-derrochara-su-talento-en-el-palacio-de-bellas-artes\/","url":"https:\/\/laredsocial-noticias.com\/wp\/el-clarinetista-britanico-michael-collins-derrochara-su-talento-en-el-palacio-de-bellas-artes\/","name":"El clarinetista brit\u00e1nico Michael Collins derrochar\u00e1 su talento en el Palacio de Bellas Artes - NOTICIAS","isPartOf":{"@id":"https:\/\/laredsocial-noticias.com\/wp\/#website"},"datePublished":"2017-05-26T14:35:59+00:00","dateModified":"2017-05-26T14:36:15+00:00","author":{"@id":"https:\/\/laredsocial-noticias.com\/wp\/#\/schema\/person\/0ce78643f2de7aae6f6ef10e8453a6e0"},"breadcrumb":{"@id":"https:\/\/laredsocial-noticias.com\/wp\/el-clarinetista-britanico-michael-collins-derrochara-su-talento-en-el-palacio-de-bellas-artes\/#breadcrumb"},"inLanguage":"es","potentialAction":[{"@type":"ReadAction","target":["https:\/\/laredsocial-noticias.com\/wp\/el-clarinetista-britanico-michael-collins-derrochara-su-talento-en-el-palacio-de-bellas-artes\/"]}]},{"@type":"BreadcrumbList","@id":"https:\/\/laredsocial-noticias.com\/wp\/el-clarinetista-britanico-michael-collins-derrochara-su-talento-en-el-palacio-de-bellas-artes\/#breadcrumb","itemListElement":[{"@type":"ListItem","position":1,"name":"Portada","item":"https:\/\/laredsocial-noticias.com\/wp\/"},{"@type":"ListItem","position":2,"name":"El clarinetista brit\u00e1nico Michael Collins derrochar\u00e1 su talento en el Palacio de Bellas Artes"}]},{"@type":"WebSite","@id":"https:\/\/laredsocial-noticias.com\/wp\/#website","url":"https:\/\/laredsocial-noticias.com\/wp\/","name":"NOTICIAS","description":"Lo que se ve y se dice en las redes sociales","potentialAction":[{"@type":"SearchAction","target":{"@type":"EntryPoint","urlTemplate":"https:\/\/laredsocial-noticias.com\/wp\/?s={search_term_string}"},"query-input":{"@type":"PropertyValueSpecification","valueRequired":true,"valueName":"search_term_string"}}],"inLanguage":"es"},{"@type":"Person","@id":"https:\/\/laredsocial-noticias.com\/wp\/#\/schema\/person\/0ce78643f2de7aae6f6ef10e8453a6e0","name":"Editor en Jefe","url":"https:\/\/laredsocial-noticias.com\/wp\/author\/jorgeochoa\/"}]}},"_links":{"self":[{"href":"https:\/\/laredsocial-noticias.com\/wp\/wp-json\/wp\/v2\/posts\/67523","targetHints":{"allow":["GET"]}}],"collection":[{"href":"https:\/\/laredsocial-noticias.com\/wp\/wp-json\/wp\/v2\/posts"}],"about":[{"href":"https:\/\/laredsocial-noticias.com\/wp\/wp-json\/wp\/v2\/types\/post"}],"author":[{"embeddable":true,"href":"https:\/\/laredsocial-noticias.com\/wp\/wp-json\/wp\/v2\/users\/1"}],"replies":[{"embeddable":true,"href":"https:\/\/laredsocial-noticias.com\/wp\/wp-json\/wp\/v2\/comments?post=67523"}],"version-history":[{"count":1,"href":"https:\/\/laredsocial-noticias.com\/wp\/wp-json\/wp\/v2\/posts\/67523\/revisions"}],"predecessor-version":[{"id":67524,"href":"https:\/\/laredsocial-noticias.com\/wp\/wp-json\/wp\/v2\/posts\/67523\/revisions\/67524"}],"wp:attachment":[{"href":"https:\/\/laredsocial-noticias.com\/wp\/wp-json\/wp\/v2\/media?parent=67523"}],"wp:term":[{"taxonomy":"category","embeddable":true,"href":"https:\/\/laredsocial-noticias.com\/wp\/wp-json\/wp\/v2\/categories?post=67523"},{"taxonomy":"post_tag","embeddable":true,"href":"https:\/\/laredsocial-noticias.com\/wp\/wp-json\/wp\/v2\/tags?post=67523"}],"curies":[{"name":"wp","href":"https:\/\/api.w.org\/{rel}","templated":true}]}}